{"id":33212,"date":"2022-09-23T09:02:11","date_gmt":"2022-09-23T08:02:11","guid":{"rendered":"http:\/\/granadacostanacional.es\/?p=33212"},"modified":"2022-09-23T09:02:11","modified_gmt":"2022-09-23T08:02:11","slug":"el-cuento-como-parte-de-la-terapia-intenta-influir-en-el-desarrollo-y-la-personalidad","status":"publish","type":"post","link":"https:\/\/granadacostaglobal.es\/?p=33212","title":{"rendered":"El cuento, como parte de la terapia, intenta influir en el desarrollo y la personalidad"},"content":{"rendered":"<p lang=\"es-ES\" align=\"JUSTIFY\"><span style=\"color: #000000;\"><span style=\"font-family: Arial, sans-serif;\"><span style=\"font-size: medium;\">\u00a0Por la Dra. To\u00f1y Castillo <\/span><\/span><\/span><\/p>\n<p lang=\"es-ES\" align=\"JUSTIFY\"><span style=\"color: #000000;\"><span style=\"font-family: Arial, sans-serif;\"><span style=\"font-size: medium;\">Tomaremos como referencia el cuento como ayuda a la terapia, siendo un recurso\u00a0 que mediante textos puede ayudar al ni\u00f1o\/a, joven e incluso al adulto a extrapolar sus inquietudes y a reconocer situaciones que le ayuden en su estado emocional.<\/span><\/span><\/span><\/p>\n<p align=\"JUSTIFY\"><span style=\"color: #000000;\"><span style=\"font-family: Arial, sans-serif;\"><span style=\"font-size: medium;\">El cuento, como parte de la terapia, intenta influir en el desarrollo y la personalidad mediante el uso del relato, favoreciendo la interrelaci\u00f3n entre el lector y la lectura sugerida.<\/span><\/span><\/span><\/p>\n<p align=\"JUSTIFY\"><span style=\"color: #000000;\"><span style=\"font-family: Arial, sans-serif;\"><span style=\"font-size: medium;\">Hoy no se discute el valor educativo que los cuentos terap\u00e9uticos ejercen sobre los ni\u00f1os. Entendiendo como tal, los niveles de influencia sobre su bienestar emocional en proceso de sufrir adversidad en salud. Quiz\u00e1s, al hablar de esta disciplina deber\u00edamos remontarnos a la necesidad de toda persona a sentirse considerado y formando parte de un espacio donde, la empat\u00eda y la comprensi\u00f3n se una a una actitud que comporte el reconocimiento de todas y cada una de las personas y sus diferencias.<\/span><\/span><\/span><\/p>\n<p align=\"JUSTIFY\"><span style=\"color: #000000;\"><span style=\"font-family: Arial, sans-serif;\"><span style=\"font-size: medium;\">Aportando elementos que ayude a un abordaje en beneficio de nuestra salud ps\u00edquica. Se\u00f1alando como efecto terap\u00e9utico el hecho de introducir a la persona en el reflejo de su propia historia y llegando a la identificaci\u00f3n por sentirse parte de la misma.<\/span><\/span><\/span><\/p>\n<p style=\"text-align: justify;\" align=\"JUSTIFY\"><span style=\"color: #000000;\"><span style=\"font-family: Arial, sans-serif;\"><span style=\"font-size: medium;\"><a href=\"http:\/\/granadacostanacional.es\/wp-content\/uploads\/2022\/09\/cursa8.jpg\"><img decoding=\"async\" loading=\"lazy\" class=\"alignnone size-medium wp-image-33214 alignleft\" src=\"http:\/\/granadacostanacional.es\/wp-content\/uploads\/2022\/09\/cursa8-300x225.jpg\" alt=\"cursa8\" width=\"300\" height=\"225\" \/><\/a>La lectura se considera como un recurso personal donde el lector pueda llegar a ser capaz de leer su propio libro interior y descodificarlo. Marcel Proust (2002). Mientras la lectura sea para nosotros la iniciadora cuyas llaves m\u00e1gicas nos abren en nuestro interior la puerta de estancias a las que hubi\u00e9ramos sabido llegar solos, su papel en nuestra vida es saludable. Se convierte en peligrosa, por el contrario, cuando, en lugar de despertarnos a la vida personal del esp\u00edritu, la lectura tiende a suplantarla, cuando la verdad ya no se presenta como un ideal que no est\u00e9 a nuestro alcance por el progreso \u00edntimo de nuestro pensamiento y el esfuerzo de nuestra voluntad, sino como algo material, abandonado entre hojas de los libros como un fruto madurado por otros y no tenemos m\u00e1s que molestarnos en tomarlo de los estantes de las bibliotecas para saborearlo a continuaci\u00f3n pasivamente.<\/span><\/span><\/span><\/p>\n<p style=\"text-align: justify;\" align=\"JUSTIFY\"><span style=\"color: #000000;\"><span style=\"font-family: Arial, sans-serif;\"><span style=\"font-size: medium;\">Los cuentos han formado parte de nuestras vidas mediante ellos, la imaginaci\u00f3n ha volado a lugares diferentes de nuestro \u201cyo\u201d y el mundo circundante, fortaleciendo nuestra creatividad y ayudando a crecer la personalidad, pero quiz\u00e1s, remarcar\u00edamos el gran poder que estos tienen en la resoluci\u00f3n de los propios conflictos.<\/span><\/span><\/span><\/p>\n<p align=\"JUSTIFY\"><span style=\"color: #000000;\"><span style=\"font-family: Arial, sans-serif;\"><span style=\"font-size: medium;\">Al escuchar una narraci\u00f3n nos introducimos dentro de la historia y esta nos puede ayudar a conocer, reconocer y aceptar los sentimientos que ellas emergen, pudiendo ayudarnos mediante identificaciones al abordaje de situaciones dif\u00edciles y dolorosas de nuestra existencia.<\/span><\/span><\/span><\/p>\n<p align=\"JUSTIFY\"><span style=\"color: #000000;\"><span style=\"font-family: Arial, sans-serif;\"><span style=\"font-size: medium;\">Los cuentos y las narraciones adentran mediante textos sencillos, introducen al lector en historias reales o imaginarias y es en ese instante donde un mundo de historias nacen delante de los ni\u00f1os\/as y adultos con la intencionalidad de potenciar y satisfacer sus vidas interna:<\/span><\/span><\/span><\/p>\n<p align=\"JUSTIFY\"><span style=\"color: #000000;\"><span style=\"font-family: Arial, sans-serif;\"><span style=\"font-size: medium;\">Enriqueciendo aspectos psicol\u00f3gicos y emocionales, ofreciendo, un marco de inmersi\u00f3n donde la imaginaci\u00f3n y la comprensi\u00f3n de situaciones expuestas, puedan ayudar a la aplicaci\u00f3n de soluciones temporales, permanentes o al afrontamiento de sus temores.<\/span><\/span><\/span><\/p>\n<p align=\"JUSTIFY\">Proporcion\u00e1ndoles un entorno de seguridad que permita la comprensi\u00f3n de sentimientos, angustias y actitudes que manifiestan en silencios. Favoreciendo el acercamiento a sus emociones\u2026<\/p>\n<p align=\"JUSTIFY\"><span style=\"color: #000000;\"><span style=\"font-family: Arial, sans-serif;\"><span style=\"font-size: medium;\">Milton Erickson, m\u00e9dico y terapeuta, utilizaba los cuentos did\u00e1cticos en las sesiones que realizaba con sus pacientes, en ellos cargados de met\u00e1foras ingenio, intentaba modificarla, emociones y las conductas convencidas de que las personas ten\u00edan recursos para resolver las situaciones y que la tarea del terapeuta era apoyar la puesta en marcha de estos recursos.<\/span><\/span><\/span><\/p>\n<p align=\"JUSTIFY\"><span style=\"color: #000000;\"><span style=\"font-family: Arial, sans-serif;\"><span style=\"font-size: medium;\">La intencionalidad de utilizar literatura terap\u00e9utica es conseguir cambios positivos en el lector, ya que pueden incidir en el crecimiento personal, estimulando el sentido cr\u00edtico, los valores, inquietudes y conflictos.<\/span><\/span><\/span><\/p>\n<p align=\"JUSTIFY\">\n","protected":false},"excerpt":{"rendered":"<p>\u00a0Por la Dra. To\u00f1y Castillo Tomaremos como referencia el cuento como ayuda a la terapia, siendo un recurso\u00a0 que mediante&hellip;<\/p>\n","protected":false},"author":4,"featured_media":33213,"comment_status":"open","ping_status":"open","sticky":false,"template":"","format":"standard","meta":{"om_disable_all_campaigns":false,"_mi_skip_tracking":false,"_monsterinsights_sitenote_active":false,"_monsterinsights_sitenote_note":"","_monsterinsights_sitenote_category":0,"footnotes":""},"categories":[25,21,35,22,19,30],"tags":[],"aioseo_notices":[],"_links":{"self":[{"href":"https:\/\/granadacostaglobal.es\/index.php?rest_route=\/wp\/v2\/posts\/33212"}],"collection":[{"href":"https:\/\/granadacostaglobal.es\/index.php?rest_route=\/wp\/v2\/posts"}],"about":[{"href":"https:\/\/granadacostaglobal.es\/index.php?rest_route=\/wp\/v2\/types\/post"}],"author":[{"embeddable":true,"href":"https:\/\/granadacostaglobal.es\/index.php?rest_route=\/wp\/v2\/users\/4"}],"replies":[{"embeddable":true,"href":"https:\/\/granadacostaglobal.es\/index.php?rest_route=%2Fwp%2Fv2%2Fcomments&post=33212"}],"version-history":[{"count":0,"href":"https:\/\/granadacostaglobal.es\/index.php?rest_route=\/wp\/v2\/posts\/33212\/revisions"}],"wp:featuredmedia":[{"embeddable":true,"href":"https:\/\/granadacostaglobal.es\/index.php?rest_route=\/"}],"wp:attachment":[{"href":"https:\/\/granadacostaglobal.es\/index.php?rest_route=%2Fwp%2Fv2%2Fmedia&parent=33212"}],"wp:term":[{"taxonomy":"category","embeddable":true,"href":"https:\/\/granadacostaglobal.es\/index.php?rest_route=%2Fwp%2Fv2%2Fcategories&post=33212"},{"taxonomy":"post_tag","embeddable":true,"href":"https:\/\/granadacostaglobal.es\/index.php?rest_route=%2Fwp%2Fv2%2Ftags&post=33212"}],"curies":[{"name":"wp","href":"https:\/\/api.w.org\/{rel}","templated":true}]}}