{"id":33158,"date":"2022-09-19T10:09:42","date_gmt":"2022-09-19T09:09:42","guid":{"rendered":"http:\/\/granadacostanacional.es\/?p=33158"},"modified":"2022-09-19T10:09:42","modified_gmt":"2022-09-19T09:09:42","slug":"premio-socrates-de-las-letras-granada-costa-2023-inmaculada-rejon-ruiz-de-valdivia","status":"publish","type":"post","link":"https:\/\/granadacostaglobal.es\/?p=33158","title":{"rendered":"PREMIO S\u00d3CRATES DE LAS LETRAS GRANADA COSTA 2023 INMACULADA REJ\u00d3N RUIZ DE VALDIVIA"},"content":{"rendered":"<p style=\"text-align: justify;\">Reunido el jurado de Premios y Distinciones del Proyecto Global de Cultura Granada Costa, en sesi\u00f3n extraordinaria, el 19 de septiembre de 2022 a las 9:00 horas, despu\u00e9s de analizar la trayectoria como compositora y adaptadora de letras, y teniendo un n\u00famero de temas grabados superior a 100 coplas en el periodo de tiempo desde su ingreso como asociada al Proyecto Global de Cultura Granada Costa en el a\u00f1o 2000 hasta hoy, septiembre de 2022, se decide por unanimidad conceder el <strong>Premio S\u00f3crates de las Letras 2023<\/strong> a la cantante <strong>D\u00f1a. Inmaculada Rej\u00f3n Ruiz de Valdivia.<\/strong><\/p>\n<p style=\"text-align: justify;\">Dicho premio se le entregar\u00e1 en las Jornadas Culturales que est\u00e1 organizando en su sede de Molv\u00edzar (Granada) el Proyecto de Cultura Granada Costa con el t\u00edtulo <strong>Comprometidos con la Cultura, del 11 al 26 de marzo de 2023.<\/strong><\/p>\n<p style=\"text-align: justify;\">El Premio consiste en galard\u00f3n m\u00e1s la edici\u00f3n de un libro con el siguiente contenido: <strong>biograf\u00eda de la autora y letra de todas las coplas por las que se le concede el premio. Adem\u00e1s de poderse leer, tambi\u00e9n se podr\u00e1n escuchar todos estos temas en la voz de Inmaculada Rej\u00f3n.<\/strong><\/p>\n<p style=\"text-align: justify;\">Inmaculada Rej\u00f3n, <strong>fiel al Proyecto de Cultura Granada Costa<\/strong>, siempre ha estado unida al mismo y han ido de la mano, siendo su primera actuaci\u00f3n en el Proyecto tan s\u00f3lo unos d\u00edas despu\u00e9s de unirse, en el Auditorio Manuel de Falla de Granada. As\u00ed mismo, ha recorrido gran parte de la geograf\u00eda espa\u00f1ola en los mejores teatros y ateneos de la cultura; Valencia, Castell\u00f3n, L\u00e9rida, Barcelona, Palma de Mallorca, M\u00e1laga, Madrid, Granada, etc. A parte, ha intervenido en m\u00e1s de 200 actos p\u00fablicos del Proyecto, como presentaci\u00f3n de libros, Pir\u00e1mide Cultural, dos a\u00f1os en las 24 horas ininterrumpidas de flamenco, cuatro a\u00f1os en las 24 horas ininterrumpidas de poes\u00eda coincidiendo con el D\u00eda Internacional de la Poes\u00eda, o haberle puesto voz y adaptaci\u00f3n a infinidad de poemas de asociados al Proyecto. Esta lista de colaboraci\u00f3n ser\u00eda interminable, pero con esta pincelada es suficiente para concederle este, <strong>nuestro m\u00e1ximo galard\u00f3n de reconocimiento a D\u00f1a. Inmaculada Rej\u00f3n Ruiz de Valdivia.<\/strong><\/p>\n<p>&nbsp;<\/p>\n<p style=\"text-align: center;\"><strong>Carlos \u00c1lvaro Segura Venegas<\/strong><\/p>\n<p style=\"text-align: center;\"><strong>Vicepresidente del Proyecto de Cultura Granada Costa y Secretario de Actas <\/strong><\/p>\n","protected":false},"excerpt":{"rendered":"<p>Reunido el jurado de Premios y Distinciones del Proyecto Global de Cultura Granada Costa, en sesi\u00f3n extraordinaria, el 19 de&hellip;<\/p>\n","protected":false},"author":3,"featured_media":33160,"comment_status":"open","ping_status":"open","sticky":false,"template":"","format":"standard","meta":{"om_disable_all_campaigns":false,"_mi_skip_tracking":false,"_monsterinsights_sitenote_active":false,"_monsterinsights_sitenote_note":"","_monsterinsights_sitenote_category":0,"footnotes":""},"categories":[21],"tags":[],"aioseo_notices":[],"_links":{"self":[{"href":"https:\/\/granadacostaglobal.es\/index.php?rest_route=\/wp\/v2\/posts\/33158"}],"collection":[{"href":"https:\/\/granadacostaglobal.es\/index.php?rest_route=\/wp\/v2\/posts"}],"about":[{"href":"https:\/\/granadacostaglobal.es\/index.php?rest_route=\/wp\/v2\/types\/post"}],"author":[{"embeddable":true,"href":"https:\/\/granadacostaglobal.es\/index.php?rest_route=\/wp\/v2\/users\/3"}],"replies":[{"embeddable":true,"href":"https:\/\/granadacostaglobal.es\/index.php?rest_route=%2Fwp%2Fv2%2Fcomments&post=33158"}],"version-history":[{"count":0,"href":"https:\/\/granadacostaglobal.es\/index.php?rest_route=\/wp\/v2\/posts\/33158\/revisions"}],"wp:featuredmedia":[{"embeddable":true,"href":"https:\/\/granadacostaglobal.es\/index.php?rest_route=\/"}],"wp:attachment":[{"href":"https:\/\/granadacostaglobal.es\/index.php?rest_route=%2Fwp%2Fv2%2Fmedia&parent=33158"}],"wp:term":[{"taxonomy":"category","embeddable":true,"href":"https:\/\/granadacostaglobal.es\/index.php?rest_route=%2Fwp%2Fv2%2Fcategories&post=33158"},{"taxonomy":"post_tag","embeddable":true,"href":"https:\/\/granadacostaglobal.es\/index.php?rest_route=%2Fwp%2Fv2%2Ftags&post=33158"}],"curies":[{"name":"wp","href":"https:\/\/api.w.org\/{rel}","templated":true}]}}