{"id":33133,"date":"2022-09-14T17:25:21","date_gmt":"2022-09-14T16:25:21","guid":{"rendered":"http:\/\/granadacostanacional.es\/?p=33133"},"modified":"2022-09-14T17:25:21","modified_gmt":"2022-09-14T16:25:21","slug":"entrevista-al-director-de-orquesta-enrique-garcia-asensio","status":"publish","type":"post","link":"https:\/\/granadacostaglobal.es\/?p=33133","title":{"rendered":"ENTREVISTA AL DIRECTOR DE ORQUESTA ENRIQUE GARC\u00cdA ASENSIO"},"content":{"rendered":"<p style=\"text-align: justify;\"><strong>Queridos lectores del Granada Costa, para esta ocasi\u00f3n tengo el incre\u00edble privilegio de entrevistar a toda una leyenda e instituci\u00f3n en lo que se refiere a la direcci\u00f3n de orquestas, les estoy hablando de un MAESTRO con may\u00fasculas y fuente de inspiraci\u00f3n para muchos de los directores y directoras que tenemos de talento en nuestro pa\u00eds, me estoy refiriendo al \u00fanico e irrepetible Don Enrique Garc\u00eda Asensio (Valencia, 22 de agosto de 1937) que se hizo enormemente popular por aquel programa de televisi\u00f3n <em>El Mundo de la M\u00fasica <\/em>(1976 \u2013 1980) y dej\u00e1ndose ver dirigiendo a la ORTVE durante muchos a\u00f1os.<\/strong><\/p>\n<p style=\"text-align: justify;\"><strong>\u00a0\u00a0\u00a0\u00a0\u00a0\u00a0\u00a0\u00a0\u00a0\u00a0\u00a0\u00a0\u00a0\u00a0\u00a0 Curs\u00f3 estudios musicales en el Real Conservatorio Superior de M\u00fasica de Madrid, diplom\u00e1ndose en Viol\u00edn, M\u00fasica de C\u00e1mara, Armon\u00eda, Contrapunto, Fuga y Composici\u00f3n. A los once a\u00f1os, form\u00f3 parte como viol\u00edn, en la Orquesta del Real Conservatorio Superior de M\u00fasica, de la que llegar\u00eda a ser Concertino y m\u00e1s tarde Director. Consiguiendo la beca \u00a0\u201cAtaulfo Argenta\u201d del Ministerio de Educaci\u00f3n, con la que pudo estudiar en la Escuela Superior de M\u00fasica de M\u00fanich (Alemania). M\u00e1s tarde ampli\u00f3 sus estudios en la Academia Chigiana de Siena (Italia) con el Maestro Sergiu Celibidache, \u2013 de quien hered\u00f3 su t\u00e9cnica y comprensi\u00f3n en la direcci\u00f3n musical, convirti\u00e9ndose en un Director pionero en Espa\u00f1a, que supo utilizar el Yoga, para dominar sus movimientos sobre el escenario \u2013Representando a dicha Academia y presentado por el Maestro Celibidache, obtiene el premio en el concurso para j\u00f3venes directores de orquesta que convoca la RAI (Radio Televisi\u00f3n Italiana) en 1962. Al que le siguieron otros incontables premios, reconocimientos y medallas de Oro en diferentes concursos internacionales, como el premio Rotary Club al \u201cMejor Alumno del curso\u201d de la Academia Chigiana, el primer premio de Direcci\u00f3n de Orquesta \u201cDimitri Mitropoulos\u201d de Nueva York, donde como ganador dirigi\u00f3 a la Filarm\u00f3nica de dicha ciudad, siendo presidente del jurado el Maestro Leonard Bernstein. Por este premio tambi\u00e9n accedi\u00f3 al cargo de Director Adjunto de la Orquesta Sinf\u00f3nica Nacional de Washington D.C durante la temporada 1967 \u2013 1968. Logrando el premio al Mejor Director de Orquesta de la temporada de \u00d3pera de Madrid en el teatro de la Zarzuela, por su interpretaci\u00f3n de \u201cWerther\u201d de Jules Massenet con el tenor Alfredo Kraus. Tambi\u00e9n logra por Concurso-Oposici\u00f3n, la c\u00e1tedra de Direcci\u00f3n de Orquesta en el Real Conservatorio Superior de M\u00fasica de Madrid, convirti\u00e9ndose en el primero catedr\u00e1tico de dicha asignatura en un Conservatorio Oficial de la historia de la m\u00fasica espa\u00f1ola. La academia \u201cCharles Cros\u201d de Par\u00eds le concedi\u00f3 \u00a0el Premio por un disco de Zarzuela con Teresa Berganza y la ECO (English Chamber Orchestra). Durante las siguientes d\u00e9cadas, obtiene un premio en interpretaci\u00f3n discogr\u00e1fica instituido por el Ministerio de Cultura de Espa\u00f1a. Se le concede la \u201cLA LLAMA ROTARIA 1997\u201d otorgado por la Rotary Club de Valencia, la Sociedad Musical \u201cLa Art\u00edstica de Bu\u00f1ol\u201d (Valencia), de la que es Director Honorario, \u00a0le ponen su nombre a la nueva sala de ensayos.<\/strong><\/p>\n<p style=\"text-align: justify;\"><a href=\"http:\/\/granadacostanacional.es\/wp-content\/uploads\/2022\/09\/Con-Celibidache-en-Siena-1960.jpg\"><img decoding=\"async\" loading=\"lazy\" class=\"aligncenter size-full wp-image-33135\" src=\"http:\/\/granadacostanacional.es\/wp-content\/uploads\/2022\/09\/Con-Celibidache-en-Siena-1960.jpg\" alt=\"Con Celibidache en Siena 1960\" width=\"400\" height=\"713\" \/><\/a><\/p>\n<p style=\"text-align: center;\"><strong>Con Celibidache en Siena 1960<\/strong><\/p>\n<p style=\"text-align: justify;\"><strong>El Ayuntamiento de Minglanilla (Cuenca) decide organizar un Concurso al que le ponen su nombre. El peri\u00f3dico \u201cLas provincias\u201d de Valencia le concede el premio denominado \u201cVALENCIANOS PARA EL SIGLO XXI\u201d y el peri\u00f3dico econ\u00f3mico \u201cExpansi\u00f3n\u201d le concede su premio con motivo de celebrar sus 20 a\u00f1os de existencia. El Claustro de la Universidad de las Artes \u201cGeorge Enescu\u201d de Lasi (Ruman\u00eda) le concede el Diploma de Honor y la medalla del A\u00f1o Jubilar en sus 145 a\u00f1os de antig\u00fcedad. El peri\u00f3dico \u201cEl Mundo\u201d de la Comunidad de Madrid le otorga el Premio \u201cValencianos para el Mundo\u201d (Valenciano Universal) en su 3\u00ba Edici\u00f3n, la Banda Municipal de Madridejos (Valencia) ponen su nombre a su sala de ensayos. El Real Conservatorio Superior de M\u00fasica de Madrid le entrega la Medalla de Oro, en el d\u00eda de la Festividad de Santa Cecilia, por los servicios prestados, la Asociaci\u00f3n M\u00fasicos Unidos SIGLO XXI, le concede el Premio \u201cUTERPE\u201d por su dilatada labor musical como Director de Orquesta, en reconocimiento a sus cualificados valores humanos demostrados en su trayectoria profesional. La Comisi\u00f3n Directiva del Mozarteum de Santa Fe (Argentina) \u2013filial de Salzburgo \u2013 resuelve por unanimidad, otorgarle el Premio MOZART JUBILEO TERCER MILENIO, AL MERITO ART\u00cdSTICO por su idoneidad profesional y por su reconocida labor art\u00edstica a nivel internacional en pos de la cultura. En el pleno del Ayuntamiento de Valencia, se aprueba por unanimidad otorgarle el nombramiento de \u201cHIJO PREDILECTO\u201d de la ciudad y posteriormente el mismo consistorio coloca una Placa Conmemorativa en el edificio donde naci\u00f3 el Maestro Garc\u00eda Asensio, sito en la Gran V\u00eda de German\u00edas, N\u00ba 5 y el Ayuntamiento de Las Rozas de Madrid, pone su nombre a una calle del Municipio en una zona donde figuran varias calles con nombres de m\u00fasicos famosos que residen o residieron en el citado Municipio,\u00a0 y en la localidad de Viver (Castell\u00f3n) tambi\u00e9n le han puesto su nombre a una calle. Le otorgan el Premio \u201cMayores Magn\u00edficos\u201d de la Comunidad de Madrid y el Ayuntamiento de Castell\u00f3n le otorga por primera vez el PREMIO CIUDAD DE CASTELL\u00d3N A LA EXCELENCIA MUSICAL \u201cGUITARRISTA MANUEL BABILONI\u201d 2019 y ese mismo a\u00f1o, el Colegio Oficial de Pedagogos y Psicopedagogos de la Comunidad Valenciana y el Conservatorio Profesional de M\u00fasica de Valencia, designan al Maestro con el \u201cPremio Educaci\u00f3n y Sociedad 2019\u201d en el \u00e1mbito musical, adem\u00e1s de ser Caballero de la Orden del Santo\u00a0 C\u00e1liz, y Caballero de la Real Orden de Santa Mar\u00eda de Puig, etc&#8230;<\/strong><\/p>\n<p style=\"text-align: justify;\"><strong>Su actividad profesional se ha desarrollado en numerosos pa\u00edses de casi todos los continentes: Canad\u00e1, Estados Unidos, M\u00e9jico, Puerto Rico, Argentina, Uruguay, Rep\u00fablica Dominicana, Brasil, Jap\u00f3n, Islandia, Bulgaria, Ruman\u00eda, Grecia, Israel, Rusia, \u00c1frica del Sur, Irlanda del Norte, Suiza, Inglaterra, Portugal, Italia, Francia, B\u00e9lgica, Alemania, Austria, Holanda, Dinamarca, Chequia y Eslovaquia. <\/strong><\/p>\n<p style=\"text-align: justify;\"><strong>\u00a0Tambi\u00e9n ha dado cursos de Direcci\u00f3n de Orquesta en Santo Domingo (Rep\u00fablica Dominicana), Lasi y Bucarest (Ruman\u00eda), Kerkrade (Holanda), en Toledo, Madrid, Valencia, Chauchina (Granada), Minglanilla (Cuenca), Villafranca de los Barros (Badajoz), Brihuega (Guadalajara), Granada, Liria, Bu\u00f1ol, Cullera, L\u00b4Olleria, Villareal, Nules, Segorbe, Benicasim, Vall d\u00b4Uix\u00f3, Montroy, Algar de Palancia y Pinoso en la Comunidad Valenciana. <\/strong><\/p>\n<p style=\"text-align: justify;\"><strong>Durante su carrera ha dirigido como director titular a la Orquesta de la Sociedad Filarm\u00f3nica de las Palmas de Gran Canarias, la Orquesta Municipal de Valencia, la Orquesta Sinf\u00f3nica de Radio Televisi\u00f3n Espa\u00f1ola y la Banda Sinf\u00f3nica Municipal de Madrid. <\/strong><\/p>\n<p style=\"text-align: justify;\"><strong>Adem\u00e1s, a lo largo de su extensa trayectoria como Director, ha sido Profesor de la especialidad en Direcci\u00f3n de Orquesta en Musikene (Escuela Superior de M\u00fasica del Pa\u00eds Vasco) en San Sebasti\u00e1n durante 7 a\u00f1os y se le puede escuchar en m\u00e1s de sesenta discos, editados durante su periplo musical con diferentes orquestas y casas discogr\u00e1ficas. <\/strong><\/p>\n<p style=\"text-align: justify;\"><a href=\"http:\/\/granadacostanacional.es\/wp-content\/uploads\/2022\/09\/Con-Daniel-Barenboim.jpg\"><img decoding=\"async\" loading=\"lazy\" class=\"aligncenter wp-image-33136\" src=\"http:\/\/granadacostanacional.es\/wp-content\/uploads\/2022\/09\/Con-Daniel-Barenboim.jpg\" alt=\"Con Daniel Barenboim\" width=\"300\" height=\"289\" \/><\/a><\/p>\n<p style=\"text-align: center;\"><strong>Con Daniel Barenboim<\/strong><\/p>\n<p style=\"text-align: justify;\"><strong>Sin m\u00e1s pre\u00e1mbulos daremos comienzo a esta entrevista, con el Maestro Enrique Garc\u00eda Asensio, un Director cuya influencia como maestro es visible y latente en toda una generaci\u00f3n de directores, hasta el punto que de manera inexorable la historia musical de los \u00faltimos cincuenta a\u00f1os en nuestro pa\u00eds, gira en torno a nuestro entrevistado, que ya con nada menos que ochenta y cinco a\u00f1os, ha tenido la amabilidad y la cortes\u00eda de concederme su tiempo y parte de su historia, al ser entrevistado para el peri\u00f3dico Socio Cultural Granada Costa.<\/strong><\/p>\n<p style=\"text-align: justify;\"><strong>\u00a0<\/strong><strong>\u00a0<\/strong><\/p>\n<p style=\"text-align: justify;\"><strong>-Lo primero Maestro Garc\u00eda Asensio, quiero agradecerle enormemente el tiempo que nos dispensa, y los hermosos momentos musicales que nos dej\u00f3 dirigiendo a la ORTVE y por sus apariciones televisivas. Mi primera pregunta como es ya una tradici\u00f3n, \u00bfa qu\u00e9 edad y c\u00f3mo le surgi\u00f3 su atracci\u00f3n y pasi\u00f3n por la m\u00fasica y el querer formar parte de ella dirigi\u00e9ndola?<\/strong><\/p>\n<p style=\"text-align: justify;\"><strong>\u00a0<\/strong><\/p>\n<p style=\"text-align: justify;\">-Mi afici\u00f3n a la M\u00fasica estaba cantada ya que nac\u00ed en una familia de m\u00fasicos y yo iba a ser Enrique IV, es decir la cuarta generaci\u00f3n con nombre Enrique Garc\u00eda, todos valencianos y m\u00fasicos. Mi bisabuelo Enrique Garc\u00eda Balanza, fue el primero (pianista, compositor y director). Mi abuelo Enrique Garc\u00eda Mart\u00ednez, que ten\u00eda la carrera de abogado, aunque nunca ejerci\u00f3 por la m\u00fasica. Fue profesor Municipal de solfeo, piano y viol\u00edn. Nac\u00ed en su casa, en Valencia, en plena Guerra Civil y con \u00e9l empec\u00e9 a estudiar m\u00fasica. Por \u00faltimo mi padre, Enrique Garc\u00eda Marco, violinista. Se march\u00f3 a los 16 a\u00f1os a Madrid a seguir estudiando y a los 20 d\u00edas de llegar, le nombraron concertino del Teatro Apolo de Madrid. M\u00e1s tarde gan\u00f3 el Premio Sarasate del Real Conservatorio Superior M\u00fasica a los 21 a\u00f1os, siendo el fundador de la Orquesta Nacional, Viol\u00edn de la Agrupaci\u00f3n Nacional de M\u00fasica de C\u00e1mara y despu\u00e9s de todo esto que le cuento, mi hermano y yo est\u00e1bamos predestinados a ser violinistas. Mi madre era de Zaragoza, bautizada en el Pilar y pasada por el manto de la Virgen y esto se lo cuento para poder contestar a la parte final de su pregunta. Como violinista, gan\u00e9 todos los premios que hab\u00eda en Espa\u00f1a, incluido el Premio Nacional de Viol\u00edn en 1957 y ese mismo a\u00f1o termin\u00e9 la carrera y me present\u00e9 al Premio Sarasate, despu\u00e9s de haber ganado previamente el Premio de Viol\u00edn del Conservatorio, requisito indispensable en aquella \u00e9poca, para poder optar a dicho premio y el resultado fue negativo y creo que injustamente, y de ah\u00ed me sali\u00f3 mi parte baturra, y me dije para mis adentros \u201cno vuelvo a tocar el viol\u00edn\u201d y no hay mal que por bien no venga, y gracias a ello, he llegado a donde estoy. De haber ganado el Premio Sarasate, habr\u00eda sido la primera vez en la historia que un padre y un hijo lo lograran y eso me molest\u00f3 bastante. Unos a\u00f1os m\u00e1s tarde lo consigui\u00f3 mi hermano Jos\u00e9 Luis con 16 a\u00f1os, y se dio con \u00e9l la feliz circunstancia de que ese hito hist\u00f3rico se alcanzase dentro de una misma familia. \u00a0<strong>\u00a0<\/strong><\/p>\n<p style=\"text-align: justify;\"><strong>\u00a0<a href=\"http:\/\/granadacostanacional.es\/wp-content\/uploads\/2022\/09\/Con-Leonard-Bernstein.jpg\"><img decoding=\"async\" loading=\"lazy\" class=\"aligncenter wp-image-33137\" src=\"http:\/\/granadacostanacional.es\/wp-content\/uploads\/2022\/09\/Con-Leonard-Bernstein.jpg\" alt=\"Con Leonard Bernstein\" width=\"365\" height=\"500\" \/><\/a><\/strong><\/p>\n<p style=\"text-align: center;\"><strong>Con Leonard Bernstein<\/strong><\/p>\n<p><strong>\u00a0<\/strong><strong>-\u00a1En sus inicios ya ten\u00eda alg\u00fan \u00eddolo discogr\u00e1fico o de radio, a quien deseaba emular con una batuta, y que le fue marcando el camino a seguir?<\/strong><\/p>\n<p style=\"text-align: justify;\"><strong>\u00a0<\/strong>-Espero no alargarme tanto con sus pr\u00f3ximas preguntas. Desde el a\u00f1o 1957, cuando conoc\u00ed personalmente a trav\u00e9s de mi padre a Sergiu Celibidache que ven\u00eda a dirigir la Orquesta Nacional, le consider\u00e9 mi \u00eddolo para siempre.<\/p>\n<p style=\"text-align: justify;\"><strong>\u00a0<\/strong><strong>\u00a0<\/strong><\/p>\n<p style=\"text-align: justify;\"><strong>-A lo largo de sus estudios ha tenido muchos maestros, pero destaca de forma rese\u00f1able el Maestro Celibidache, del que fue disc\u00edpulo suyo en Italia. \u00bfQu\u00e9 nos puede contar de esos a\u00f1os y experiencias estudiando tanto en M\u00fanich como en Siena, con Celibidache y otros maestros que le encaminaron por el mundo del pentagrama?<\/strong><\/p>\n<p style=\"text-align: justify;\"><strong>\u00a0<\/strong>-El d\u00eda que conoc\u00ed a Sergiu Celibidache, es como si me hubiera tocado el gordo de Navidad. A lo largo de mi vida he tenido muchos profesores, empezando por mi abuelo y mi padre, y de todos he aprendido muchas cosas importantes, para poder tener la preparaci\u00f3n necesaria y sacar el m\u00e1ximo de las ense\u00f1anzas de Celibidache.<\/p>\n<p style=\"text-align: justify;\"><strong>\u00a0<\/strong><strong>\u00a0<a href=\"http:\/\/granadacostanacional.es\/wp-content\/uploads\/2022\/09\/Enrique-Garc\u00eda-Asensio-en-el-Retiro.jpg\"><img decoding=\"async\" loading=\"lazy\" class=\"aligncenter size-full wp-image-33138\" src=\"http:\/\/granadacostanacional.es\/wp-content\/uploads\/2022\/09\/Enrique-Garc\u00eda-Asensio-en-el-Retiro.jpg\" alt=\"Enrique Garc\u00eda Asensio en el Retiro\" width=\"295\" height=\"500\" \/><\/a><\/strong><\/p>\n<p style=\"text-align: center;\"><strong>Enrique Garc\u00eda Asensio en el Retiro<\/strong><\/p>\n<p style=\"text-align: justify;\"><strong>-\u00bfExiste alg\u00fan compa\u00f1ero de estudios de esos a\u00f1os, con el que haya seguido manteniendo una relaci\u00f3n estrecha, y con el que haya coincidido posteriormente en su andadura como Director, y que le marcase por su manera de entender la vida y la m\u00fasica?<\/strong><\/p>\n<p style=\"text-align: justify;\"><strong>\u00a0<\/strong>-He tenido muy buena relaci\u00f3n con muchos directores de orquesta, tanto alumnos de Celibidache como de otros maestros y esa amistad siempre ayuda a continuar mejorando y aprendiendo de todos.<\/p>\n<p style=\"text-align: justify;\">\n<p style=\"text-align: justify;\"><strong>-Ha recibido innumerables premios, reconocimientos y medallas, durante su trayectoria y despu\u00e9s de ella. De todos esos momentos que son incontables, \u00bfcon cu\u00e1les se sinti\u00f3 m\u00e1s emocionado al no esper\u00e1rselo y que le hiciese mayor ilusi\u00f3n por su significado y simbolismo?<\/strong><\/p>\n<p style=\"text-align: justify;\">-Han sido muchos y muy importantes, aunque los no tan rese\u00f1ables tambi\u00e9n me han dado muchas alegr\u00edas. Creo que el Premio Dimitri Mitropoulos de Nueva York en 1967, ya siendo Director titular de la Orquesta Sinf\u00f3nica de RTVE, ha sido el mejor desde el punto de vista musical. En el aspecto personal, fue cuando el Ayuntamiento de Valencia me nombrara Hijo predilecto y pusieran una placa en la casa donde nac\u00ed, en tiempos de Rita Barber\u00e1 como Alcadesa de la ciudad, creo necesario destacarlo, as\u00ed como haber sido 32 a\u00f1os miembro del Consejo Valenciano de la Generalitat desde su creaci\u00f3n en 1986.<\/p>\n<p style=\"text-align: justify;\">\n<p style=\"text-align: justify;\"><strong>-En su trayectoria como Director de Orquesta, se ha visto dirigiendo en muchas salas de concierto\u00a0 y diferentes pa\u00edses. Con distintas orquestas, bandas y filarm\u00f3nicas. De todo ese periplo que ha llenado p\u00e1ginas y p\u00e1ginas de buena m\u00fasica, \u00bfqu\u00e9 nos podr\u00eda contar a nivel de emociones, dificultades y escenarios hist\u00f3ricos?<\/strong><\/p>\n<p style=\"text-align: justify;\">-Son innumerables las emociones que he tenido cada vez que acontec\u00edan hechos por primera vez y necesitar\u00eda muchas cuartillas para poder enumerar solo aquellas que recuerdo. Pero le dar\u00e9 dos ejemplos: 1\u00ba) Dirigir la Filarm\u00f3nica de Nueva York en el Alice Tully Hall de Nueva York, como ganador del Premio Dimitri Mitropoulos en 1967 y conseguir con ello, el puesto de Director Adjunto de la Orquesta Sinf\u00f3nica Nacional de Washington D.C. y 2\u00ba) Dirigir la Yomiury Nippon Symphony Orchestra en el Bunka Kaikan Hall de Tokyo en 6 ocasiones en 1980 y m\u00e1s tarde en 1985.<\/p>\n<p style=\"text-align: justify;\"><strong>\u00a0<a href=\"http:\/\/granadacostanacional.es\/wp-content\/uploads\/2022\/09\/Con-Sergiu-Celibidache.jpg\"><img decoding=\"async\" loading=\"lazy\" class=\"aligncenter size-full wp-image-33139\" src=\"http:\/\/granadacostanacional.es\/wp-content\/uploads\/2022\/09\/Con-Sergiu-Celibidache.jpg\" alt=\"Con Sergiu Celibidache\" width=\"400\" height=\"283\" \/><\/a><\/strong><\/p>\n<p style=\"text-align: center;\"><strong>Con Sergiu Celibidache<\/strong><\/p>\n<p><strong>-Tambi\u00e9n ha tenido la oportunidad de impartir clases en Direcci\u00f3n de Orquesta, en numerosos centros y algunos de ellos, en el extranjero. De esos a\u00f1os en los que fue un maestro, para muchos alumnos que aprendieron de su experiencia, imagino que usted tambi\u00e9n sacar\u00eda alguna ense\u00f1anza de sus alumnos. \u00bfQu\u00e9 nos puede contar de esa \u00e9poca en la que estuvo siendo espejo de los m\u00e1s j\u00f3venes?<\/strong><\/p>\n<p style=\"text-align: justify;\">-Me encanta la pedagog\u00eda y he tenido el honor de haber sido el primer catedr\u00e1tico de la asignatura de Direcci\u00f3n de Orquesta en un Conservatorio oficial en Espa\u00f1a. Ocurri\u00f3 en Madrid y tom\u00e9 posesi\u00f3n en enero de 1970. Hasta ese momento no se pod\u00eda estudiar la Direcci\u00f3n de Orquesta en Espa\u00f1a en un centro oficial. Pero he dado cursos en toda Espa\u00f1a desde 1964 hasta nuestros d\u00edas y en el extranjero en Rep\u00fablica Dominicana, Holanda y Ruman\u00eda.<\/p>\n<p style=\"text-align: justify;\"><strong>\u00a0<\/strong><\/p>\n<p style=\"text-align: justify;\"><strong> -Tiene grabados innumerables discos a lo largo de tantos a\u00f1os, \u00bfc\u00f3mo fue la experiencia y qu\u00e9 sinti\u00f3 al ver su nombre en grabaciones que la gente podr\u00eda escuchar c\u00f3modamente en la tranquilidad de su hogar? Imagino que ser\u00eda un revulsivo para su carrera y una exigencia extra, esperando que el sonido y las grabaciones fueran excepcionales. <\/strong><\/p>\n<p style=\"text-align: justify;\">-Es en lo \u00fanico que no me parezco a Celibidache, \u00e9l no quer\u00eda hacer discos. Debo decir que siempre entend\u00ed y estuve de acuerdo con sus argumentos, pero no pude negarme, al ser Director Titular de una Orquesta Sinf\u00f3nica como la de RTVE. Soy quiz\u00e1s el Director de Orquesta con m\u00e1s grabaciones para compa\u00f1\u00edas espa\u00f1olas y en Espa\u00f1a, seg\u00fan AIE (Artistas, Interpretes y Ejecutantes, Sociedad de Gesti\u00f3n de Espa\u00f1a, \u00fanica reconocida oficialmente por el Ministerio de Cultura). El disco es un suced\u00e1neo clave, cuando no se tiene la oportunidad de asistir en directo a las salas de concierto. Aunque al disco le falta una dimensi\u00f3n y es la relaci\u00f3n tiempo (velocidad) \u2013 ac\u00fastica. Cuando uno hace giras y dirige el mismo programa en distintas salas y por lo tanto con diferentes ac\u00fasticas, comprendemos que aunque pudi\u00e9ramos hacer una prueba ac\u00fastica, siempre la sala con p\u00fablico cambia y de ah\u00ed \u00a0que a veces la m\u00fasica deba ir m\u00e1s lenta seg\u00fan el teatro, o m\u00e1s deprisa. Cuando una ac\u00fastica es seca, la m\u00fasica debe ir m\u00e1s deprisa y si tiene mucha resonancia, debe tocarse m\u00e1s despacio. Con los discos, la velocidad que eligi\u00f3 el director, esta en funci\u00f3n de la ac\u00fastica de la sala donde se grab\u00f3, y no en funci\u00f3n del sitio donde se oye el disco, pudiendo adem\u00e1s manipular el sonido con m\u00e1s graves o agudos, como con el volumen de escucha, cosas que influyen en la interpretaci\u00f3n de una obra.<\/p>\n<p style=\"text-align: justify;\"><strong>\u00a0<a href=\"http:\/\/granadacostanacional.es\/wp-content\/uploads\/2022\/09\/Dirigiendo-a-Montserrat-Caballe.jpg\"><img decoding=\"async\" loading=\"lazy\" class=\"aligncenter size-full wp-image-33140\" src=\"http:\/\/granadacostanacional.es\/wp-content\/uploads\/2022\/09\/Dirigiendo-a-Montserrat-Caballe.jpg\" alt=\"Dirigiendo a Montserrat Caballe\" width=\"400\" height=\"319\" \/><\/a><\/strong><\/p>\n<p style=\"text-align: center;\"><strong>Dirigiendo a Montserrat Caball\u00e9<\/strong><\/p>\n<p style=\"text-align: justify;\"><strong> -Ha interpretado obras de grandes maestros de la historia de la m\u00fasica cl\u00e1sica y especialmente dando a conocer a nuestros compositores. Entre orquestales, corales, \u00f3peras, zarzuelas, obras de c\u00e1mara, etc\u2026 De todas ellas, \u00bfcon cu\u00e1les siempre se ha sentido m\u00e1s identificado y a gusto, y cu\u00e1les le supusieron un enorme reto, bien por su enorme complejidad y dificultad, o por no haberla ensayado jam\u00e1s?<\/strong><\/p>\n<p style=\"text-align: justify;\">-Una de las obras m\u00e1s dif\u00edciles que he dirigido es \u201cLa consagraci\u00f3n de la primavera\u201d de Igor Stravinsky. Cuando dirijo una obra cualquiera, me hice, hace muchos a\u00f1os, un lavado de cerebro y para m\u00ed no existe otra mejor en el mundo, en ese preciso instante. Es la mejor medicina para siempre tratar de hacerlo lo mejor posible. Ser\u00eda muy perjudicial para la m\u00fasica que cuando estuviera dirigiendo una sinfon\u00eda de Beethoven me apeteciera, en ese momento, hacer otra composici\u00f3n cualquiera. <strong>\u00a0\u00a0\u00a0\u00a0\u00a0\u00a0\u00a0\u00a0\u00a0\u00a0\u00a0\u00a0\u00a0 <\/strong><\/p>\n<p style=\"text-align: justify;\"><strong>\u00a0<\/strong><\/p>\n<p style=\"text-align: justify;\"><strong> -Sabemos que la historia de la m\u00fasica nos ha regalado momentos incre\u00edbles, con estrenos y an\u00e9cdotas curiosas que forman parte de las p\u00e1ginas de la m\u00fasica cl\u00e1sica. Al Maestro Garc\u00eda Asensio, \u00bfa qu\u00e9 momento y lugar le gustar\u00eda viajar, para vivirlo en primera persona, y descubrir c\u00f3mo fue en realidad aqu\u00e9l acontecimiento?<\/strong><\/p>\n<p style=\"text-align: justify;\"><strong>\u00a0 <\/strong>-Me encantar\u00eda haber presenciado el estreno de cualquiera de las Sinfon\u00edas de Beethoven o de cualquiera de sus cuartetos de cuerda, ya que creo son muy dif\u00edciles de tocar en nuestros d\u00edas y no me puedo imaginar c\u00f3mo pudieron ejecutarlas y sonar en aquella \u00e9poca.<\/p>\n<p style=\"text-align: justify;\"><strong>\u00a0<a href=\"http:\/\/granadacostanacional.es\/wp-content\/uploads\/2022\/09\/Enrique-Garc\u00eda-Asensio-ensayando.jpg\"><img decoding=\"async\" loading=\"lazy\" class=\"aligncenter size-full wp-image-33141\" src=\"http:\/\/granadacostanacional.es\/wp-content\/uploads\/2022\/09\/Enrique-Garc\u00eda-Asensio-ensayando.jpg\" alt=\"Enrique Garc\u00eda Asensio ensayando\" width=\"500\" height=\"347\" \/><\/a><\/strong><\/p>\n<p style=\"text-align: center;\"><strong>Enrique Garc\u00eda Asensio ensayando<\/strong><\/p>\n<p style=\"text-align: justify;\"><strong> -Todos los artistas en mayor o menor medida, tienen o han tenido man\u00edas antes de subirse a un escenario. En el caso del Maestro Garc\u00eda Asensio, \u00bfexiste alguna que pueda ser confesable?<\/strong><\/p>\n<p style=\"text-align: justify;\">-Siempre procuro salir al escenario con el pie derecho.<\/p>\n<p style=\"text-align: justify;\">\n<p style=\"text-align: justify;\"><strong> -\u00bfExiste alguna pregunta a la que le hubiera gustado responder, y que no ha tenido la oportunidad de hacerlo?<\/strong><\/p>\n<p style=\"text-align: justify;\">-No ninguna. Creo que su entrevista ha sido complet\u00edsima. \u00a1Muchas gracias!<\/p>\n<p style=\"text-align: justify;\"><strong>\u00a0<\/strong><\/p>\n<p style=\"text-align: justify;\"><strong>Sin m\u00e1s, quiero agradecerle enormemente Maestro Enrique Garc\u00eda Asensio, el haberme permitido entrevistarle para el Peri\u00f3dico Granada Costa, un medio Socio Cultural que intenta promover el arte y la cultura que existe y ha existido siempre en el coraz\u00f3n de los humanos.\u00a0 <\/strong><\/p>\n<p style=\"text-align: justify;\"><strong>Esperando tenga a bien el responder a unas preguntas tipo test, que nos ayudar\u00e1n a conocer sus gustos y preferencias art\u00edsticas o personales, le quedo agradecido por el tiempo que nos ha dispensado. <\/strong><\/p>\n<p style=\"text-align: justify;\"><strong>\u00a1Muchas gracias, Maestro Enrique Garc\u00eda Asensio!<\/strong><\/p>\n<p style=\"text-align: justify;\"><strong>\u00a0<\/strong><\/p>\n<p style=\"text-align: justify;\"><strong>\u00a0\u00a0\u00a0\u00a0\u00a0\u00a0\u00a0\u00a0\u00a0\u00a0\u00a0\u00a0\u00a0\u00a0\u00a0 <u>PREGUNTAS TIPO TEST: <\/u><\/strong><\/p>\n<p style=\"text-align: justify;\"><strong>\u00a0<\/strong><\/p>\n<p style=\"text-align: justify;\"><strong>\u00a0\u00a0\u00a0\u00a0\u00a0\u00a0\u00a0\u00a0\u00a0\u00a0\u00a0\u00a0\u00a0\u00a0\u00a0 \u00bfUn personaje hist\u00f3rico? <\/strong>Felipe II.<\/p>\n<p style=\"text-align: justify;\"><strong>\u00a0\u00a0\u00a0\u00a0\u00a0\u00a0\u00a0\u00a0\u00a0\u00a0\u00a0\u00a0\u00a0\u00a0\u00a0 \u00bfUna \u00e9poca? <\/strong>La que he vivido.<\/p>\n<p style=\"text-align: justify;\"><strong>\u00a0\u00a0\u00a0\u00a0\u00a0\u00a0\u00a0\u00a0\u00a0\u00a0\u00a0\u00a0\u00a0\u00a0\u00a0 \u00bfUn pintor? <\/strong>Joaqu\u00edn Sorolla.<\/p>\n<p style=\"text-align: justify;\"><strong>\u00a0\u00a0\u00a0\u00a0\u00a0\u00a0\u00a0\u00a0\u00a0\u00a0\u00a0\u00a0\u00a0\u00a0\u00a0 \u00bfUn escultor? <\/strong>Vicente Ferrero.<\/p>\n<p style=\"text-align: justify;\"><strong>\u00a0\u00a0\u00a0\u00a0\u00a0\u00a0\u00a0\u00a0\u00a0\u00a0\u00a0\u00a0\u00a0\u00a0\u00a0 \u00bfUn escritor? <\/strong>Miguel de Cervantes Saavedra.<\/p>\n<p style=\"text-align: justify;\"><strong>\u00a0\u00a0\u00a0\u00a0\u00a0\u00a0\u00a0\u00a0\u00a0\u00a0\u00a0\u00a0\u00a0\u00a0\u00a0 \u00bfUn poeta? <\/strong>Ricardo Bellveser.<\/p>\n<p style=\"text-align: justify;\"><strong>\u00a0\u00a0\u00a0\u00a0\u00a0\u00a0\u00a0\u00a0\u00a0\u00a0\u00a0\u00a0\u00a0\u00a0\u00a0 \u00bfUn libro? <\/strong>Don Quijote de la Mancha.<\/p>\n<p style=\"text-align: justify;\"><strong>\u00a0\u00a0\u00a0\u00a0\u00a0\u00a0\u00a0\u00a0\u00a0\u00a0\u00a0\u00a0\u00a0\u00a0\u00a0 \u00bfUna pel\u00edcula? <\/strong>La reina de \u00c1frica.<\/p>\n<p style=\"text-align: justify;\"><strong>\u00a0\u00a0\u00a0\u00a0\u00a0\u00a0\u00a0\u00a0\u00a0\u00a0\u00a0\u00a0\u00a0\u00a0\u00a0 \u00bfUn director de cine, teatro o televisi\u00f3n? <\/strong>John Ford.<\/p>\n<p style=\"text-align: justify;\"><strong>\u00a0\u00a0\u00a0\u00a0\u00a0\u00a0\u00a0\u00a0\u00a0\u00a0\u00a0\u00a0\u00a0\u00a0\u00a0 \u00bfUn actor?<\/strong> Clint Eastwood.<\/p>\n<p style=\"text-align: justify;\"><strong>\u00a0\u00a0\u00a0\u00a0\u00a0\u00a0\u00a0\u00a0\u00a0\u00a0\u00a0\u00a0\u00a0\u00a0\u00a0 \u00bfUna actriz? <\/strong>Meryl Streep.<\/p>\n<p style=\"text-align: justify;\"><strong>\u00a0\u00a0\u00a0\u00a0\u00a0\u00a0\u00a0\u00a0\u00a0\u00a0\u00a0\u00a0\u00a0\u00a0\u00a0 \u00bfUn compositor? <\/strong>Manuel de Falla.<\/p>\n<p style=\"text-align: justify;\"><strong>\u00a0\u00a0\u00a0\u00a0\u00a0\u00a0\u00a0\u00a0\u00a0\u00a0\u00a0\u00a0\u00a0\u00a0\u00a0 \u00bfUn cantante? <\/strong>Teresa Berganza.<\/p>\n<p style=\"text-align: justify;\"><strong>\u00a0\u00a0\u00a0\u00a0\u00a0\u00a0\u00a0\u00a0\u00a0\u00a0\u00a0\u00a0\u00a0\u00a0\u00a0 \u00bfUn m\u00fasico? <\/strong>Ant\u00f3n Garc\u00eda Abril.<\/p>\n<p style=\"text-align: justify;\"><strong>\u00a0\u00a0\u00a0\u00a0\u00a0\u00a0\u00a0\u00a0\u00a0\u00a0\u00a0\u00a0\u00a0\u00a0\u00a0 \u00bfUna flor?<\/strong> La rosa roja.<\/p>\n<p style=\"text-align: justify;\"><strong>\u00a0\u00a0\u00a0\u00a0\u00a0\u00a0\u00a0\u00a0\u00a0\u00a0\u00a0\u00a0\u00a0\u00a0\u00a0 \u00bfUn animal? <\/strong>El perro.<\/p>\n<p style=\"text-align: justify;\"><strong>\u00a0\u00a0\u00a0\u00a0\u00a0\u00a0\u00a0\u00a0\u00a0\u00a0\u00a0\u00a0\u00a0\u00a0\u00a0 \u00bfUna estaci\u00f3n del a\u00f1o? <\/strong>El verano.<\/p>\n<p style=\"text-align: justify;\"><strong>\u00a0\u00a0\u00a0\u00a0\u00a0\u00a0\u00a0\u00a0\u00a0\u00a0\u00a0\u00a0\u00a0\u00a0\u00a0 \u00bfUn lugar donde residir? <\/strong>Donde vivo.<\/p>\n<p style=\"text-align: justify;\"><strong>\u00a0\u00a0\u00a0\u00a0\u00a0\u00a0\u00a0\u00a0\u00a0\u00a0\u00a0\u00a0\u00a0\u00a0\u00a0 \u00bfUn lugar que le gustar\u00eda visitar antes de morir? <\/strong>La Patagonia.<\/p>\n<p style=\"text-align: justify;\"><strong>\u00a0\u00a0\u00a0\u00a0\u00a0\u00a0\u00a0\u00a0\u00a0\u00a0\u00a0\u00a0\u00a0\u00a0\u00a0 \u00bfUn color? <\/strong>El verde.<\/p>\n<p style=\"text-align: justify;\">\n<p style=\"text-align: right;\"><strong>Entrevista por Ricardo Campos Urbaneja<\/strong><\/p>\n<p style=\"text-align: right;\"><strong>Ir\u00fan<\/strong><\/p>\n","protected":false},"excerpt":{"rendered":"<p>Queridos lectores del Granada Costa, para esta ocasi\u00f3n tengo el incre\u00edble privilegio de entrevistar a toda una leyenda e instituci\u00f3n&hellip;<\/p>\n","protected":false},"author":3,"featured_media":33134,"comment_status":"open","ping_status":"open","sticky":false,"template":"","format":"standard","meta":{"om_disable_all_campaigns":false,"_mi_skip_tracking":false,"_monsterinsights_sitenote_active":false,"_monsterinsights_sitenote_note":"","_monsterinsights_sitenote_category":0,"footnotes":""},"categories":[21],"tags":[],"aioseo_notices":[],"_links":{"self":[{"href":"https:\/\/granadacostaglobal.es\/index.php?rest_route=\/wp\/v2\/posts\/33133"}],"collection":[{"href":"https:\/\/granadacostaglobal.es\/index.php?rest_route=\/wp\/v2\/posts"}],"about":[{"href":"https:\/\/granadacostaglobal.es\/index.php?rest_route=\/wp\/v2\/types\/post"}],"author":[{"embeddable":true,"href":"https:\/\/granadacostaglobal.es\/index.php?rest_route=\/wp\/v2\/users\/3"}],"replies":[{"embeddable":true,"href":"https:\/\/granadacostaglobal.es\/index.php?rest_route=%2Fwp%2Fv2%2Fcomments&post=33133"}],"version-history":[{"count":0,"href":"https:\/\/granadacostaglobal.es\/index.php?rest_route=\/wp\/v2\/posts\/33133\/revisions"}],"wp:featuredmedia":[{"embeddable":true,"href":"https:\/\/granadacostaglobal.es\/index.php?rest_route=\/"}],"wp:attachment":[{"href":"https:\/\/granadacostaglobal.es\/index.php?rest_route=%2Fwp%2Fv2%2Fmedia&parent=33133"}],"wp:term":[{"taxonomy":"category","embeddable":true,"href":"https:\/\/granadacostaglobal.es\/index.php?rest_route=%2Fwp%2Fv2%2Fcategories&post=33133"},{"taxonomy":"post_tag","embeddable":true,"href":"https:\/\/granadacostaglobal.es\/index.php?rest_route=%2Fwp%2Fv2%2Ftags&post=33133"}],"curies":[{"name":"wp","href":"https:\/\/api.w.org\/{rel}","templated":true}]}}