{"id":33128,"date":"2022-09-13T16:21:43","date_gmt":"2022-09-13T15:21:43","guid":{"rendered":"http:\/\/granadacostanacional.es\/?p=33128"},"modified":"2022-09-13T16:21:43","modified_gmt":"2022-09-13T15:21:43","slug":"la-lagrima-de-la-virgen-ii-de-vi","status":"publish","type":"post","link":"https:\/\/granadacostaglobal.es\/?p=33128","title":{"rendered":"La l\u00e1grima de la Virgen (II de VI)"},"content":{"rendered":"\n<p class=\"has-text-align-right\"><em>El relato \u00abLa l\u00e1grima de la Virgen\u00bb forma parte de mi libro \u00abComprimidos para la memoria o recuerdos comprimidos\u00bb (Valencia 2017)<\/em><\/p>\n\n\n\n<p>Un vecino, que cuando mozo hab\u00eda sido soldado, dijo haber visto, entrada la noche, a un par de embozados transitar por esa calle, pens\u00f3 que ser\u00edan aguaciles, dado que de sus negras capas sobresal\u00edan las vainas de las espadas, precisando que una era ropera de lazo y la otra de taza. Pero lo que le extra\u00f1\u00f3 es que uno portaba saya talar bajo la capa. Le hab\u00eda llamado la atenci\u00f3n la torva mirada de este \u00faltimo, de la que hac\u00eda mofa.<\/p>\n\n\n\n<p>Los aguaciles del barrio negaron haber estado por all\u00ed a esas horas, hab\u00edan iniciado la ronda al filo de la media noche y el vecino dec\u00eda haberlos visto con las primeras sombras.<\/p>\n\n\n\n<p>A Flori\u00e1n, al igual que les pas\u00f3 a los compa\u00f1eros de Diego, le extra\u00f1\u00f3 que los carreteros, durante toda la carga, no se hubieran desprendido de sus embozos, dado lo caluroso de aquellas fechas, pero no los relacion\u00f3 con la muerte de Diego porque cargaron muy de ma\u00f1ana y partieron, inmediatamente, para Francia.<\/p>\n\n\n\n<p>Aunque Flori\u00e1n, como hab\u00eda prometido a Felipe y a Gabriela, no abandon\u00f3 la investigaci\u00f3n ya no pudo ventear nuevos indicios que le ayudaran a prender al o a los asesinos. Estaba convencido que hab\u00edan sido aquellos dos tapados, a los que el vecino crey\u00f3 ver. Otro dijo haberlos visto en lo alto de un carro que transportaba un gran bulto, pero no recordaba a qu\u00e9 hora y no quedaba claro si se trataba de los que hab\u00edan recogido la imagen o de otros.<\/p>\n\n\n\n<p>Bernardo confirm\u00f3 que esa ma\u00f1ana hab\u00eda expedido una imagen tallada por Diego con destino a una iglesia francesa, aclarando que se trataba del regalo para un alto jerarca de la iglesia, y que el oferente deseaba permanecer en el anonimato, para lo que hab\u00eda pagado generosamente, y de ah\u00ed la reserva con la que se trat\u00f3.<\/p>\n\n\n\n<p>Flori\u00e1n reuni\u00f3 a Gabriela y a sus hijos, les narr\u00f3 sus indagaciones y los pobres resultados obtenidos, aunque jur\u00f3 solemnemente no rendirse hasta esclarecerlo. Resumiendo su opini\u00f3n, no cre\u00eda que si lo que estaba esculpiendo era una Virgen para una alta personalidad eclesi\u00e1stica, no permitiese verla a sus trabajadores, aunque solo fuese para aprender de la t\u00e9cnica con que se trabajaba. Prefer\u00eda creer la historia de los trabajadores, que dec\u00edan que lo all\u00ed se estaba tallando era una figura obscena. El dolor de los familiares del finado no recibi\u00f3 alivio alguno.<\/p>\n\n\n\n<p>Gabriela, que s\u00ed sab\u00eda cu\u00e1l fue el \u00faltimo trabajo de Diego call\u00f3. \u00c9l se lo hab\u00eda contado la \u00faltima vez que yaci\u00f3 con ella, pero ella hab\u00eda prometido no revelarlo, para que no se supiera que \u00e9l hab\u00eda faltado a su promesa de no desvelar la naturaleza del encargo.<\/p>\n\n\n\n<p>Solo Bernardo conoc\u00eda los pormenores del encargo en que trabajaba Diego. En otros tiempos lo hubiese esculpido \u00e9l mismo, pero con la vista tan mermada y la avanzada artrosis no pod\u00eda emplearse como antes. Precisaba a Diego. Por eso cuando, meses atr\u00e1s, este le abord\u00f3 con la pretensi\u00f3n de dejar el taller para establecerse por su cuenta, Bernardo hubo de tragar sapos y culebras para que su oficial no le abandonara en aquel momento.<\/p>\n\n\n\n<p>Diego era reconocido como un magnifico tallista, llevaba muchos a\u00f1os de oficial y a Bernardo que era su maestro, ya no le quedaba nada que ense\u00f1arle, pero este lo precisaba para mantener la fama de su taller, \u00e9l ten\u00eda buenos contactos con el clero y la nobleza que eran quienes permit\u00edan que esa actividad no desapareciese, pero sin unas buenas manos en el taller, este se vendr\u00eda abajo. Lo que m\u00e1s sorprendi\u00f3 a Diego, al decirle que se iba, es que Bernardo se &nbsp;mostrara m\u00e1s apesadumbrado que irritado.<\/p>\n\n\n<div class=\"wp-block-image\">\n<figure class=\"aligncenter\"><a href=\"http:\/\/granadacostanacional.es\/wp-content\/uploads\/2022\/09\/LV-2\u00aa-web.jpg\"><img decoding=\"async\" src=\"http:\/\/granadacostanacional.es\/wp-content\/uploads\/2022\/09\/LV-2\u00aa-web-1024x682.jpg\" alt=\"LV 2\u00aa web\" class=\"wp-image-33130\"\/><\/a><\/figure><\/div>\n\n\n<p><\/p>\n\n\n\n<p>\u2014Has elegido el peor momento para irte, y no lo digo por m\u00ed, sino por ti y&nbsp; tu futura carrera.<\/p>\n\n\n\n<p>\u2014\u00bfPor qu\u00e9 maestro?<\/p>\n\n\n\n<p>\u2014Siempre te dije que ten\u00eda grandes planes para ti y ahora hab\u00eda llegado el momento. Es una l\u00e1stima que quieras irte. En fin, se lo pasar\u00e9 a mi yerno. Maneja la gubia peor que t\u00fa, pero es lo que hay. Yo ya no estoy para la talla.<\/p>\n\n\n\n<p>\u2014Compr\u00e9ndame maestro, aqu\u00ed nunca pasare de oficial y creo estar capacitado para ejercer de maestro\u2026 aunque sea bajo su direcci\u00f3n. Pero s\u00e9 que nombrar\u00e1 maestro a su yerno y cuando usted falte, quiera Dios que tarde mucho, ser\u00e9 un oficial a las \u00f3rdenes de mi aprendiz.<\/p>\n\n\n\n<p>\u2014Te entiendo y por eso te hab\u00eda reservado este encargo, que nos hace un noble que no quiere desvelar su nombre y que, seg\u00fan se rumorea, es para obsequiar a Su Santidad. Pensaba que lo tallaras tu solo de principio a fin, y luego, cuando se la entregasen al Papa, si \u00e9l lo consent\u00eda, te anunciar\u00eda como su autor, eso te permitir\u00eda emprender, m\u00e1s desahogado, tu maestr\u00eda independiente y a m\u00ed guardar dos tercios del precio de la obra, el otro tercio ser\u00eda para ti, que falta te har\u00e1 para ponerte por tu cuenta. Pero si te vas, ya me las arreglar\u00e9 para cumplir el encargo. \u00bfCu\u00e1ndo te vas?<\/p>\n\n\n\n<p>\n<\/p>\n\n\n\n<p>\u2014 Maestro\u2026 si quiere me quedo a acabar esa obra y luego me voy\u2026<\/p>\n\n\n\n<p>\u2014\u00bfY c\u00f3mo s\u00e9 que trabajaras con todo tu esp\u00edritu, si al acabar te piensas ir? Nada te importar\u00e1 el buen nombre de mi taller.<\/p>\n\n\n\n<p>\u2014Maestro si no le gusta como la concluyo, no me pague\u2026<\/p>\n\n\n\n<p>Bernardo se qued\u00f3 pensativo, en su interior parec\u00eda librarse una tremenda contienda y tras mucho pensar acept\u00f3, ante la expectaci\u00f3n de Diego.<\/p>\n\n\n\n<p>\u2014Aunque tengo adelantada la mitad del precio del encargo, no te dar\u00e9 nada hasta que la concluyas a mi gusto. Cobraras todas las semanas igual que hasta ahora, y si la imagen me gusta te dar\u00e9 un tercio de la merced que por ella reciba. Si no me gusta deber\u00e1s trabajar para mi taller hasta que considere pagados los estipendios que te d\u00e9 mientras la concluyes y los materiales que se echen a perder. \u00bfAceptas?<\/p>\n\n\n\n<p>Diego, confiado en su habilidad, acepto, aunque con aquello se jugara el futuro de su familia.<\/p>\n\n\n\n<p>\u2014Acepto maestro.<\/p>\n\n\n\n<p>\u2014Creo que hemos tomado la decisi\u00f3n acertada. Ahora te explicar\u00e9 como ha de ser el encargo, pero lo primero que has de saber es que nadie, absolutamente nadie, debe conocer en qu\u00e9 est\u00e1s trabajando, ni ninguna caracter\u00edstica o detalle del encargo. Te encerraras en mi estudio particular y no abrir\u00e1s a nadie, a excepci\u00f3n m\u00eda. No se lo contaras a nadie del taller ni de fuera, ni siquiera a tu mujer o tus hijos. \u00bfEnterado?<\/p>\n\n\n\n<p class=\"has-text-align-right\"><strong>Continuar\u00e1<\/strong><\/p>\n\n\n\n<p class=\"has-text-align-right\"><strong>Alberto Gim\u00e9nez Prieto<\/strong><\/p>\n","protected":false},"excerpt":{"rendered":"<p>El relato \u00abLa l\u00e1grima de la Virgen\u00bb forma parte de mi libro \u00abComprimidos para la memoria o recuerdos comprimidos\u00bb (Valencia&hellip;<\/p>\n","protected":false},"author":3,"featured_media":23523,"comment_status":"open","ping_status":"open","sticky":false,"template":"","format":"standard","meta":{"om_disable_all_campaigns":false,"_mi_skip_tracking":false,"_monsterinsights_sitenote_active":false,"_monsterinsights_sitenote_note":"","_monsterinsights_sitenote_category":0,"footnotes":""},"categories":[21],"tags":[],"aioseo_notices":[],"_links":{"self":[{"href":"https:\/\/granadacostaglobal.es\/index.php?rest_route=\/wp\/v2\/posts\/33128"}],"collection":[{"href":"https:\/\/granadacostaglobal.es\/index.php?rest_route=\/wp\/v2\/posts"}],"about":[{"href":"https:\/\/granadacostaglobal.es\/index.php?rest_route=\/wp\/v2\/types\/post"}],"author":[{"embeddable":true,"href":"https:\/\/granadacostaglobal.es\/index.php?rest_route=\/wp\/v2\/users\/3"}],"replies":[{"embeddable":true,"href":"https:\/\/granadacostaglobal.es\/index.php?rest_route=%2Fwp%2Fv2%2Fcomments&post=33128"}],"version-history":[{"count":0,"href":"https:\/\/granadacostaglobal.es\/index.php?rest_route=\/wp\/v2\/posts\/33128\/revisions"}],"wp:featuredmedia":[{"embeddable":true,"href":"https:\/\/granadacostaglobal.es\/index.php?rest_route=\/"}],"wp:attachment":[{"href":"https:\/\/granadacostaglobal.es\/index.php?rest_route=%2Fwp%2Fv2%2Fmedia&parent=33128"}],"wp:term":[{"taxonomy":"category","embeddable":true,"href":"https:\/\/granadacostaglobal.es\/index.php?rest_route=%2Fwp%2Fv2%2Fcategories&post=33128"},{"taxonomy":"post_tag","embeddable":true,"href":"https:\/\/granadacostaglobal.es\/index.php?rest_route=%2Fwp%2Fv2%2Ftags&post=33128"}],"curies":[{"name":"wp","href":"https:\/\/api.w.org\/{rel}","templated":true}]}}