{"id":32946,"date":"2022-08-29T09:55:53","date_gmt":"2022-08-29T08:55:53","guid":{"rendered":"http:\/\/granadacostanacional.es\/?p=32946"},"modified":"2022-08-29T09:55:53","modified_gmt":"2022-08-29T08:55:53","slug":"los-sesos-tambien-se-secan","status":"publish","type":"post","link":"https:\/\/granadacostaglobal.es\/?p=32946","title":{"rendered":"Los sesos tambi\u00e9n se secan"},"content":{"rendered":"<p style=\"text-align: justify;\">En un principio ante la mara\u00f1a del desconocimiento y la falta de empat\u00eda sobre el grave problema de la lamentable sequ\u00eda severa que padece Espa\u00f1a y en especial Almu\u00f1\u00e9car, tengo que manifestar que por un lado los sesos tambi\u00e9n se secan y recordando aquel t\u00edtulo de la canci\u00f3n de las Ketchup \u201c<em>Aunque parezca mentira, me pongo colorada<\/em> cuando me miras\u201dparece el principal argumento de la contrarr\u00e9plica que me lleva a exponer mi art\u00edculo\u00a0 y que se podr\u00eda aludir con otro tipo de mirada que desconcierta cuando se entrevista en una televisi\u00f3n de \u00e1mbito nacional a un alcalde para dar a conocer las medidas que se tomar\u00e1n en el citado municipio de la Costa tropical, para que sean titular como si de algo novedoso e importante se tratara.<\/p>\n<p style=\"text-align: justify;\">As\u00ed pues, o\u00eddo y visto lo que se comunica, he de pensar que tanto el medio como el emisor dejan mucho que desear. Porque es evidente que hay que tomar medidas ante la sequ\u00eda, pero extra\u00f1a que no se haya hecho cuando se manifiesta que la poblaci\u00f3n se quintuplica en verano, pues el ahorro ser\u00eda bastante m\u00e1s considerable y significativo. En este sentido, por otro lado, es evidente que se demuestra con esa actitud lo irracional e irrelevante de la propuesta cuando no lo poco rigorosa. \u00bfAcaso no estamos viviendo la sequ\u00eda desde primeros de a\u00f1o, c\u00f3mo no se ha manifestado mucho antes ante el conocimiento de la salinizaci\u00f3n para no despilfarrar el agua tan necesaria, y si la soluci\u00f3n es la canalizaci\u00f3n de la presa de Rules, a qu\u00e9 esperan para ejecutar por v\u00eda urgente un proyecto que lleva sin ser viable casi dos d\u00e9cadas? Por tanto, algo no cuadra en este puzle desinformativo y de entretenimiento, si no de desviaci\u00f3n de lo fundamental como dir\u00eda N Chomsky al explicarnos las estrategias de manipulaci\u00f3n.<\/p>\n<p style=\"text-align: justify;\">El cinismo no es poco cuando se act\u00faa por omisi\u00f3n o por insuficiente, incapacidad e inadecuada acci\u00f3n preventiva. Tambi\u00e9n se dice mucho de estos y otros representantes en cuesti\u00f3n cuando se les llenan la boca de frases del tipo\u00a0 \u201chemos hecho los deberes\u201d, como si fuesen alumnos suspensos y no responsables para la labor que han sido encomendados; lo que denota la poca formaci\u00f3n y actitud indolente ante el desconocimiento como pensar\u00eda S\u00f3crates; piensen ustedes a qu\u00e9 alumnos nos referimos ya que tanto va el c\u00e1ntaro a la fuente de los Medios de Comunicaci\u00f3n y redes sociales que se rompe o se seca, como si fuese una pel\u00edcula de Bu\u00f1uel, Truffaut o nuestro actual Santiago Segura&#8230;Pues no transforma ni mejora quien no tiene propuestas como dir\u00eda Cervantes en boca de su Quijote acorde y en la misma l\u00ednea de Kant cuando plantea que debemos hacer un uso adecuado de la raz\u00f3n como experto o por deber moral si no queremos caer en la simpleza m\u00e1s ruda de Sancho.<\/p>\n<p style=\"text-align: justify;\">En este sentido yo dir\u00eda no transforma y no salva los problemas de la vida cotidiana quien no lucha y no hace nada, porque para dejar de ser oprimido no se inmiscuye en la b\u00fasqueda y soluci\u00f3n de la verdad, aunque duela, sino que manifiesta la m\u00e1s tremenda ignorancia porque no ve quien no quiere ver. Recapitulando: no soluciona nada quien para ahorrar agua, lo justifica con medidas que todo bando u ordenanza proh\u00edbe no lavar los veh\u00edculos en la v\u00eda p\u00fablica desde tiempos remotos en cualquier municipio, aunque han olvidado que a pesar de no baldear las calles, deber\u00edan vigilar la gran cantidad de cacas que no recogen los propietarios de los perros para que podamos pasear decentemente por nuestras calles sin sortearlas o pisarlas, complemento necesario para el mantenimiento del deficiente servicio de limpieza, y como deber\u00edan saber nuestras Autoridades, unas cosas llevan a las otras. Juzguen ustedes.<\/p>\n<p style=\"text-align: right;\"><strong>Francisco Velasco Rey<\/strong><\/p>\n","protected":false},"excerpt":{"rendered":"<p>En un principio ante la mara\u00f1a del desconocimiento y la falta de empat\u00eda sobre el grave problema de la lamentable&hellip;<\/p>\n","protected":false},"author":3,"featured_media":0,"comment_status":"open","ping_status":"open","sticky":false,"template":"","format":"standard","meta":{"om_disable_all_campaigns":false,"_mi_skip_tracking":false,"_monsterinsights_sitenote_active":false,"_monsterinsights_sitenote_note":"","_monsterinsights_sitenote_category":0,"footnotes":""},"categories":[21],"tags":[],"aioseo_notices":[],"_links":{"self":[{"href":"https:\/\/granadacostaglobal.es\/index.php?rest_route=\/wp\/v2\/posts\/32946"}],"collection":[{"href":"https:\/\/granadacostaglobal.es\/index.php?rest_route=\/wp\/v2\/posts"}],"about":[{"href":"https:\/\/granadacostaglobal.es\/index.php?rest_route=\/wp\/v2\/types\/post"}],"author":[{"embeddable":true,"href":"https:\/\/granadacostaglobal.es\/index.php?rest_route=\/wp\/v2\/users\/3"}],"replies":[{"embeddable":true,"href":"https:\/\/granadacostaglobal.es\/index.php?rest_route=%2Fwp%2Fv2%2Fcomments&post=32946"}],"version-history":[{"count":0,"href":"https:\/\/granadacostaglobal.es\/index.php?rest_route=\/wp\/v2\/posts\/32946\/revisions"}],"wp:attachment":[{"href":"https:\/\/granadacostaglobal.es\/index.php?rest_route=%2Fwp%2Fv2%2Fmedia&parent=32946"}],"wp:term":[{"taxonomy":"category","embeddable":true,"href":"https:\/\/granadacostaglobal.es\/index.php?rest_route=%2Fwp%2Fv2%2Fcategories&post=32946"},{"taxonomy":"post_tag","embeddable":true,"href":"https:\/\/granadacostaglobal.es\/index.php?rest_route=%2Fwp%2Fv2%2Ftags&post=32946"}],"curies":[{"name":"wp","href":"https:\/\/api.w.org\/{rel}","templated":true}]}}