{"id":32911,"date":"2022-08-24T13:00:51","date_gmt":"2022-08-24T12:00:51","guid":{"rendered":"http:\/\/granadacostanacional.es\/?p=32911"},"modified":"2022-08-24T13:00:51","modified_gmt":"2022-08-24T12:00:51","slug":"la-escritora-de-los-suenos-1a-parte","status":"publish","type":"post","link":"https:\/\/granadacostaglobal.es\/?p=32911","title":{"rendered":"La escritora de los sue\u00f1os. 1\u00aa Parte"},"content":{"rendered":"<p style=\"text-align: justify;\">\u2013Que quieres \u00bfqu\u00e9?<\/p>\n<p style=\"text-align: justify;\">\u2013Un libro.<\/p>\n<p style=\"text-align: justify;\">\u2013Hijo, d\u00e9jate de tonter\u00edas y olvida esas fantas\u00edas. Deja ya de so\u00f1ar, es una p\u00e9rdida de tiempo, pisa el mundo real. Anda vete a la cama que ma\u00f1ana hay trabajo.<\/p>\n<p style=\"text-align: justify;\">El joven Cristian cerr\u00f3 los ojos y cay\u00f3 en un profundo sue\u00f1o. La Ninfa de los sue\u00f1os le cogi\u00f3 de la mano y lo llev\u00f3 a su mundo.<\/p>\n<p style=\"text-align: justify;\">\u2013\u00a1Por fin has llegado!, \u2013exclam\u00f3 el anciano\u2013. \u00a1Oh! Veo que la Ninfa te ha encontrado, te hemos esperado impacientes. Yo soy Pedro y mi compa\u00f1era Mariam. No os qued\u00e9is ah\u00ed fuera, entrad.<\/p>\n<p style=\"text-align: justify;\">Aquella pareja tan encantadora parec\u00eda salir de las p\u00e1ginas de un cuento. Aquello convenci\u00f3 al joven invitado de que, al d\u00eda siguiente despertar\u00eda en su cama y recordar\u00eda aquello tan s\u00f3lo como un hermoso sue\u00f1o.<\/p>\n<p style=\"text-align: justify;\">Pedro ten\u00eda el aspecto de un simp\u00e1tico mago. Pero no de los de varita m\u00e1gica, sino de taller, los de experimentos con f\u00f3rmulas y pociones, un alquimista. Al menos eso hac\u00eda pensar las manchas circulares de holl\u00edn alrededor de los ojos, marcas de la explosi\u00f3n de alguna extra\u00f1a p\u00f3cima en su cara mientras llevaba unas gafas protectoras. Sus ojos no eran muy grandes, ni expresivos, pero los abr\u00eda tanto al hablar, que daba vida a todo lo que dec\u00eda.<\/p>\n<p style=\"text-align: justify;\">El rostro envejecido de Mariam, no imped\u00eda mostrar que en otro tiempo fue una mujer muy bella. Sus ojos eran de un azul felino muy claro. Sus cabellos largos y blancos que ca\u00edan sobre un pijama rojo de punto la hac\u00edan encantadora.<\/p>\n<p style=\"text-align: justify;\">Cristian examin\u00f3 cada rinc\u00f3n de aquella casa y ni la mejor descripci\u00f3n de ning\u00fan cuento que hubiese le\u00eddo, le habr\u00eda hecho justicia. En el aire flotaba aroma a chocolate reci\u00e9n hecho. Una c\u00f3moda antigua, soportaba un gran espejo y delante un desfile de fotograf\u00edas. Al fondo una peque\u00f1a mesa llena de papeles desordenados y sobre estos una m\u00e1quina de escribir antigua, una preciada R\u00e9mington, una autentica pieza de coleccionista.<\/p>\n<p style=\"text-align: justify;\">Cristian se sent\u00f3 en una peque\u00f1a butaca frente a una chimenea de enorme boca que guardaba un extra\u00f1o fuego. Las llamas eran lentas y al elevarse dibujaban hermosas figuras. Fascinado se gir\u00f3 y pregunt\u00f3.<\/p>\n<p style=\"text-align: justify;\">\u2013Pero \u00bfqu\u00e9 sitio es este?&#8230; \u00bfD\u00f3nde estoy?<\/p>\n<p style=\"text-align: justify;\">\u2013\u00bfQu\u00e9 d\u00f3nde est\u00e1s? En el mundo de los sue\u00f1os \u2013dijo Pedro\u2013 el lugar donde nacen, un mundo lleno de criaturas m\u00e1gicas aut\u00e9nticas. Nosotros somos los constructores. Utilizamos vuestra imaginaci\u00f3n junto a algunos condimentos m\u00e1gicos con los que creamos escenarios y personajes entra\u00f1ables en vuestros sue\u00f1os. Construimos los sue\u00f1os.<\/p>\n<p style=\"text-align: justify;\">\u2013Pedro es el ingeniero\u2026 \u2013continu\u00f3 Mariam mientras se sentaba con razonable lentitud en una vieja butaca\u2013 en su taller mezcla los condimentos necesarios para cada tipo de sue\u00f1o y entonces a\u00f1ade algo esencial en nuestro mundo. Algo que lo une todo para que surja la magia y nazcan los sue\u00f1os. De ese algo me encargo yo. Soy la escritora del mundo de los sue\u00f1os.<\/p>\n<p style=\"text-align: justify;\">\u2013\u00bfEscribes las historias de mis sue\u00f1os? \u2013dijo Cristian.<\/p>\n<p style=\"text-align: justify;\">No, yo vivo atada a esa vieja m\u00e1quina de escribir para crear las historias de tus libros, si, de esos que escondes de tu padre. Los libros siembran semillas en los ni\u00f1os y en los adultos que todav\u00eda creen en la magia, para que surja la imaginaci\u00f3n. Gracias a los libros so\u00f1\u00e1is aventuras, so\u00f1\u00e1is mas v\u00edvidamente, so\u00f1\u00e1is en colores que no hab\u00e9is visto nunca, viv\u00eds el doble de tiempo porque viv\u00eds mientras so\u00f1\u00e1is.<\/p>\n<p style=\"text-align: justify;\">Mariam paus\u00f3 y su sonrisa que parec\u00eda eterna desapareci\u00f3. Cambi\u00f3 el tono de su voz a uno triste, hasta las danzarinas llamas de la chimenea casi se extinguieron.<\/p>\n<p style=\"text-align: justify;\">\u2013Desde hace ya mucho \u2013continu\u00f3 Mariam con los ojos brillantes\u2013, cada noche miles de ni\u00f1os, ni\u00f1as y adultos que todav\u00eda sab\u00edan sentirse peque\u00f1os, al cerrar los ojos para dormir, ven\u00edan hasta nosotros con sus pijamas. Volv\u00edan dispuestos a vivir mil aventuras y aqu\u00ed est\u00e1bamos, a la espera de su llegada. Pero desde hace alg\u00fan tiempo est\u00e1n pasando cosas muy extra\u00f1as. Todo empez\u00f3 en el epicentro de nuestro mundo, fue atrapado por una magia negra desconocida que se alimentaba de imaginaci\u00f3n. Los ni\u00f1os comenzaron a sustituir los libros por extra\u00f1os artilugios, muchas pantallas que ya le ofrec\u00edan sue\u00f1os enlatados donde ya no era necesaria su imaginaci\u00f3n y a los padres les ocurri\u00f3 algo parecido, se convirtieron en adultos demasiado serios y carentes de imaginaci\u00f3n. Ya quedan muy pocos que todav\u00eda so\u00f1\u00e1is, que todav\u00eda disfrut\u00e1is con un buen libro.<\/p>\n<p style=\"text-align: justify;\">Cristian asent\u00eda con la cabeza sin darse cuenta de ello. Pens\u00f3 en las personas que conoc\u00eda y encajaban con su descripci\u00f3n, adem\u00e1s record\u00f3 algo que su padre dijo sobre cierto cient\u00edfico, que bautiz\u00f3 su descubrimiento como el \u201cnosue\u00f1o evolutivo\u201d, al averiguar que las personas sue\u00f1an cada vez menos.<\/p>\n<p style=\"text-align: justify;\">\u2013Vuestra imaginaci\u00f3n es la magia m\u00e1s poderosa que existe, \u2013aclaraba Pedro, aunque sab\u00eda que a Cristian se le amontonaban las ideas que deb\u00eda asimilar\u2013, es el principal fermento con el que creamos los sue\u00f1os. Pero esa magia negra tecnol\u00f3gica la est\u00e1 destruyendo.<\/p>\n<p style=\"text-align: justify;\">La Ninfa caminaba impaciente de un lado a otro de la estancia, se sentaba y agitaba la pierna con movimientos involuntarios. Volv\u00eda a levantarse y caminaba de nuevo, ya no pod\u00eda m\u00e1s al ver que a Cristian se le agolpaban las noticias. Ni siquiera parec\u00eda entender lo de la imaginaci\u00f3n y el fermento, de modo que quiso acortar las explicaciones a su manera.<\/p>\n<p style=\"text-align: justify;\"><a href=\"http:\/\/granadacostanacional.es\/wp-content\/uploads\/2022\/08\/pexels-min-an-1448709.jpg\"><img decoding=\"async\" loading=\"lazy\" class=\"aligncenter size-large wp-image-32912\" src=\"http:\/\/granadacostanacional.es\/wp-content\/uploads\/2022\/08\/pexels-min-an-1448709-1024x679.jpg\" alt=\"pexels-min-an-1448709\" width=\"1024\" height=\"679\" \/><\/a><\/p>\n<p style=\"text-align: justify;\">\u2013A ver, para que lo entiendas, puesto que en vuestro mundo sois tan racionales \u2013La Ninfa parec\u00eda algo irritada\u2013 necesitareis una respuesta cient\u00edfica por supuesto. Pues ah\u00ed va. Gracias a la neuroplasticidad de vuestro cerebro, la lectura provoca sinapsis en vuestras neuronas produciendo la imaginaci\u00f3n. Esta produce cambios qu\u00edmicos que, como consecuencia, modifican emociones que intervienen en la creaci\u00f3n de los sue\u00f1os. Qu\u00edmicamente elabor\u00e1is neurotransmisores mediante enzimas, que producen el amino\u00e1cido Tript\u00f3fano conocido como hipnosis natural. Este regula la serotonina que a su vez controla la producci\u00f3n y buena recepci\u00f3n de los sue\u00f1os en la fase MOR, produciendo espigas ponto-gen\u00edculo-occipitales, que adem\u00e1s de haceros m\u00e1s inteligentes debido al material cognitivo de los sue\u00f1os, tambi\u00e9n os hace m\u00e1s inteligentes emocionalmente debido al alto contenido emocional de estos. A mi juicio fruto de un sabotaje, alguien trata de impedir que teng\u00e1is tiempo para imaginar, de modo que no se produzca el tript\u00f3fano y como consecuencia no viv\u00e1is esos procesos emocionales y creativos que te ayudan a aprender y desarrollarte. El estr\u00e9s y la estimulaci\u00f3n el\u00e9ctrica mediante aparatos sobre el locus coeruleus producen esta carencia.<\/p>\n<p style=\"text-align: justify;\">Todos se quedaron boquiabiertos mir\u00e1ndola, nadie sab\u00eda que decir, Mariam y Pedro la conoc\u00edan, pero nunca dejaba de sorprenderles. Desde luego habl\u00f3 m\u00e1s como una cient\u00edfica que como una Ninfa de los sue\u00f1os y el silencio dur\u00f3 m\u00e1s de lo deseado, una pausa algo incomoda sobre todo para ella.<\/p>\n<p style=\"text-align: justify;\">La Ninfa se dio cuenta de que estuvo fuera de lugar y se sent\u00f3 de nuevo en el borde de la silla, con las piernas juntas y la cabeza agachada, sin saber d\u00f3nde poner las manos.<\/p>\n<p style=\"text-align: justify;\">\u2013Vale&#8230; creo que me quedare con la explicaci\u00f3n de Pedro, un poco m\u00e1s rom\u00e1ntica \u2013ironiz\u00f3 Cristian, pero desde luego sin salir de su asombro.<\/p>\n<p style=\"text-align: justify;\">\u2013\u00a1Cu\u00e1nto echo de menos construir sue\u00f1os!, \u2013dijo Pedro para liberar a La Ninfa de aquel incomodo protagonismo\u2013, con mucha suerte me tocan dos o tres a la semana, creo que terminare oxidado, con lo emocionante que era ver los sue\u00f1os en movimiento.<\/p>\n<p style=\"text-align: justify;\">Pedro se qued\u00f3 pensativo por unos segundos mientras miraba hacia el techo, como si pudiera ver a trav\u00e9s de este y de repente un pensamiento alegre le hizo regresar.<\/p>\n<p style=\"text-align: justify;\">\u2013\u00a1Vaya! \u00a1Todav\u00eda recuerdo el \u00faltimo sue\u00f1o que cre\u00e9 para ti!, \u2013dijo Pedro\u2013 \u00bfTe gustar\u00eda ver como creamos los sue\u00f1os<\/p>\n<p style=\"text-align: justify;\">\u2013Si claro, estoy deseando \u2013contest\u00f3 Cristian.<\/p>\n<p style=\"text-align: justify;\">\n<p style=\"text-align: right;\">CONTINUAR\u00c1<\/p>\n<p style=\"text-align: right;\">\n<p style=\"text-align: right;\">Manuel Salcedo<\/p>\n","protected":false},"excerpt":{"rendered":"<p>\u2013Que quieres \u00bfqu\u00e9? \u2013Un libro. \u2013Hijo, d\u00e9jate de tonter\u00edas y olvida esas fantas\u00edas. Deja ya de so\u00f1ar, es una p\u00e9rdida&hellip;<\/p>\n","protected":false},"author":2,"featured_media":16911,"comment_status":"open","ping_status":"open","sticky":false,"template":"","format":"standard","meta":{"om_disable_all_campaigns":false,"_mi_skip_tracking":false,"_monsterinsights_sitenote_active":false,"_monsterinsights_sitenote_note":"","_monsterinsights_sitenote_category":0,"footnotes":""},"categories":[21],"tags":[],"aioseo_notices":[],"_links":{"self":[{"href":"https:\/\/granadacostaglobal.es\/index.php?rest_route=\/wp\/v2\/posts\/32911"}],"collection":[{"href":"https:\/\/granadacostaglobal.es\/index.php?rest_route=\/wp\/v2\/posts"}],"about":[{"href":"https:\/\/granadacostaglobal.es\/index.php?rest_route=\/wp\/v2\/types\/post"}],"author":[{"embeddable":true,"href":"https:\/\/granadacostaglobal.es\/index.php?rest_route=\/wp\/v2\/users\/2"}],"replies":[{"embeddable":true,"href":"https:\/\/granadacostaglobal.es\/index.php?rest_route=%2Fwp%2Fv2%2Fcomments&post=32911"}],"version-history":[{"count":0,"href":"https:\/\/granadacostaglobal.es\/index.php?rest_route=\/wp\/v2\/posts\/32911\/revisions"}],"wp:featuredmedia":[{"embeddable":true,"href":"https:\/\/granadacostaglobal.es\/index.php?rest_route=\/"}],"wp:attachment":[{"href":"https:\/\/granadacostaglobal.es\/index.php?rest_route=%2Fwp%2Fv2%2Fmedia&parent=32911"}],"wp:term":[{"taxonomy":"category","embeddable":true,"href":"https:\/\/granadacostaglobal.es\/index.php?rest_route=%2Fwp%2Fv2%2Fcategories&post=32911"},{"taxonomy":"post_tag","embeddable":true,"href":"https:\/\/granadacostaglobal.es\/index.php?rest_route=%2Fwp%2Fv2%2Ftags&post=32911"}],"curies":[{"name":"wp","href":"https:\/\/api.w.org\/{rel}","templated":true}]}}