{"id":32875,"date":"2022-08-17T08:23:46","date_gmt":"2022-08-17T07:23:46","guid":{"rendered":"http:\/\/granadacostanacional.es\/?p=32875"},"modified":"2022-08-17T08:23:46","modified_gmt":"2022-08-17T07:23:46","slug":"gloria-de-malaga-maestra-de-las-raices-andaluzas-y-del-cante-espanol","status":"publish","type":"post","link":"https:\/\/granadacostaglobal.es\/?p=32875","title":{"rendered":"GLORIA DE M\u00c1LAGA  MAESTRA DE LAS RA\u00cdCES ANDALUZAS Y DEL CANTE ESPA\u00d1OL"},"content":{"rendered":"<p class=\"yiv2815152444msonormal\" style=\"text-align: justify;\">\n<p class=\"yiv2815152444msonormal\" style=\"text-align: justify;\"><span style=\"font-size: 14.0pt; font-family: 'Book Antiqua',serif; color: black;\">Gloria de M\u00e1laga, inmortalizada por su populosa voz y cantes de su tierra, es protagonista de d\u00e9cadas musicales de nuestra historia, su reconocida voz es pasarela de color importante en el mundo y nuestra cultura musical, es el embrujo de una \u00e9poca radiada y televisada por los distintos canales de Televisi\u00f3n del mundo y de Espa\u00f1a.\u00a0 <\/span><\/p>\n<p class=\"yiv2815152444msonormal\" style=\"text-align: justify;\"><b><span style=\"font-size: 14.0pt; font-family: 'Book Antiqua',serif; color: black;\">Admirada Gloria, hoy quiero que seas t\u00fa la que nos cuentes tu historia profesional y social. <\/span><\/b><\/p>\n<p class=\"yiv2815152444msonormal\" style=\"text-align: justify;\"><span style=\"font-size: 14.0pt; font-family: 'Book Antiqua',serif; color: black;\">Querida amiga Clementa, quiero resaltarte los memorables momentos y los relevantes personajes del mundo profesional con los que he tenido el honor de compartir escenario y amistad, personajes con los que he convivido durante mi profesi\u00f3n, los que me aportaron mucho, tanto dentro como fuera de mi carrera art\u00edstica.<\/span><\/p>\n<p class=\"yiv2815152444msonormal\" style=\"text-align: justify;\"><span style=\"font-size: 14.0pt; font-family: 'Book Antiqua',serif; color: black;\">Todos ellos fueron muy positivos en mi vida y quiero resaltar la figura de, S. A. D. Jes\u00fas Dumon &#8211; Borb\u00f3n y Rodr\u00edguez -Farnesio presidente de honor del Sindicado Nacional de escritores de la lengua Espa\u00f1ola, el que me impuso la medalla de San Isidoro de Sevilla en el\u00a0 I congreso Nacional de escritores que se hizo en el a\u00f1o 1984 \u00a1mira si ha llovido! Como te he comentado en otras ocasiones para m\u00ed fue de gran alegr\u00eda recibir de sus manos y del Sindicato Nacional de escritores este reconocimiento, que viv\u00ed con much\u00edsima emoci\u00f3n.\u00a0 <\/span><\/p>\n<p class=\"yiv2815152444msonormal\" style=\"text-align: justify;\"><span style=\"font-size: 14.0pt; font-family: 'Book Antiqua',serif; color: black;\">As\u00ed como lo fue D. Mat\u00edas Prat, \u00e9l me ten\u00eda un especial cari\u00f1o, yo tambi\u00e9n a \u00e9l. Jes\u00fas V\u00e1zquez, con \u00e9l que hice algunos programas en Canal Sur, como muchos otros personajes, querida amiga Clementa, con unos tuve m\u00e1s amistad que con otros, pero en general he disfrutado mucho en los escenarios con todos ellos. <\/span><\/p>\n<p class=\"yiv2815152444msonormal\" style=\"text-align: justify;\"><span style=\"font-size: 14.0pt; font-family: 'Book Antiqua',serif; color: black;\">No me puedo olvidar de D. Ignacio Rom\u00e1n, Compositor y creador de canciones, el hizo el Himno a M\u00e1laga para m\u00ed, fue muy emocionante, tambi\u00e9n les hizo canciones a Lola Flores, a su hija Lolita, a Rafael Molina, Antonio Molina, Lolita Savilla, M. Fe de Triana, admirada y gran amiga m\u00eda \u00a1si te contara an\u00e9cdotas, las tengo para aburrir!<\/span><\/p>\n<p class=\"yiv2815152444msonormal\" style=\"text-align: justify;\"><span style=\"font-size: 14.0pt; font-family: 'Book Antiqua',serif; color: black;\">Qu\u00e9 decir de mi gran amigo y presentador Carlos Herrera ahora en la Cope, excelente profesional, como nuestro admirado y querido amigo Manolo Escobar, con el que compart\u00ed ferias y programas, otro de los personajes que me apreciaba much\u00edsimo era Andr\u00e9s Caparros, con el que hice tambi\u00e9n varios programas.<\/span><\/p>\n<p class=\"yiv2815152444msonormal\" style=\"text-align: justify;\"><span style=\"font-size: 14.0pt; font-family: 'Book Antiqua',serif; color: black;\">Clementa, lo cierto es que si te nombrara a todos no terminar\u00edamos nunca, son muchos los a\u00f1os de profesi\u00f3n \u00a1imagina! A comienzos de la televisi\u00f3n yo tan solo era una ni\u00f1a que ya despuntaba como cantante y hab\u00eda ganado concursos y cert\u00e1menes de canto de mi tierra en concursos y festivales de radio, etc. <\/span><\/p>\n<p class=\"yiv2815152444msonormal\" style=\"text-align: justify;\"><span style=\"font-size: 14.0pt; font-family: 'Book Antiqua',serif; color: black;\">Aunque yo lo canto todo, mi vida profesional fue muy intensa sobre todo en el flamenco \u00a1todav\u00eda hoy me requieren en muchos actos y eventos que se realizan! es un honor sentirse querida y reconocida por el p\u00fablico, esto siempre nos da vida, porque quiero que sepas que he vivido para mi familia y mi profesi\u00f3n.<\/span><\/p>\n<p class=\"yiv2815152444msonormal\" style=\"text-align: justify;\"><a href=\"http:\/\/granadacostanacional.es\/wp-content\/uploads\/2022\/08\/1.jpg\"><img decoding=\"async\" loading=\"lazy\" class=\"aligncenter size-large wp-image-32876\" src=\"http:\/\/granadacostanacional.es\/wp-content\/uploads\/2022\/08\/1-768x1024.jpg\" alt=\"1\" width=\"768\" height=\"1024\" \/><\/a><\/p>\n<p class=\"yiv2815152444msonormal\" style=\"text-align: justify;\"><span style=\"font-size: 14.0pt; font-family: 'Book Antiqua',serif; color: black;\">Clementa, quiero recordar algunos personajes de la vida art\u00edstica y cultural de aquellos momentos tan importantes en mi vida y profesi\u00f3n.<\/span><\/p>\n<p class=\"yiv2815152444msonormal\" style=\"text-align: justify;\"><span style=\"font-size: 14.0pt; font-family: 'Book Antiqua',serif; color: black;\">Entre los que se encuentran grandes personalidades como lo es Su Alteza Real D. M. de las Mercedes, abuela del Actual Rey Felipe VI, qu\u00e9 decirte de ella, que fue\u00a0 esplendida conmigo, me pareci\u00f3 una gran persona, le encantaba c\u00f3mo cantaba la misa rociera y las saetas, tambi\u00e9n tengo un recuerdo inolvidable de la Duquesa de Alba, decirte que era excelente persona aparte de una grande de Espa\u00f1a, t\u00fa imagina si fue emocionante conocerla, as\u00ed como a sus hijos, el Duque de Aliaga y Duque de Salvatierra, estuve en varias ocasiones en el Palacio de Liria que es impresionante, en los cumplea\u00f1os del Duque de Aliaga y en el cumplea\u00f1os del Duque de Salvatierra, son\u00a0 muchas las vivencias y an\u00e9cdotas que contarte, si fuera as\u00ed no terminar\u00edamos, por entonces en el Rastrillo de Madrid conoc\u00ed a Norma Duval, maravillosa persona como lo es M. Jos\u00e9 Cantudo, otra persona excelente, no es ni mucho menos como dicen, he coincidido con toreros como Rafi Camino, as\u00ed como con otras personalidades invitadas o asistentes al Rastrillo de Madrid, durante much\u00edsimos a\u00f1os fuimos coincidiendo.<\/span><\/p>\n<p class=\"yiv2815152444msonormal\" style=\"text-align: justify;\"><span style=\"font-size: 14.0pt; font-family: 'Book Antiqua',serif; color: black;\">Del mundo profesional: quiero nombrarte a directores de la talla de D. Antonio Robles del que guardo un recuerdo inolvidable y agradecimiento eterno, fue director de grandes programas de Televisi\u00f3n Espa\u00f1ola, Telecinco y Antena 3, en todos estos programas fui contratada alguna vez, fueron programas de mucho \u00e9xito, el me llamaba a m\u00ed personalmente, le tengo que agradecer esa atenci\u00f3n que tuvo siempre conmigo, al igual que a D. Antonio Guerrero\u00a0 director de programas de Televisi\u00f3n\u00a0 Espa\u00f1ola,\u00a0 Canal Sur, Televisi\u00f3n de Castilla la Mancha, as\u00ed como al productor D. Juan Manuel Hidalgo, as\u00ed como siento un afecto especial por D. Alfredo Amestoy con el que estuve haciendo el programa de Entre Platos Anda el Juego, a este programa le hice una canci\u00f3n, tambi\u00e9n guardo un recuerdo y cari\u00f1o especial a Rappel con el que hice much\u00edsima radio, quiero agradecer\u00a0 a D. Oscar Cavero el que me hizo entrega de la estatua de la Victoria de los cantes en la feria de San Sebasti\u00e1n de los Reyes, \u00e9l era por entonces el director de Radio Exterior de Espa\u00f1a, agradecer tambi\u00e9n a un amigo que lo conozco desde muchachito es ahora un gran pintor, Antonio Montiel, uno de los mejores pintores de la actualidad de Espa\u00f1a, al que quiero y admiro, <\/span><\/p>\n<p class=\"yiv2815152444msonormal\" style=\"text-align: justify;\"><span style=\"font-size: 14.0pt; font-family: 'Book Antiqua',serif; color: black;\">\u00a0<\/span><span style=\"font-size: 14.0pt; font-family: 'Book Antiqua',serif; color: black;\">No puedo olvidarme de D. Francisco Guerra y su familia, otro gran pintor del que guardo gran afecto y cari\u00f1o, un personaje de excepci\u00f3n, de D. Teresa Campos con la que compart\u00ed varios programas de Televisi\u00f3n, una maravillosa profesional y admirable persona.<\/span><\/p>\n<p class=\"yiv2815152444msonormal\" style=\"text-align: justify;\"><a href=\"http:\/\/granadacostanacional.es\/wp-content\/uploads\/2022\/08\/2.jpg\"><img decoding=\"async\" loading=\"lazy\" class=\"aligncenter size-large wp-image-32877\" src=\"http:\/\/granadacostanacional.es\/wp-content\/uploads\/2022\/08\/2-768x1024.jpg\" alt=\"2\" width=\"768\" height=\"1024\" \/><\/a><\/p>\n<p class=\"yiv2815152444msonormal\" style=\"text-align: justify;\"><b><span style=\"font-size: 14.0pt; font-family: 'Book Antiqua',serif; color: black;\">Gloria, \u00bfcon qui\u00e9n has compartido escenario?<\/span><\/b><\/p>\n<p class=\"yiv2815152444msonormal\" style=\"text-align: justify;\"><span style=\"font-size: 14.0pt; font-family: 'Book Antiqua',serif; color: black;\">Quiero sobresaltar la figura de nuestra inolvidable Pepa Flores, no puedo olvidar que Marisol y yo coincid\u00edamos en programas y festivales en nuestros comienzos, siempre fue encantadora, he compartido escenario con Chiquetete, Juanito Valderrama, Dolores Abril, con Perlita de Huelva, Lolita Sevilla, vuelvo a nombrar a mi querida amiga M. Fe de Triana, a M. Jose Santiago, as\u00ed como a cantantes de Flamenco de renombre como lo fue el Lebrijano, un excelente compositor y cantante, como persona inmejorable, que decir de Chiquito de la Calzada hemos contado juntos, mucho antes de que comenzara a ser humorista \u00a1Clementa \u00e9l cantaba maravillosamente bien! pero se decant\u00f3 por el humor, con el no ten\u00edas tiempo para las penas,\u00a0 Jose Manuel Parada muy gracioso y buena gente, el me llevo varias veces a la radio a un programa que se llamaba de la S\u00e1bana Blanca en radio Nacional de Espa\u00f1a, este se realizaba de madrugada, \u00e9l fue quien descubri\u00f3 a una persona que me suplantaba,\u00a0 era una doble que me sali\u00f3 \u00a1ya te lo he contado! tengo recuerdos inolvidables, estos personajes formaron parte de mi vida y de los momentos culturales de Espa\u00f1a, estos son historia de una historia cultural que no se puede ni se debe olvidar.<\/span><\/p>\n<p class=\"yiv2815152444msonormal\" style=\"text-align: justify;\"><span style=\"font-size: 14.0pt; font-family: 'Book Antiqua',serif; color: black;\">Gloria tu profesi\u00f3n tiene la magia de ser vivida con mucha intensidad, s\u00e9 que los caminos no todos son rectos, en ellos se disfruta y tambi\u00e9n se sufre, pero estas vivencias son enriquecedoras, ellas siempre ampl\u00edan nuestros conocimientos, musicales y horizontes culturales. <\/span><\/p>\n<p class=\"yiv2815152444msonormal\" style=\"text-align: justify;\"><span style=\"font-size: 14.0pt; font-family: 'Book Antiqua',serif; color: black;\">As\u00ed es, no me olvido de los muchos que no nombro, todos son importantes en mi vida los unos y los otros, son 47 a\u00f1os de profesi\u00f3n, pero no los puedo enumerar a todos, unos ya no est\u00e1n con nosotros, otros si, a todos los he admirado y querido, de hecho, eran mi segunda familia, quiero deciros que os quiero, aunque no os nombre permanecer\u00e9is permanentemente en mi coraz\u00f3n y en mi recuerdo.<\/span><\/p>\n<p class=\"yiv2815152444msonormal\" style=\"text-align: justify;\"><a href=\"http:\/\/granadacostanacional.es\/wp-content\/uploads\/2022\/08\/3.jpg\"><img decoding=\"async\" loading=\"lazy\" class=\"aligncenter size-large wp-image-32878\" src=\"http:\/\/granadacostanacional.es\/wp-content\/uploads\/2022\/08\/3-768x1024.jpg\" alt=\"3\" width=\"768\" height=\"1024\" \/><\/a><\/p>\n<p class=\"yiv2815152444msonormal\" style=\"text-align: justify;\"><b><span style=\"font-size: 14.0pt; font-family: 'Book Antiqua',serif; color: black;\">Gloria, qu\u00e9 interesante e importante es tu historia para todos.<\/span><\/b><\/p>\n<p class=\"yiv2815152444msonormal\" style=\"text-align: justify;\"><b><span style=\"font-size: 14.0pt; font-family: 'Book Antiqua',serif; color: black;\">Quedamos contigo para que nos hables de tu composici\u00f3n y discograf\u00eda en el pr\u00f3ximo ejemplar del Peri\u00f3dico Granada Costa Proyecto Nacional &#8211; Academia de las Ciencias, Bellas Artes y Buenas Letras.<\/span><\/b><\/p>\n<p class=\"yiv2815152444msonormal\" style=\"text-align: justify;\"><b><span style=\"font-size: 14.0pt; font-family: 'Book Antiqua',serif; color: black;\">Entrevistadora. Clementa L\u00f3pez P\u00e9rez.<\/span><\/b><\/p>\n","protected":false},"excerpt":{"rendered":"<p>Gloria de M\u00e1laga, inmortalizada por su populosa voz y cantes de su tierra, es protagonista de d\u00e9cadas musicales de nuestra&hellip;<\/p>\n","protected":false},"author":3,"featured_media":30260,"comment_status":"open","ping_status":"open","sticky":false,"template":"","format":"standard","meta":{"om_disable_all_campaigns":false,"_mi_skip_tracking":false,"_monsterinsights_sitenote_active":false,"_monsterinsights_sitenote_note":"","_monsterinsights_sitenote_category":0,"footnotes":""},"categories":[21],"tags":[],"aioseo_notices":[],"_links":{"self":[{"href":"https:\/\/granadacostaglobal.es\/index.php?rest_route=\/wp\/v2\/posts\/32875"}],"collection":[{"href":"https:\/\/granadacostaglobal.es\/index.php?rest_route=\/wp\/v2\/posts"}],"about":[{"href":"https:\/\/granadacostaglobal.es\/index.php?rest_route=\/wp\/v2\/types\/post"}],"author":[{"embeddable":true,"href":"https:\/\/granadacostaglobal.es\/index.php?rest_route=\/wp\/v2\/users\/3"}],"replies":[{"embeddable":true,"href":"https:\/\/granadacostaglobal.es\/index.php?rest_route=%2Fwp%2Fv2%2Fcomments&post=32875"}],"version-history":[{"count":0,"href":"https:\/\/granadacostaglobal.es\/index.php?rest_route=\/wp\/v2\/posts\/32875\/revisions"}],"wp:featuredmedia":[{"embeddable":true,"href":"https:\/\/granadacostaglobal.es\/index.php?rest_route=\/"}],"wp:attachment":[{"href":"https:\/\/granadacostaglobal.es\/index.php?rest_route=%2Fwp%2Fv2%2Fmedia&parent=32875"}],"wp:term":[{"taxonomy":"category","embeddable":true,"href":"https:\/\/granadacostaglobal.es\/index.php?rest_route=%2Fwp%2Fv2%2Fcategories&post=32875"},{"taxonomy":"post_tag","embeddable":true,"href":"https:\/\/granadacostaglobal.es\/index.php?rest_route=%2Fwp%2Fv2%2Ftags&post=32875"}],"curies":[{"name":"wp","href":"https:\/\/api.w.org\/{rel}","templated":true}]}}