{"id":32865,"date":"2022-08-17T09:11:49","date_gmt":"2022-08-17T08:11:49","guid":{"rendered":"http:\/\/granadacostanacional.es\/?p=32865"},"modified":"2022-08-17T09:11:49","modified_gmt":"2022-08-17T08:11:49","slug":"entrevista-al-chelista-javier-albares","status":"publish","type":"post","link":"https:\/\/granadacostaglobal.es\/?p=32865","title":{"rendered":"ENTREVISTA AL CHELISTA JAVIER ALBAR\u00c9S"},"content":{"rendered":"<p style=\"text-align: justify;\"><strong>Queridos lectores del Granada Costa, en esta ocasi\u00f3n les traigo al joven chelista Javier Albar\u00e9s Alberca, natural de Campo de Criptana (Ciudad Real). Nuestro entrevistado ha conseguido diversos galardones nacionales e internacionales entre los que podemos destacar el Primer Premio del Concurso Nacional de Violoncello \u201cFlori\u00e1n de Ocampo\u201d de Zamora (2002), Concurso de Villa de Llanes, Premio Extraordinario Fin de Carrera en el Real Conservatorio Superior de Madrid, Certamen de J\u00f3venes Artistas de la Junta de Comunidades de Castilla-La Mancha o Concurso de C\u00e1mara \u201cCiudad de Lucena\u201d.<\/strong><\/p>\n<p style=\"text-align: justify;\"><strong>Ha estudiado y aprendido bajo la formaci\u00f3n de int\u00e9rpretes y maestros de la talla de Rafael Ramos, Llu\u00eds Claret, Mar\u00e7al Cervera, Janos Starker, \u00c9tienne Peclard, Bernard Greenhouse, Wolfgang Boettcher o Daniel Grosgurin con este \u00faltimo logr\u00f3 ampliar sus estudios en el Conservatorio Superior de M\u00fasica de Ginebra (Suiza) y tiene un M\u00e1ster en Investigaci\u00f3n Musical por la Universidad Internacional de La Rioja.<\/strong><\/p>\n<p style=\"text-align: justify;\"><strong>Forma parte del Tr\u00edo Magnacore, con los que mantiene una intensa actividad camer\u00edstica como el ciclo de conciertos de c\u00e1mara en el Club Monteverdi u otros Festivales. Ha compartido el atril con int\u00e9rpretes como Yulia Iglinova, Zakhar Bron, Miguel Borrego, David Fons, Kyumin Park, Elena Kuztnesova, Vadim Gladkov, Cameron Roberts, Sherry Kloss, Kimi Makino, David Mata, Daniel del Pino o Gerald Robbins.<\/strong><\/p>\n<p style=\"text-align: justify;\"><strong>Tambi\u00e9n ha aportado su talento musical para diversas grabaciones, con el Cuarteto Canales, con que los que realiz\u00f3 varias giras que le llevaron a salas de diversos pa\u00edses como Alemania, Italia, B\u00e9lgica, Marruecos y en el Festival de M\u00fasica de Granada. As\u00ed mismo realiza grabaciones para la BBC, Radio Cl\u00e1sica y la Radio de la Suisse Romande.<\/strong><\/p>\n<p style=\"text-align: justify;\"><strong>Tuvo el privilegio de estrenar obras de compositores de la actualidad entre que los que podemos destacar la obra para violoncello orquesta y coro de Giovanni Bonato (1961) \u201cDar gaist ist heute kommet\u201d con la que adem\u00e1s consigui\u00f3 el Primer Premio del Concurso de composici\u00f3n \u201cReina Sof\u00eda\u201d 2009, bajo la direcci\u00f3n de Jos\u00e9 Luis Temes y la OCRTVE. Ha sido invitado en varias ocasiones como solista a la Orquesta Sinf\u00f3nica de Barcelona y Nacional de Catalu\u00f1a. Tambi\u00e9n le han invitado a diversos festivales como: Festival de Villanueva de los Infantes, Festival Groba de Ponteareas, Festival Cl\u00e1sicos en Verano de la Comunidad de Madrid, Festival de Palencia, etc.\u2026<\/strong><\/p>\n<p style=\"text-align: justify;\"><strong>Es solista de violoncello de la Orquesta Sinf\u00f3nica de RTVE desde 2009 y ha ejercido como profesor de violoncello y de repertorio orquestal en el Real Conservatorio Superior de M\u00fasica de Madrid durante el curso 2020-2021.<\/strong><\/p>\n<p style=\"text-align: justify;\"><strong>Actualmente tiene un CD dedicado \u00edntegramente a obras para violoncello solo, cuyo t\u00edtulo es <em>\u201cParaphrasing Bach\u201d <\/em>en el que nos muestra sus versiones de obras de Cassad\u00f3, Casals, D\u00edaz de la Fuente, Reger y Bach.<\/strong><\/p>\n<p style=\"text-align: justify;\"><strong>Dentro del plano pedag\u00f3gico en la actualidad, es profesor asociado en la academia de alto rendimiento <em>Musical Arts, <\/em>con sede en Madrid. Ha dedicado gran parte de su vida a la ense\u00f1anza, y desde el 2006 al 2013 ha sido profesor en el Centro Integrado de Ense\u00f1anzas Musicales Federico Moreno Torroba. Dedicando gran parte de su tiempo a la preparaci\u00f3n de la secci\u00f3n de cellos de algunas orquestas sinf\u00f3nicas de j\u00f3venes como la Joven Orquesta de la Comunidad de Madrid y la Orquesta Joven de Andaluc\u00eda.\u00a0 Frecuentemente es invitado como profesor para impartir masterclass de conservatorios superiores (Sevilla 2015, Ja\u00e9n 2016). Ha ejercido de profesor de diversos cursos de verano como el Mart\u00edn C\u00f3dax de Cuenca, el curso de Requena, el Ciudad de Manzanares, el \u201cJoseph Herrando\u201d de Daimiel, el curso de M\u00fasica de Mendigorr\u00eda, el Curso Internacional de M\u00fasica de Quintanar de la Orden, el Matisse de San Lorenzo de El Escorial, el Curso Internacional de M\u00fasica de Tarazona o el de Valencia de Don Juan en Le\u00f3n.<\/strong><\/p>\n<p style=\"text-align: justify;\"><strong>\u00a0<\/strong><\/p>\n<p style=\"text-align: justify;\"><strong>Sin m\u00e1s pre\u00e1mbulos, daremos comienzo a la entrevista con este fant\u00e1stico chelista que es Javier Albar\u00e9s, al que seguro le aguardan innumerables logros y sorpresas todav\u00eda, las cu\u00e1les esperemos poder vivir y disfrutar escuch\u00e1ndole con ese estilo sonoro que transporta a parajes inusitados. Para los que quieran seguir sus pasos les facilito su perfil de Instagram: @violoncelohunter.<\/strong><\/p>\n<p style=\"text-align: justify;\"><strong>\u00a0<\/strong><\/p>\n<p style=\"text-align: justify;\"><strong>-Lo primero, quiero agradecerte Javier Albar\u00e9s, el tiempo que nos dispensas a la hora de responder a las siguientes preguntas que se leer\u00e1n en el Granada Costa. Mi primera pregunta como es ya una tradici\u00f3n, \u00bfa qu\u00e9 edad aproximada y en qu\u00e9 momento te sentiste atra\u00eddo por el maravilloso mundo de la m\u00fasica?<\/strong><\/p>\n<p style=\"text-align: justify;\"><strong>\u00a0<\/strong><strong>&#8211;<\/strong>Es un placer colaborar con la revista Granada Costa. Pues los albores de mi relaci\u00f3n con la m\u00fasica como con cualquier persona ocurren en la m\u00e1s tierna infancia, cautivado por los conciertos para piano de Mozart que mi padre pon\u00eda en los viajes en coche. Luego, es verdad que la tradici\u00f3n musical de mi pueblo tambi\u00e9n tuvo mucho que ver, y eso unido a que mi hermano mayor estudiaba piano con mucha devoci\u00f3n contribuy\u00f3 a que me decantara por pasar largas horas en el conservatorio y escoger el violoncello como compa\u00f1ero de viaje para el resto de mi vida.<\/p>\n<p style=\"text-align: justify;\"><strong>\u00a0<a href=\"http:\/\/granadacostanacional.es\/wp-content\/uploads\/2022\/08\/20210524-W551-CAM7R4-FOTO0802-RRSS.jpg\"><img decoding=\"async\" loading=\"lazy\" class=\"aligncenter wp-image-32869\" src=\"http:\/\/granadacostanacional.es\/wp-content\/uploads\/2022\/08\/20210524-W551-CAM7R4-FOTO0802-RRSS.jpg\" alt=\"20210524-W551-[CAM7R4]-[FOTO0802]-RRSS\" width=\"600\" height=\"900\" \/><\/a><\/strong><\/p>\n<p style=\"text-align: justify;\"><strong>\u00a0<\/strong><\/p>\n<p style=\"text-align: justify;\"><strong>-Tus padres cuando supieron que deseabas dedicarte al mundo de la m\u00fasica, \u00bfte apoyaron de manera incondicional, o tuvieron sus dudas, prefiriendo que te dedicaras a una profesi\u00f3n quiz\u00e1s m\u00e1s estable y con mejor futuro?<\/strong><\/p>\n<p style=\"text-align: justify;\"><strong>\u00a0<\/strong><strong>&#8211;<\/strong>En mi caso tengo que decir que no opusieron ninguna resistencia, en ese aspecto no tuve m\u00e1s que ir siguiendo una serie de se\u00f1ales que se iban sucediendo de modo natural hasta finalmente optar de manera rotunda por la m\u00fasica. He de decir tambi\u00e9n que, en mi caso, personalmente, nunca me pareci\u00f3 una carrera menor, o un colectivo profesional m\u00e1s inestable o precario. De hecho, existe una red de escuelas, conservatorios, instituciones y orquestas, bastante s\u00f3lida, aunque nunca es suficiente, claro est\u00e1. Adem\u00e1s, no es f\u00e1cil acceder de modo inmediato, es una carrera de fondo. Por otro lado, no todo es tocar un instrumento o ser Rubinstein. Creo que la opini\u00f3n a\u00fan extendida de que de la m\u00fasica no se puede vivir es algo atrasada y anacr\u00f3nica, afortunadamente.<\/p>\n<p style=\"text-align: justify;\"><strong>\u00a0<\/strong><strong>\u00a0<\/strong><\/p>\n<p style=\"text-align: justify;\"><strong>-De todas las \u00e9pocas que se han vivido en la m\u00fasica cl\u00e1sica, y de esos acontecimientos o momentos que han adornado las p\u00e1ginas. \u00bfA qu\u00e9 instante te gustar\u00eda asistir, para poder disfrutarlo en directo y el motivo de tu respuesta?<\/strong><\/p>\n<p style=\"text-align: justify;\"><strong>\u00a0<\/strong><strong>&#8211;<\/strong>Un evento que me hubiera gustado ver en directo es el estreno de El sombrero de tres picos de Manuel de Falla en Londres, con Ernest Ansermet, Diaghilev dirigiendo la coreograf\u00eda y decorados de Picasso, en 1919. Ya no es s\u00f3lo la excelente m\u00fasica y todo lo que compone un ballet de esas caracter\u00edsticas sino el hecho de que un compositor espa\u00f1ol se alzara con el reconocimiento internacional.<\/p>\n<p style=\"text-align: justify;\"><strong>\u00a0<\/strong><\/p>\n<p style=\"text-align: justify;\"><strong>-De todos esos premios y reconocimientos, \u00bfcon cu\u00e1l supiste que fue un antes y un despu\u00e9s, comprendiendo que hab\u00edas acertado con el camino emprendido?<\/strong><\/p>\n<p style=\"text-align: justify;\"><strong>\u00a0<\/strong><strong>&#8211;<\/strong>El primer premio en el concurso nacional de Zamora \u201cFlori\u00e1n de Ocampo\u201d fue el detonante y el impulso que provoc\u00f3 que no cayera en el estancamiento y que buscara todo tipo de rutas para mejorar y crecer en el mundo del violoncello.<\/p>\n<p style=\"text-align: justify;\"><strong>\u00a0<\/strong><\/p>\n<p style=\"text-align: justify;\"><strong>-Has tenido el privilegio de estudiar con innumerables maestros e int\u00e9rpretes. Con cu\u00e1les has sentido que te han dejado mayor huella, a la hora de ponerte a tocar y extraer la sonoridad perfecta que se requiere de cada pieza.<\/strong><\/p>\n<p style=\"text-align: justify;\"><strong>\u00a0<\/strong><strong>&#8211;<\/strong>Todas las personas que intervienen en el proceso de aprendizaje dejan poso y son important\u00edsimas, pero en cuanto al violoncello hay tres nombres que, cada uno en su faceta me han aportado ingredientes al c\u00f3ctel de la interpretaci\u00f3n. Con su sutileza, su amplia experiencia sinf\u00f3nica y camer\u00edstica Rafael Ramos, que adem\u00e1s me aport\u00f3 un factor de sentido com\u00fan y de realismo que fue y es realmente valioso. \u00c9l fue catedr\u00e1tico del Superior de Madrid y solista en la Orquesta Sinf\u00f3nica de Madrid muchos a\u00f1os hasta su jubilaci\u00f3n.<\/p>\n<p style=\"text-align: justify;\"><strong>\u00a0<a href=\"http:\/\/granadacostanacional.es\/wp-content\/uploads\/2022\/08\/20210524-W551-CAM7R4-FOTO0803-RRSS.jpg\"><img decoding=\"async\" loading=\"lazy\" class=\"aligncenter size-large wp-image-32870\" src=\"http:\/\/granadacostanacional.es\/wp-content\/uploads\/2022\/08\/20210524-W551-CAM7R4-FOTO0803-RRSS-1024x683.jpg\" alt=\"20210524-W551-[CAM7R4]-[FOTO0803]-RRSS\" width=\"1024\" height=\"683\" \/><\/a><\/strong><\/p>\n<p style=\"text-align: justify;\"><strong>-Formas parte del Tr\u00edo Magnacore, con los que no dejas de mantener una gran actividad camer\u00edstica. Qu\u00e9 nos puedes contar de ellos, qui\u00e9nes lo componen y qu\u00e9 actividades o conciertos os esperan en un futuro pr\u00f3ximo.<\/strong><\/p>\n<p style=\"text-align: justify;\"><strong>\u00a0<\/strong><strong>&#8211;<\/strong>Son Yulia Iglinova, viol\u00edn y Vadim Gladkov, piano. Son dos solistas de un nivel instrumental y art\u00edstico formidable y adem\u00e1s estupendos compa\u00f1eros y amigos, con los que me une una gran afinidad musical. Ellos dos se conoc\u00edan desde los tiempos del conservatorio y llevamos haciendo tr\u00edo unos cuatro a\u00f1os. Es cierto que llevamos ya un tiempo con una actividad fren\u00e9tica y que el tr\u00edo es parte fundamental de nuestras vidas.<\/p>\n<p style=\"text-align: justify;\"><strong>\u00a0<\/strong><strong>\u00a0<\/strong><\/p>\n<p style=\"text-align: justify;\"><strong>-Qu\u00e9 sentiste y qu\u00e9 nos puedes contar, de cuando recibiste la noticia de ser elegido como cello solista, dentro de Orquesta Sinf\u00f3nica de RTVE. Con ello imagino que se cumplir\u00eda uno de tus sue\u00f1os.<\/strong><\/p>\n<p style=\"text-align: justify;\"><strong>\u00a0<\/strong>-Fue un momento muy dulce y de una gran satisfacci\u00f3n, pero al mismo tiempo como bien me dijo el director titular de entonces, Adrian Leaper, \u201cahora te empiezan los problemas\u201d, por supuesto en el buen sentido. Es un aut\u00e9ntico privilegio y un trabajo de una responsabilidad enorme ya que sirves de nexo de uni\u00f3n entre los designios del director y la cohesi\u00f3n de la secci\u00f3n. Tambi\u00e9n gestionamos los arcos del grupo para que vaya acorde a las dem\u00e1s secciones de la cuerda y preparamos los solos.<\/p>\n<p style=\"text-align: justify;\"><strong>\u00a0<\/strong><strong>\u00a0<\/strong><\/p>\n<p style=\"text-align: justify;\"><strong>-Adem\u00e1s de tu faceta como m\u00fasico, tambi\u00e9n eres profesor y la ense\u00f1anza ocupa gran parte de tu agenda diaria. Inclusive tienes la responsabilidad de preparar a las secciones de cellos de diferentes orquestas de j\u00f3venes m\u00fasicos. C\u00f3mo es compaginar ambas actividades y el instruir a esos futuros m\u00fasicos, tambi\u00e9n te habr\u00e1 ense\u00f1ado algo.<\/strong><\/p>\n<p style=\"text-align: justify;\"><strong>\u00a0<\/strong><strong>&#8211;<\/strong>La preparaci\u00f3n de los ensayos parciales de las secciones de cello en orquestas j\u00f3venes es una de las actividades que m\u00e1s me motivan ya que recibes el feedback, la ilusi\u00f3n y la energ\u00eda que tienen los m\u00fasicos j\u00f3venes, que es altamente contagiosa. Tambi\u00e9n he tenido la suerte de ejercer de profesor en conservatorios de grado medio durante trece a\u00f1os. Realmente esta ha sido la experiencia que m\u00e1s me ha aportado a nivel intelectual, de trabajo paciente, de autoconocimiento y de investigaci\u00f3n sobre la t\u00e9cnica del violoncello.<\/p>\n<p style=\"text-align: justify;\"><strong>\u00a0<\/strong><\/p>\n<p style=\"text-align: justify;\"><strong>\u00a0<\/strong><strong>-Durante tu trayectoria has participado en grabaciones para grandes medios como la BBC, Radio Cl\u00e1sica de RTVE y la Radio Suisse Romande, y tienes un disco propio con obras para cello solo, de grandes compositores. Qu\u00e9 nos puedes contar de ese trabajo discogr\u00e1fico y si veremos editado alg\u00fan disco nuevo en un futuro pr\u00f3ximo.<\/strong><\/p>\n<p style=\"text-align: justify;\"><strong>\u00a0<\/strong><strong>&#8211;<\/strong>Es un cd que ya est\u00e1 las principales plataformas musicales de internet y tambi\u00e9n en tiendas de discos. El proyecto parti\u00f3 de un deseo que ten\u00eda desde muy joven y es grabar cello solo tocando muchos estilos y sin que se perdiera el inter\u00e9s y la emoci\u00f3n al escucharlo. La elecci\u00f3n de las obras fue absolutamente personal y deliberada ya que soy rara avis en ese sentido. He escogido a Reger frente a Hindemith o Kodaly, que suelen ser las sonatas para cello solo del siglo XX favoritas de mis colegas. El lenguaje polif\u00f3nico, enrevesado y obtuso del alem\u00e1n me parece de una inteligencia y de una iron\u00eda soberbia, y escuchar una de sus suites para cello solo produce siempre un efecto embriagador e hipn\u00f3tico.<\/p>\n<p style=\"text-align: justify;\"><strong>\u00a0<\/strong><strong>\u00a0<\/strong><\/p>\n<p style=\"text-align: justify;\"><strong>-Sabemos que, en mayor o menor medida, todos los artistas tienen man\u00edas o supersticiones antes de salir al escenario. En el caso de Javier Albar\u00e9s, existe alguna que pueda ser confesable y que no te de verg\u00fcenza reconocer.<\/strong><\/p>\n<p style=\"text-align: justify;\"><strong>\u00a0<\/strong><strong>&#8211;<\/strong>No tengo especiales ritos o man\u00edas. Pero s\u00ed que me gusta estar pronto en el escenario y \u201ccalentar\u201d la silla para perder ese miedo mental a que algo vaya mal repitiendo los pasajes m\u00e1s complejos. Llego a repetir los solos antes del concierto hasta treinta veces seguidas, y lo cierto es que eso aporta seguridad pero nunca esta es completa. Eso s\u00ed, al menos ya est\u00e1s en modo \u201cdisfrutar y hacer disfrutar\u201d. Tambi\u00e9n me gusta tocar con la camisa del frac rota con un buen agujero por la parte interna del codo para evitar apelmazamiento de tela en esa zona.<\/p>\n<p style=\"text-align: justify;\"><strong>\u00a0<\/strong><\/p>\n<p style=\"text-align: justify;\"><strong>\u00a0<a href=\"http:\/\/granadacostanacional.es\/wp-content\/uploads\/2022\/08\/20210524-W551-CAM7R4-FOTO0810-RRSS.jpg\"><img decoding=\"async\" loading=\"lazy\" class=\"aligncenter size-full wp-image-32871\" src=\"http:\/\/granadacostanacional.es\/wp-content\/uploads\/2022\/08\/20210524-W551-CAM7R4-FOTO0810-RRSS.jpg\" alt=\"20210524-W551-[CAM7R4]-[FOTO0810]-RRSS\" width=\"600\" height=\"900\" \/><\/a><\/strong><\/p>\n<p style=\"text-align: justify;\"><strong>-Todav\u00eda arrastramos las secuelas de la crisis creada por el Covid-19. Durante aquellos tiempos de confinamiento y dem\u00e1s limitaciones vividas por ello. En qu\u00e9 medida alter\u00f3 y afect\u00f3 a la vida de Javier Albar\u00e9s, tanto en lo familiar, en su c\u00edrculo de amistades, de cara a cancelar y aplazar conciertos, o en el sector de la ense\u00f1anza como profesor.<\/strong><\/p>\n<p style=\"text-align: justify;\"><strong>\u00a0<\/strong><strong>&#8211;<\/strong>Las clases del conservatorio en los meses duros post-confinamiento eran mitad presenciales y mitad online. Pero las clases por Skype u otras plataformas si ya en la educaci\u00f3n general son muy poco \u00fatiles, imag\u00ednese en la ense\u00f1anza de un instrumento, realmente pueden llegar a ser muy frustrantes, ya que lo que llega dista mucho de ser real. Los conciertos fueron cancelados hasta julio del 2020, mes en que la orquesta y coro de RTVE concibi\u00f3 un ciclo de conciertos con grupos de un tama\u00f1o camer\u00edstico y con enormes medidas de seguridad, ya archiconocidas. No eran conciertos con p\u00fablico, pero al menos era un brote de esperanza para un mundo que hab\u00eda quedado congelado. La temporada 2020-2021 tuvo un aforo muy reducido en el p\u00fablico y una programaci\u00f3n con plantillas reducidas, pero no por eso menos interesante. Hemos hecho m\u00e1s misas de Schubert, Beethoven o Mozart que nunca, y eso para m\u00ed ha sido muy placentero, ya que es un repertorio que de otra manera no se suele hacer.<\/p>\n<p style=\"text-align: justify;\"><strong>\u00a0<\/strong><\/p>\n<p style=\"text-align: justify;\"><strong>Sin m\u00e1s, quiero agradecerte Javier Albar\u00e9s, el tiempo que me has dispensado, a la hora de responder a las preguntas que saldr\u00e1n en el Granada Costa, a pesar de tu apretada agenda. S\u00f3lo me queda pedirte como \u00faltimo esfuerzo, el que respondas a unas preguntas tipo test, que nos ayudar\u00e1n a conocerte un poco m\u00e1s sobre tus gustos o preferencias.<\/strong><\/p>\n<p style=\"text-align: justify;\"><strong><u>\u00a0<\/u><\/strong><\/p>\n<p style=\"text-align: justify;\"><strong>\u00a1Muchas gracias, Javier Albar\u00e9s!<\/strong><\/p>\n<p style=\"text-align: justify;\"><strong>\u00a0<\/strong><strong>\u00a0<\/strong><\/p>\n<p style=\"text-align: justify;\"><strong><u>PREGUNTAS TIPO TEST:<\/u><\/strong><\/p>\n<p style=\"text-align: justify;\"><strong>\u00a0<\/strong><\/p>\n<p style=\"text-align: justify;\"><strong>\u00bfUn personaje hist\u00f3rico? <\/strong>Mar\u00eda Estuardo.<\/p>\n<p style=\"text-align: justify;\"><strong>\u00bfUna \u00e9poca? <\/strong>El per\u00edodo de Entreguerras.<\/p>\n<p style=\"text-align: justify;\"><strong>\u00bfUn pintor? <\/strong>Edward Hopper.<\/p>\n<p style=\"text-align: justify;\"><strong>\u00bfUn escultor? <\/strong>Michelangelo Buonarroti.<\/p>\n<p style=\"text-align: justify;\"><strong>\u00bfUn escritor? <\/strong>Haruki Murakami.<\/p>\n<p style=\"text-align: justify;\"><strong>\u00bfUn poeta? <\/strong>Fernando Pessoa.<\/p>\n<p style=\"text-align: justify;\"><strong>\u00bfUn libro? <\/strong>Ana Karenina.<\/p>\n<p style=\"text-align: justify;\"><strong>\u00bfUna pel\u00edcula? <\/strong>Rebecca, de Alfred Hitchcock.<\/p>\n<p style=\"text-align: justify;\"><strong>\u00bfUn director de cine, teatro o televisi\u00f3n? <\/strong>Michael Haneke.<\/p>\n<p style=\"text-align: justify;\"><strong>\u00bfUn actor? <\/strong>Jack Nicholson.<\/p>\n<p style=\"text-align: justify;\"><strong>\u00bfUna actriz? <\/strong>Sara Jessica Parker.<\/p>\n<p style=\"text-align: justify;\"><strong>\u00bfUn compositor? <\/strong>Nikol\u00e1i Myaskovsky.<\/p>\n<p style=\"text-align: justify;\"><strong>\u00bfUn cantante? <\/strong>Frank Sinatra.<\/p>\n<p style=\"text-align: justify;\"><strong>\u00bfUn m\u00fasico? <\/strong>Pierre Fournier.<\/p>\n<p style=\"text-align: justify;\"><strong>\u00bfUna flor? <\/strong>El tulip\u00e1n.<\/p>\n<p style=\"text-align: justify;\"><strong>\u00bfUn animal? <\/strong>El gato.<\/p>\n<p style=\"text-align: justify;\"><strong>\u00bfUna estaci\u00f3n del a\u00f1o? <\/strong>El oto\u00f1o.<\/p>\n<p style=\"text-align: justify;\"><strong>\u00bfUn lugar donde residir? <\/strong>Madrid.<\/p>\n<p style=\"text-align: justify;\"><strong>\u00bfUn lugar que te gustar\u00eda visitar antes de morir?<\/strong> La Patagonia.<\/p>\n<p style=\"text-align: justify;\"><strong>\u00bfUn color?<\/strong> El azul turquesa.<\/p>\n<p style=\"text-align: right;\">\n<p style=\"text-align: right;\"><strong>Entrevista por Ricardo Campos Urbaneja<\/strong><\/p>\n","protected":false},"excerpt":{"rendered":"<p>Queridos lectores del Granada Costa, en esta ocasi\u00f3n les traigo al joven chelista Javier Albar\u00e9s Alberca, natural de Campo de&hellip;<\/p>\n","protected":false},"author":3,"featured_media":32868,"comment_status":"open","ping_status":"open","sticky":false,"template":"","format":"standard","meta":{"om_disable_all_campaigns":false,"_mi_skip_tracking":false,"_monsterinsights_sitenote_active":false,"_monsterinsights_sitenote_note":"","_monsterinsights_sitenote_category":0,"footnotes":""},"categories":[21],"tags":[],"aioseo_notices":[],"_links":{"self":[{"href":"https:\/\/granadacostaglobal.es\/index.php?rest_route=\/wp\/v2\/posts\/32865"}],"collection":[{"href":"https:\/\/granadacostaglobal.es\/index.php?rest_route=\/wp\/v2\/posts"}],"about":[{"href":"https:\/\/granadacostaglobal.es\/index.php?rest_route=\/wp\/v2\/types\/post"}],"author":[{"embeddable":true,"href":"https:\/\/granadacostaglobal.es\/index.php?rest_route=\/wp\/v2\/users\/3"}],"replies":[{"embeddable":true,"href":"https:\/\/granadacostaglobal.es\/index.php?rest_route=%2Fwp%2Fv2%2Fcomments&post=32865"}],"version-history":[{"count":0,"href":"https:\/\/granadacostaglobal.es\/index.php?rest_route=\/wp\/v2\/posts\/32865\/revisions"}],"wp:featuredmedia":[{"embeddable":true,"href":"https:\/\/granadacostaglobal.es\/index.php?rest_route=\/"}],"wp:attachment":[{"href":"https:\/\/granadacostaglobal.es\/index.php?rest_route=%2Fwp%2Fv2%2Fmedia&parent=32865"}],"wp:term":[{"taxonomy":"category","embeddable":true,"href":"https:\/\/granadacostaglobal.es\/index.php?rest_route=%2Fwp%2Fv2%2Fcategories&post=32865"},{"taxonomy":"post_tag","embeddable":true,"href":"https:\/\/granadacostaglobal.es\/index.php?rest_route=%2Fwp%2Fv2%2Ftags&post=32865"}],"curies":[{"name":"wp","href":"https:\/\/api.w.org\/{rel}","templated":true}]}}