{"id":32859,"date":"2022-08-16T10:19:36","date_gmt":"2022-08-16T09:19:36","guid":{"rendered":"http:\/\/granadacostanacional.es\/?p=32859"},"modified":"2022-08-16T10:19:36","modified_gmt":"2022-08-16T09:19:36","slug":"ii-el-fin-de-los-tiempos-es-el-papa-francisco-el-ultimo-papa-segun-san-malaquias-si","status":"publish","type":"post","link":"https:\/\/granadacostaglobal.es\/?p=32859","title":{"rendered":"II EL FIN DE LOS TIEMPOS.- \u00bfES EL PAPA FRANCISCO EL \u00daLTIMO PAPA? SEG\u00daN SAN MALAQU\u00cdAS, S\u00cd"},"content":{"rendered":"<p style=\"text-align: right;\"><em>Baste la muestra para los<\/em><\/p>\n<p style=\"text-align: right;\"><em>que tienen o\u00eddos. Pues no es<\/em><\/p>\n<p style=\"text-align: right;\"><em>necesario descubrir el misterio,<\/em><\/p>\n<p style=\"text-align: right;\"><em>sino s\u00f3lo indicar lo que sea<\/em><\/p>\n<p style=\"text-align: right;\"><em>suficiente. (S. Clemente)<\/em><\/p>\n<p style=\"text-align: justify;\">\u00a0 San Malaqu\u00edas naci\u00f3 en ARMAGH (Irlanda) en 1094. Ya desde ni\u00f1o dio pruebas de tener una clara inteligencia y dones de videncia. Su familia que pertenec\u00eda a la clase media bien situada econ\u00f3micamente, le dio una buena educaci\u00f3n y a los 25 a\u00f1os fue ordenado sacerdote. Y m\u00e1s tarde Obispo y destinado a Connor y despu\u00e9s fue Arzobispo de Armagh y Primado de Irlanda. Pasados 5 a\u00f1os renunci\u00f3 a los cargos y se retira para llevar una vida sencilla.<\/p>\n<p style=\"text-align: justify;\">En 1138 se encamina en peregrinaci\u00f3n hacia Roma y en el trayecto se detiene en York donde conoce a San Bernardo Clairvaux y se establece entre los dos una gran amistad. Tras la visita al Papa en Roma vuelve a Irlanda. En el camino de regreso visita al rey de Escocia y sana milagrosamente a su hijo que estaba al borde de la muerte. Ya en Irlanda funda 5 monasterios.<\/p>\n<p style=\"text-align: justify;\">\u00a0 En 1148 San Malaqu\u00edas quiso volver de nuevo a Roma, pero en el camino se puso enfermo y se detuvo en Clairvaux y all\u00ed muri\u00f3 el 2 de noviembre de 1148 en los brazos de su amigo San Bernardo. Malaqu\u00edas era muy conocido en Irlanda por su conducta sencilla, caritativa y por sus numerosas curaciones y videncias. Fue canonizado por el Papa Clemente III, en 1190.<\/p>\n<p style=\"text-align: justify;\"><strong><u>LA PROFEC\u00cdA DE LOS PAPAS<\/u><\/strong><\/p>\n<p style=\"text-align: justify;\">\u00a0 En 1139 puso por escrito las visiones que tuvo de los PAPAS; consistes en unas frases en lat\u00edn muy cortas, dos o tres palabras que describen a los papas que ser\u00edan elegidos a partir de 1144. Seg\u00fan los expertos, hasta la fecha todo se ha cumplido. Nos detendremos ahora s\u00f3lo en los papas elegidos a partir del siglo XX.<\/p>\n<p style=\"text-align: justify;\"><strong><u>BENEDICTO XV<\/u><\/strong>\u00a0que ocup\u00f3 el pontificado desde 1914 a 1922 llevaba el lema de \u201cRELIGIO DEPOPULATA\u201d que se traduce por la religi\u00f3n devastada, despoblada. Es el periodo de la Primera Guerra Mundial que devast\u00f3 las ciudades, los campos, la sociedad y, por supuesto, la religi\u00f3n. Profec\u00eda tr\u00e1gicamente acertada.<\/p>\n<p style=\"text-align: justify;\"><strong><u>P\u00cdO XI \u2013 1922 A 1939.<\/u><\/strong>\u00a0\u00a0Su lema era FIDES INTR\u00c9PIDA- Quiere decir de una fe profunda y valiente. Fue el Papa en unas circunstancias dificil\u00edsimas, foment\u00f3 y extendi\u00f3 el Cristianismo por todo el mundo por medio de los misioneros.<\/p>\n<p style=\"text-align: justify;\"><strong><u>\u00a0<\/u><\/strong><\/p>\n<p style=\"text-align: justify;\"><strong><u>P\u00cdO XII \u2013 1939 a 1958 .-\u00a0<\/u><\/strong>\u00a0Su lema era de PASTOR ANG\u00c9LICUS. Para aquellos que no conozcan su biograf\u00eda o las actuaciones durante su pontificado, s\u00f3lo con contemplar su retrato ver\u00e1 que ciertamente era angelical; y efectivamente, por su comportamiento durante la Segunda Guerra Mundial fue un verdadero pastor angelical.<\/p>\n<p style=\"text-align: justify;\"><strong><u>JUAN XXXIII &#8211;\u00a0 1958 \u2013 1963<\/u><\/strong>. Su lema fue PASTOR NAUTAQUE, que se traduce por pastor y barquero, navegante. Juan XXXIII fue patriarca de Venecia, la ciudad de los barqueros, as\u00ed que el lema le viene como anillo al dedo. Adem\u00e1s, como Pastor de la Iglesia Universal escribi\u00f3 uno de los documentos m\u00e1s brillantes y profundos como fue \u201c<strong>PACEM IN TERRIS<\/strong>\u201d.<\/p>\n<p style=\"text-align: justify;\"><strong><u>PABLO VI \u2013 1963 \u2013 1978<\/u><\/strong>. Su lema: FLOS FLORUM. La flor de las flores. Naci\u00f3 en Florencia, ciudad en la que en su escudo figura el lirio, flor emblem\u00e1tica.<\/p>\n<p style=\"text-align: justify;\"><strong><u>JUAN PABLO\u00a0<\/u><\/strong>I.- Su lema era: DE MEDIETATE LUNAE, que se traduce por la peque\u00f1ez, brevedad, de la cortedad de la luna. Tan breve fue su pontificado que s\u00f3lo dur\u00f3 33 d\u00edas. No es necesario m\u00e1s comentarios al lema.<\/p>\n<p style=\"text-align: justify;\"><strong><u>JUAN PABLO II \u2013 1978\u00a0 a 2005.-\u00a0<\/u><\/strong>\u00a0Su lema era DE LABORIS SOLIS, que se traduce por el trabajo del sol, de los esfuerzos del sol. Tambi\u00e9n significa alumbramiento que es fuerza y dolor, tensi\u00f3n, ansiedad y al mismo tiempo gozo. Por lo tanto, podr\u00eda tener el significado de sufrimiento, como as\u00ed fue. Un nuevo nacimiento despu\u00e9s del atentado que le puso al borde de la muerte. Otro significado que le han dado los especialistas es que por sus constantes viajes apost\u00f3licos recorriendo el mundo en su \u201cImperio nunca se pon\u00eda el sol\u201d, como anta\u00f1o en Espa\u00f1a.<\/p>\n<p style=\"text-align: justify;\"><strong><u>BENEDICTO XVI 2005 \u2013 2013.\u00a0<\/u><\/strong>\u00a0Su lema es DE GLORIA OLIVAE, que se traduce por la gloria de la oliva. Las interpretaciones de este lema son diversas. El olivo siempre ha sido s\u00edmbolo de paz. Los comentaristas est\u00e1n de acuerdo en que durante este pontificado ha habido un cierto periodo de paz mundial. El gran te\u00f3logo Padre de la Iglesia Or\u00edgenes, en sus escritos aparece la palabra oliva con el significado de \u201cmisericordia\u201d. No obstante, muchos expertos en estos temas apuntan a que tiene un significado dif\u00edcil de interpretar, algo que ocurre con el anterior DE LABORE SOLIS. Lo que nadie acert\u00f3 fue que renunciar\u00eda al solio pontificio, algo ins\u00f3lito en la Historia de la Iglesia.<\/p>\n<p style=\"text-align: justify;\"><strong><u>PAPA FRANCISCO .<\/u><\/strong>&#8211; Fue elegido Papa el 28 de febrero de 2013 tras la renuncia de Benedicto XVI. Lleva el lema de PEDRO EL ROMANO, y seg\u00fan figura en la lista de San Malaqu\u00edas \u00e9ste ser\u00e1 el \u00faltimo Papa del fin de los tiempos. A su lema a\u00f1ade estas l\u00edneas: \u201cCuando la \u00faltima persecuci\u00f3n de la Santa iglesia Romana, ocupar\u00e1 el Solio Pontificio \u201cPedro el Romano\u201d, que apacentar\u00e1 sus ovejas en medio de numerosas tribulaciones; finalizadas estas, la ciudad de las siete colinas ser\u00e1 destruida y el juez terrible juzgar\u00e1 al pueblo\u201d.<\/p>\n<p style=\"text-align: justify;\">As\u00ed que\u00a0<strong>Pedro el Romano<\/strong>\u00a0abandonar\u00e1 el Vaticano en medio de grandes y horribles disturbios. Si esto ocurre tal como est\u00e1 profetizado, no ser\u00e1 enterrado cuando muera junto a sus predecesores.<\/p>\n<p style=\"text-align: justify;\">Para mayor abundamiento, el escritor franc\u00e9s Paul Lecour, escribi\u00f3 en la \u201cEra de Acuario\u201d esto: \u201cEn la Bas\u00edlica de San Pablo Extramuros, en Roma, se hallan una serie de medallones correspondiente al n\u00famero de papas. En la actualidad s\u00f3lo queda uno que presumiblemente ser\u00e1 el que corresponde a Benedicto XVI.<\/p>\n<p style=\"text-align: justify;\"><strong><u>LA PROFEC\u00cdA DE P\u00cdO X.-\u00a0<\/u><\/strong>En 1914 el Papa P\u00edo X, cuando estaba en el lecho de muerte dijo estas palabras: \u201cHe visto a uno de mis sucesores que hu\u00eda pasando por encima de los cad\u00e1veres de sus hermanos. Se refugiar\u00e1 de inc\u00f3gnito en alguna parte; y tras un breve respiro fallecer\u00e1 de muerte cruel. Lo que he visto es terrible\u201d.<\/p>\n<p style=\"text-align: justify;\">\u201cEl respeto de Dios ha desaparecido de los corazones. Se intenta anular hasta el recuerdo de Dios. Esta perversidad no es m\u00e1s que el comienzo de los males que han de producirse antes del fin del mundo\u201d.<\/p>\n<p style=\"text-align: justify;\">Es un hecho cierto que el mal ya est\u00e1 en todo el mundo. En unos pa\u00edses muy avanzado y en otros empezando. Seg\u00fan las profec\u00edas de San Malaqu\u00edas y P\u00edo X sobre los papas y la destrucci\u00f3n de Roma, los expertos se pronuncian con mucha cautela y dicen que puede ser debido a fen\u00f3menos naturales como terremotos y volcanes o bien por la mano del hombre, es decir, por guerras o ingenio at\u00f3micos.<\/p>\n<p style=\"text-align: justify;\">Podemos creer o no creer en todo lo anunciado, pero en el mundo actual se est\u00e1n dando todos los factores que anuncian el fin de los tiempos. Para aquellos que tengan la vista corta que piensen tan s\u00f3lo en todo lo que est\u00e1 ocurriendo en Espa\u00f1a desde hace pocos a\u00f1os, respecto al deterioro de los valores morales en toda la sociedad y, muy acentuado en la llamada clase pol\u00edtica que no es m\u00e1s que la consecuencia de la p\u00e9rdida de la FE en DIOS.\u00a0 Los males que azotan hoy al mundo no es m\u00e1s que un acto de justicia, de expiaci\u00f3n por la maldad de los hombres.<\/p>\n<p style=\"text-align: justify;\">En Espa\u00f1a, si hacemos una serena reflexi\u00f3n y l\u00facido an\u00e1lisis de todo lo que estamos viviendo tendremos una visi\u00f3n brutal de la realidad. No obstante, nos est\u00e1n mostrando lo contrario y lo aceptamos como necios. De momento la mentira es m\u00e1s dulce que la amarga verdad, pero su final es mucho m\u00e1s amargo; los pueblos que viven en la mentira perecen.<\/p>\n<p style=\"text-align: justify;\">Salvador de Madariaga lo resumi\u00f3 de esta manera: \u201cSuprimamos a Dios en la humanidad y el hombre se erigir\u00e1 en Dios. Pero un dios desesperado. Un don Yo endiosado por su ate\u00edsmo s\u00f3lo puede regir el mundillo de su insignificancia\u201d.<\/p>\n<p style=\"text-align: right;\"><strong>ROGELIO BUSTOS<\/strong><\/p>\n","protected":false},"excerpt":{"rendered":"<p>Baste la muestra para los que tienen o\u00eddos. Pues no es necesario descubrir el misterio, sino s\u00f3lo indicar lo que&hellip;<\/p>\n","protected":false},"author":3,"featured_media":16441,"comment_status":"open","ping_status":"open","sticky":false,"template":"","format":"standard","meta":{"om_disable_all_campaigns":false,"_mi_skip_tracking":false,"_monsterinsights_sitenote_active":false,"_monsterinsights_sitenote_note":"","_monsterinsights_sitenote_category":0,"footnotes":""},"categories":[30],"tags":[],"aioseo_notices":[],"_links":{"self":[{"href":"https:\/\/granadacostaglobal.es\/index.php?rest_route=\/wp\/v2\/posts\/32859"}],"collection":[{"href":"https:\/\/granadacostaglobal.es\/index.php?rest_route=\/wp\/v2\/posts"}],"about":[{"href":"https:\/\/granadacostaglobal.es\/index.php?rest_route=\/wp\/v2\/types\/post"}],"author":[{"embeddable":true,"href":"https:\/\/granadacostaglobal.es\/index.php?rest_route=\/wp\/v2\/users\/3"}],"replies":[{"embeddable":true,"href":"https:\/\/granadacostaglobal.es\/index.php?rest_route=%2Fwp%2Fv2%2Fcomments&post=32859"}],"version-history":[{"count":0,"href":"https:\/\/granadacostaglobal.es\/index.php?rest_route=\/wp\/v2\/posts\/32859\/revisions"}],"wp:featuredmedia":[{"embeddable":true,"href":"https:\/\/granadacostaglobal.es\/index.php?rest_route=\/"}],"wp:attachment":[{"href":"https:\/\/granadacostaglobal.es\/index.php?rest_route=%2Fwp%2Fv2%2Fmedia&parent=32859"}],"wp:term":[{"taxonomy":"category","embeddable":true,"href":"https:\/\/granadacostaglobal.es\/index.php?rest_route=%2Fwp%2Fv2%2Fcategories&post=32859"},{"taxonomy":"post_tag","embeddable":true,"href":"https:\/\/granadacostaglobal.es\/index.php?rest_route=%2Fwp%2Fv2%2Ftags&post=32859"}],"curies":[{"name":"wp","href":"https:\/\/api.w.org\/{rel}","templated":true}]}}