{"id":32835,"date":"2022-08-11T11:06:10","date_gmt":"2022-08-11T10:06:10","guid":{"rendered":"http:\/\/granadacostanacional.es\/?p=32835"},"modified":"2022-08-11T11:06:10","modified_gmt":"2022-08-11T10:06:10","slug":"agosto-vamos-de-playa-a-toda-costa","status":"publish","type":"post","link":"https:\/\/granadacostaglobal.es\/?p=32835","title":{"rendered":"AGOSTO, \u00a1Vamos de Playa! \u2013 A TODA COSTA"},"content":{"rendered":"<h2 style=\"text-align: justify;\">El \u00e9xodo pone animaci\u00f3n en los trenes de alta velocidad y colma las carreteras de buses y autom\u00f3viles<\/h2>\n<p style=\"text-align: justify;\">Me encuentro en la estaci\u00f3n de Atocha, compro al librero del kiosco un volumen de relatos y me mezclo entre la gente que va y viene en un incesante trasiego, miro hacia la m\u00e1quina del tren situada donde la cubierta de la estaci\u00f3n termina.<\/p>\n<p style=\"text-align: justify;\">Con el verano crece la necesidad de ir a la playa, tomar el sol, ba\u00f1arse en templadas y tranquilas aguas. All\u00ed acudimos todos, julio y agosto por excelencia.<\/p>\n<p style=\"text-align: justify;\">Ni la playa ni las aguas son en esta \u00e9poca tranquilas, la gente se hacina en la arena y compite por colocar la hamaca, sombrilla o simplemente una toalla.<\/p>\n<p style=\"text-align: justify;\">Como \u201csardinas de bota\u201d rodeado de humanidad tienes que hacer infinidad de piruetas para alcanzar la orilla, sortear todo tipo de obst\u00e1culos, mientras miras de reojo alg\u00fan exuberante \u2018topless\u2019.<\/p>\n<p style=\"text-align: justify;\">Por fin alcanzas la ansiada orilla, ya sientes la espuma de las olas en tus pies, el agua sobrepasa tus rodillas es el momento de darte un chapuz\u00f3n y\u2026 \u2018panzazo\u2019 al agua, dos brazadas, parece que te liberas del calor, desde el mar miras el horizonte percibiendo la costa y sintiendo cierto alivio.<\/p>\n<p style=\"text-align: justify;\"><a href=\"http:\/\/granadacostanacional.es\/wp-content\/uploads\/2022\/08\/playa-verano-agosto.jpg\"><img decoding=\"async\" loading=\"lazy\" class=\"aligncenter size-large wp-image-32836\" src=\"http:\/\/granadacostanacional.es\/wp-content\/uploads\/2022\/08\/playa-verano-agosto-894x1024.jpg\" alt=\"playa-verano agosto\" width=\"894\" height=\"1024\" \/><\/a><\/p>\n<p style=\"text-align: justify;\">En tu alrededor las cabezas son peque\u00f1as boyas que te recuerdan que no est\u00e1s solo. Una se\u00f1ora te mira insistente, t\u00fa tambi\u00e9n.<\/p>\n<ul style=\"text-align: justify;\">\n<li><em>Soy de\u2026<\/em><\/li>\n<li><em>Yo de\u2026<\/em><\/li>\n<li><em>\u00a1Como la playa no hay nada!<\/em><\/li>\n<li><em>Opino igual que se quite la aglomeraci\u00f3n de coches, el calor de la ciudad, el trabajo. \u00a1Esto es vida!<\/em><\/li>\n<\/ul>\n<p style=\"text-align: justify;\">La se\u00f1ora repentinamente alarmada indica:<\/p>\n<ul style=\"text-align: justify;\">\n<li><em>\u00bfQu\u00e9 es aquello que flota?<\/em><\/li>\n<li><em>A ver\u2026 parece una medusa.<\/em><\/li>\n<li><em>Salgamos, salgamos.<\/em><\/li>\n<\/ul>\n<p style=\"text-align: justify;\">Por los altavoces se anuncia \u201cSe\u00f1ores ba\u00f1istas por favor abandonen el agua se acerca un banco de medusas y puede ser peligroso\u201d<\/p>\n<p style=\"text-align: justify;\">La bandera verde se quita, se pone la roja, todos se orientan rumbo a la orilla, el gent\u00edo chapotea apresurado, \u00a1fuera, fuera!<\/p>\n<ul style=\"text-align: justify;\">\n<li><em>Vaya que mala suerte<\/em><\/li>\n<li><em>Para mala suerte los mosquitos por la noche<\/em>&#8211; dice la se\u00f1ora.<\/li>\n<li><em>Cierto\u2026, yo me las paso en vela con la zapatilla en la mano- apostillo.<\/em><\/li>\n<li><em>Mi marido se tuvo que quedar en casa por las picaduras, es al\u00e9rgico.<\/em><\/li>\n<li><em>Mala suerte la m\u00eda\u2026 la cosa que parec\u00eda que\u2026<\/em><\/li>\n<li><em>\u00a1Mam\u00e1, mam\u00e1! &#8211;<\/em>tres ni\u00f1os se acercan a la mujer llorando porque no se pueden ba\u00f1ar.<\/li>\n<\/ul>\n<p style=\"text-align: justify;\">Marcho al \u2018chiringuito\u2019 pido un pincho y una cerveza. Cojo el peri\u00f3dico en portada \u201cMadrid roza los 45 grados de temperatura\u201d.<\/p>\n<p style=\"text-align: justify;\">Esto es vida\u2026-me consuelo- y cuando regrese y cuente a mis amigos, lo despejada que estaba la playa, el azul generoso de sus aguas tranquilas, las aventuras amorosas que he tenido y lo bien que dorm\u00eda con la brisa del mar\u2026 <strong>todos rabiar\u00e1n de envidia.<\/strong><\/p>\n<p style=\"text-align: right;\"><strong>\u00a0<\/strong>Francisco Ponce Carrasco<\/p>\n","protected":false},"excerpt":{"rendered":"<p>El \u00e9xodo pone animaci\u00f3n en los trenes de alta velocidad y colma las carreteras de buses y autom\u00f3viles Me encuentro&hellip;<\/p>\n","protected":false},"author":2,"featured_media":24452,"comment_status":"open","ping_status":"open","sticky":false,"template":"","format":"standard","meta":{"om_disable_all_campaigns":false,"_mi_skip_tracking":false,"_monsterinsights_sitenote_active":false,"_monsterinsights_sitenote_note":"","_monsterinsights_sitenote_category":0,"footnotes":""},"categories":[21,30],"tags":[],"aioseo_notices":[],"_links":{"self":[{"href":"https:\/\/granadacostaglobal.es\/index.php?rest_route=\/wp\/v2\/posts\/32835"}],"collection":[{"href":"https:\/\/granadacostaglobal.es\/index.php?rest_route=\/wp\/v2\/posts"}],"about":[{"href":"https:\/\/granadacostaglobal.es\/index.php?rest_route=\/wp\/v2\/types\/post"}],"author":[{"embeddable":true,"href":"https:\/\/granadacostaglobal.es\/index.php?rest_route=\/wp\/v2\/users\/2"}],"replies":[{"embeddable":true,"href":"https:\/\/granadacostaglobal.es\/index.php?rest_route=%2Fwp%2Fv2%2Fcomments&post=32835"}],"version-history":[{"count":0,"href":"https:\/\/granadacostaglobal.es\/index.php?rest_route=\/wp\/v2\/posts\/32835\/revisions"}],"wp:featuredmedia":[{"embeddable":true,"href":"https:\/\/granadacostaglobal.es\/index.php?rest_route=\/"}],"wp:attachment":[{"href":"https:\/\/granadacostaglobal.es\/index.php?rest_route=%2Fwp%2Fv2%2Fmedia&parent=32835"}],"wp:term":[{"taxonomy":"category","embeddable":true,"href":"https:\/\/granadacostaglobal.es\/index.php?rest_route=%2Fwp%2Fv2%2Fcategories&post=32835"},{"taxonomy":"post_tag","embeddable":true,"href":"https:\/\/granadacostaglobal.es\/index.php?rest_route=%2Fwp%2Fv2%2Ftags&post=32835"}],"curies":[{"name":"wp","href":"https:\/\/api.w.org\/{rel}","templated":true}]}}