{"id":32826,"date":"2022-08-10T09:01:05","date_gmt":"2022-08-10T08:01:05","guid":{"rendered":"http:\/\/granadacostanacional.es\/?p=32826"},"modified":"2022-08-10T09:01:05","modified_gmt":"2022-08-10T08:01:05","slug":"editorial-granada-costa-522-especial-tony-castillo","status":"publish","type":"post","link":"https:\/\/granadacostaglobal.es\/?p=32826","title":{"rendered":"Editorial Granada Costa 522 Especial To\u00f1y Castillo"},"content":{"rendered":"<p style=\"text-align: justify;\"><strong>Dedicamos la Editorial de este mes a la Directora de la Academia de las Ciencias, Bellas Artes y Buenas Letras y Delegada Nacional del &#8220;Aula Hospitalaria&#8221; del peri\u00f3dico Granada Costa, la Doctora To\u00f1y Castillo Mel\u00e9ndez. Como profesional de la sanidad, es Directora del Aula Hospitalaria Antoni Cambrod\u00ed (HUAVLL) y de la Asesor\u00eda Pedag\u00f3gica Dra. Castillo. Est\u00e1 especializada en el coaching.<\/strong><\/p>\n<p style=\"text-align: justify;\">Como todos bien sabemos, el d\u00eda tiene 24 horas, 1440 minutos y 86.400 segundos. Un cincuenta por ciento de este tiempo, por necesidad del ser humano, lo dedica al descanso, comer, y necesidades personales. El otro cincuenta por ciento cada persona lo organiza como mejor considera. El caso de la Doctora To\u00f1y Castillo es algo muy particular, pues despu\u00e9s de seguir su vida a trav\u00e9s del peri\u00f3dico y del Proyecto, y tener un contacto muy directo, parece ser que para ella el d\u00eda tiene m\u00e1s horas, minutos y segundos de lo normal. En un a\u00f1o publica normalmente entre cuatro y cinco libros, o incluso alguno m\u00e1s. Gracias a las nuevas tecnolog\u00edas, da conferencias a trav\u00e9s de todo el mundo. Por supuesto, en el Hospital Antoni Cambrod\u00ed y en su Asesor\u00eda Pedag\u00f3gica, tiene sus obligaciones y tiempo de trabajo. La mayor\u00eda de los fines de semana, se tiene que desplazar de L\u00e9rida hasta Sevilla para reunirse con su pareja, D. Manuel Ceballos, que reside all\u00ed debido a su profesi\u00f3n.<\/p>\n<p style=\"text-align: justify;\">En estas l\u00edneas de la Editorial, nos vamos a centrar especialmente en la labor que desempe\u00f1a D\u00f1a. To\u00f1y Castillo dentro del Proyecto Global de Cultura Granada Costa y sus diferentes apartados y, especialmente, en los \u00faltimos meses de actividad.<\/p>\n<p style=\"text-align: justify;\">Todos los meses puntualmente escribe diferentes art\u00edculos tanto para el peri\u00f3dico digital como el impreso, que, por la importancia y el valor que tienen, son de los m\u00e1s visitados y aplaudidos.<\/p>\n<p style=\"text-align: justify;\">En abril de 2021, en los 17 d\u00edas de la Pir\u00e1mide Cultural estuvo activa durante dos fines de semana, desplaz\u00e1ndose desde L\u00e9rida hasta Granada para esta actividad. A trav\u00e9s de nuestro canal, Granada Costa TV, por el cual retransmitimos en directo, mont\u00f3 un ciclo de conferencias con diferentes personalidades e incluso cruzando el charco, hablando con expertos sudamericanos de la sanidad y el periodismo. Nuestra grata sorpresa fue el ver su gran nivel de coordinaci\u00f3n, a pesar de que el n\u00famero de invitados sobrepasaba la treintena.<\/p>\n<p style=\"text-align: justify;\">Otro fin de semana fue galardonada con el premio de juglaresa al haber sido premiada por su interpretaci\u00f3n dentro de esta Pir\u00e1mide Cultural y particip\u00f3 en recitales po\u00e9ticos durante la tarde y al mismo tiempo fue presentadora.<\/p>\n<p style=\"text-align: justify;\">D\u00f1a. To\u00f1y Castillo coordina el Proyecto de Cultura en L\u00e9rida junto a nuestros asociados, y en la mayor\u00eda de los casos, ella misma es quien manda los trabajos para que se publiquen en nuestros medios de comunicaci\u00f3n. Y, cada vez que se le ofrece presentar un libro o escribir un pr\u00f3logo, voluntariosamente se ha ofrecido a desplazarse o escribirlo con gracia y acierto.<\/p>\n<p style=\"text-align: justify;\">En nuestra actividad este a\u00f1o en el Palacio de la Prensa de Madrid, donde tambi\u00e9n recibi\u00f3 el Premio Granada Costa por sus aportaciones al peri\u00f3dico, fue presentadora de esa gala junto a mi persona. Me siento muy orgulloso y emocionado de poder decir que he compartido escenario con esta gran persona, que supo encauzar el evento con maestr\u00eda, aportar toques de humor y convertir la gala en un distendido evento de disfrute cultural. Este encuentro era dif\u00edcil de coordinar y al mismo tiempo, muy conmemorativo, pues la familia Granada Costa llevaba algo m\u00e1s de dos a\u00f1os sin reunirse en Madrid. Por lo tanto, se requer\u00eda una gran preparaci\u00f3n para el evento, en lo cual To\u00f1y tambi\u00e9n tuvo un papel muy destacado.<\/p>\n<p style=\"text-align: justify;\">Para el pr\u00f3ximo evento de Madrid, la Doctora To\u00f1y Castillo junto con algunos asociados de Granada Costa, han sido elegidos para escribir en el libro biogr\u00e1fico que all\u00ed se presentar\u00e1 del sacerdote, arzobispo y cardenal, Monse\u00f1or D. Carlos Osoro. Al mismo tiempo, se le dar\u00e1 un nuevo impulso a la Academia Granada Costa y se entregar\u00e1n los Premios del Proyecto de Cultura a trav\u00e9s de la misma.<\/p>\n<p style=\"text-align: justify;\">Por todo lo dicho, no me queda m\u00e1s que felicitar a esta gran profesional de la sanidad, cuya implicaci\u00f3n en la cultura engrandece su carrera y el esp\u00edritu de quienes la rodean. Mis mejores deseos en todos los \u00e1mbitos de su vida para esta amiga, compa\u00f1era y maestra.<\/p>\n<p style=\"text-align: right;\"><strong>Carlos \u00c1lvaro Segura Venegas<\/strong><\/p>\n","protected":false},"excerpt":{"rendered":"<p>Dedicamos la Editorial de este mes a la Directora de la Academia de las Ciencias, Bellas Artes y Buenas Letras&hellip;<\/p>\n","protected":false},"author":3,"featured_media":30113,"comment_status":"open","ping_status":"open","sticky":false,"template":"","format":"standard","meta":{"om_disable_all_campaigns":false,"_mi_skip_tracking":false,"_monsterinsights_sitenote_active":false,"_monsterinsights_sitenote_note":"","_monsterinsights_sitenote_category":0,"footnotes":""},"categories":[21],"tags":[],"aioseo_notices":[],"_links":{"self":[{"href":"https:\/\/granadacostaglobal.es\/index.php?rest_route=\/wp\/v2\/posts\/32826"}],"collection":[{"href":"https:\/\/granadacostaglobal.es\/index.php?rest_route=\/wp\/v2\/posts"}],"about":[{"href":"https:\/\/granadacostaglobal.es\/index.php?rest_route=\/wp\/v2\/types\/post"}],"author":[{"embeddable":true,"href":"https:\/\/granadacostaglobal.es\/index.php?rest_route=\/wp\/v2\/users\/3"}],"replies":[{"embeddable":true,"href":"https:\/\/granadacostaglobal.es\/index.php?rest_route=%2Fwp%2Fv2%2Fcomments&post=32826"}],"version-history":[{"count":0,"href":"https:\/\/granadacostaglobal.es\/index.php?rest_route=\/wp\/v2\/posts\/32826\/revisions"}],"wp:featuredmedia":[{"embeddable":true,"href":"https:\/\/granadacostaglobal.es\/index.php?rest_route=\/"}],"wp:attachment":[{"href":"https:\/\/granadacostaglobal.es\/index.php?rest_route=%2Fwp%2Fv2%2Fmedia&parent=32826"}],"wp:term":[{"taxonomy":"category","embeddable":true,"href":"https:\/\/granadacostaglobal.es\/index.php?rest_route=%2Fwp%2Fv2%2Fcategories&post=32826"},{"taxonomy":"post_tag","embeddable":true,"href":"https:\/\/granadacostaglobal.es\/index.php?rest_route=%2Fwp%2Fv2%2Ftags&post=32826"}],"curies":[{"name":"wp","href":"https:\/\/api.w.org\/{rel}","templated":true}]}}