{"id":32818,"date":"2022-08-08T12:26:43","date_gmt":"2022-08-08T11:26:43","guid":{"rendered":"http:\/\/granadacostanacional.es\/?p=32818"},"modified":"2022-08-08T12:26:43","modified_gmt":"2022-08-08T11:26:43","slug":"mirada-al-pasado-fray-bartolome-de-las-casas","status":"publish","type":"post","link":"https:\/\/granadacostaglobal.es\/?p=32818","title":{"rendered":"MIRADA AL PASADO Fray Bartolom\u00e9 de las Casas"},"content":{"rendered":"<p style=\"text-align: justify;\">Nacido en Sevilla, este dominico se mostr\u00f3 como un hombre entregado en su fe, practicante al pie de la letra del mandato escrito, al mismo tiempo que fue contestatario con las decisiones injustas de los jerarcas cat\u00f3licos. Fue una persona muy inquieta y polifac\u00e9tica, mostrando inter\u00e9s por todo lo que le rodeaba y sobre todo marcado por un sentido humanista.<\/p>\n<p style=\"text-align: justify;\">Fue uno de los grandes pensadores y escritores del siglo XVI, su vida acad\u00e9mica se inicia en Salamanca, participar\u00eda de forma muy activa en la colonizaci\u00f3n castellana del continente recientemente descubierto, este fraile dominico, cronista oficial del reino, licenciado en teolog\u00eda, lleg\u00f3 a ser obispo de Chiapas (M\u00e9xico).<\/p>\n<p style=\"text-align: justify;\">Su sentido humanista de la vida, le hizo convertirse en el m\u00e1ximo defensor del pueblo ind\u00edgena, v\u00edctima de la crueldad de gran parte de los colonizadores castellanos, que en la pr\u00e1ctica eran unos verdaderos \u201cbusca fortunas\u201d. Ante estos abusos cometidos contra el pueblo, no dud\u00f3 en denunciar en la metr\u00f3poli las actuaciones inadecuadas de aquellos colonizadores, que habitualmente abusaban de los indios, no teniendo en cuenta los derechos humanos. Un ejemplo es como en 1514, tras haber participado en la conquista de Cuba con Nicol\u00e1s de Ovando, puso en cuesti\u00f3n los derechos de los conquistadores y los encomenderos indianos, denunciando el genocidio llevado a cabo por las decisiones pol\u00edticas, con el benepl\u00e1cito de la Corona.<\/p>\n<p style=\"text-align: justify;\">Como escritor nos dej\u00f3 un amplio legado literario, destacando la denuncia, pero siempre desde un componente de rigor hist\u00f3rico, lo que hizo de su pluma uno de los mejores historiadores sobre la colonizaci\u00f3n. Su integridad \u00e9tica y moral, ha sido la causa de la falta de reconocimiento como debiera, lo cierto es que el poder econ\u00f3mico raras veces fue de la mano de la humanidad, la forja de numerosas fortunas fue fruto de la injusticia.<\/p>\n<p style=\"text-align: justify;\"><a href=\"http:\/\/granadacostanacional.es\/wp-content\/uploads\/2022\/08\/Compartiendo-con-el-pueblo-indigena.jpeg\"><img decoding=\"async\" loading=\"lazy\" class=\"aligncenter wp-image-32820 size-large\" src=\"http:\/\/granadacostanacional.es\/wp-content\/uploads\/2022\/08\/Compartiendo-con-el-pueblo-indigena-1024x683.jpeg\" alt=\"Compartiendo con el pueblo indigena\" width=\"1024\" height=\"683\" \/><\/a><\/p>\n<p style=\"text-align: center;\"><strong>Compartiendo con el pueblo ind\u00edgena<\/strong><\/p>\n<p><strong>Antecedentes:<\/strong><\/p>\n<p style=\"text-align: justify;\">Fray Bartolom\u00e9 de las Casas, nace en Sevilla en 1474 y muere en Madrid en 1566, en el monasterio de Atocha.<\/p>\n<p style=\"text-align: justify;\">Su origen familiar procede de Francia, en 1248 cuando Fernando III conquista Sevilla, encuentra el apoyo del caballero franc\u00e9s perteneciente a la dinast\u00eda del conde de Limonges, cuyo nombre era Bartolom\u00e9 de Casaux. Una vez conquistada la capital sevillana, Bartolom\u00e9 se establece en ella castellanizando su apellido, (de Casaux por el de Casas, este fue el origen del apellido actual Casas).<\/p>\n<p style=\"text-align: justify;\">Sus estudios primarios los realiza en Sevilla, posiblemente en el Colegio San Miguel. En 1490 se traslada a Salamanca, con el fin de estudiar derecho, licenci\u00e1ndose en derecho can\u00f3nico y estatal, por la citada universidad de Salamanca.<\/p>\n<p style=\"text-align: justify;\">Su primer contacto con la orden religiosa, se produce durante una visita al convento de San Esteban, para visitar a un familiar que resid\u00eda como sacerdote y p\u00e1rroco en este convento, que precisamente tambi\u00e9n resid\u00eda Crist\u00f3bal Col\u00f3n, con el que tuvo contacto, despertando en \u00e9l la ilusi\u00f3n de viajar hacia las Indias. Col\u00f3n ten\u00eda buenas relaciones con la familia de las Casas, los v\u00ednculos familiares lo relacionan estrechamente con el primer viaje de Col\u00f3n a las Indias, su t\u00edo paterno Juan de la Pe\u00f1a, particip\u00f3 en aquella primera expedici\u00f3n que parti\u00f3 del Puerto de Palos el 3 de agosto de 1492. De formaci\u00f3n autodidacta en la gesti\u00f3n pol\u00edtica, en 1512 parte para las Indias recalando en la isla La Espa\u00f1ola, hoy Santo Domingo, diez a\u00f1os m\u00e1s tarde del descubrimiento por Col\u00f3n, se orden\u00f3 sacerdote y fue capell\u00e1n en la expedici\u00f3n que conquist\u00f3 Cuba en 1513. En un principio participa como un colono m\u00e1s, pero que a medida que presenciaba los abusos contra el pueblo, termin\u00f3 revel\u00e1ndose ante tal injusticia, siendo el motivo principal su actitud, para la supresi\u00f3n de las encomiendas, centros en los cuales los ind\u00edgenas estaban obligados a trabajar como esclavos, a cambio de recibir educaci\u00f3n cristiana. Como religioso alcanz\u00f3 el cargo de obispo de Chiapas, M\u00e9xico. Durante este tiempo como buen pastor supo ganarse la confianza de los indios, comprobando que en su persona estaba el padre, protector y defensor de sus intereses.<\/p>\n<p style=\"text-align: justify;\"><a href=\"http:\/\/granadacostanacional.es\/wp-content\/uploads\/2022\/08\/Fray-Bartolom\u00e9-de-las-Casas.jpg\"><img decoding=\"async\" loading=\"lazy\" class=\"aligncenter size-large wp-image-32821\" src=\"http:\/\/granadacostanacional.es\/wp-content\/uploads\/2022\/08\/Fray-Bartolom\u00e9-de-las-Casas-756x1024.jpg\" alt=\"Fray Bartolom\u00e9 de las Casas\" width=\"756\" height=\"1024\" \/><\/a><\/p>\n<p style=\"text-align: center;\"><strong>Fray Bartolom\u00e9 de las Casas<\/strong><\/p>\n<p><strong>Bartolom\u00e9 el religioso:<\/strong><\/p>\n<p style=\"text-align: justify;\">Durante un viaje de regreso a Sevilla en 1506, Bartolom\u00e9 de las Casas recibe las \u00f3rdenes menores al sacerdocio. En 1507 emprende viaje a Roma donde es ordenado como presb\u00edtero, pero no fue hasta 1510, cuando tiene la oportunidad de cantar su primera misa, que tuvo lugar en Concepci\u00f3n de la Vega.<\/p>\n<p style=\"text-align: justify;\">Es dif\u00edcil separar su actividad como religioso, de la social y su lucha por la defensa de los desfavorecidos en Am\u00e9rica, dentro de esta actividad, se encuadra la entrevista que tuvo Fray Bartolom\u00e9 con el mism\u00edsimo Carlos I de Castilla y V del Sacro Imperio Romano Germ\u00e1nico. Durante la misma, Bartolom\u00e9 le pidi\u00f3 al rey, el cual entre sus numerosos t\u00edtulos que ostentaba, se hallaba el de \u201cRey Cat\u00f3lico\u201d desde 1517, justicia para con los nuevos espa\u00f1oles de las nuevas tierras conquistadas. El rey se mostr\u00f3 preocupado por la situaci\u00f3n de los ind\u00edgenas en Am\u00e9rica, escuchando con atenci\u00f3n las demandas de las Casas.<\/p>\n<p style=\"text-align: justify;\">Como consecuencia de esta entrevista el rey Carlos I, convoca con car\u00e1cter de urgencia al Consejo de Indias a trav\u00e9s de la Comisi\u00f3n de Valladolid, (tambi\u00e9n conocida como Junta de Valladolid). En esta reuni\u00f3n participaron los m\u00e1s relevantes te\u00f3logos y juristas de Europa en aquel momento, como resultado de los trabajos en dicha reuni\u00f3n, salieron \u201cLas Nuevas Leyes\u201d promulgadas el 20 de noviembre de 1542, las cuales prohib\u00edan la esclavitud de los indios, obligando que todos quedaran libres de encomenderos.<\/p>\n<p style=\"text-align: justify;\">Antes de ser ordenado como obispo de Chiapas, se le ofrecieron otras di\u00f3cesis, sin embargo, acept\u00f3 la de Chiapas en 1543, sobre todo por estar muy cerca de Tuzulutl\u00e1n.<\/p>\n<p style=\"text-align: justify;\">La consagraci\u00f3n como obispo, tuvo lugar en el antiguo convento dominico de San Pablo, en Sevilla, actual iglesia de la Magdalena. Este acto tuvo ocasi\u00f3n el 30 de marzo, coincidiendo con el Domingo de Pasi\u00f3n de 1544.<\/p>\n<p style=\"text-align: justify;\">Desde los primeros momentos en su cargo, le hizo identificarse tanto con el pueblo que \u00e9l representaba, que ese mismo pueblo pronto le otorg\u00f3 el titulo popular, de \u201cPadrecito de los indios\u201d.<\/p>\n<p style=\"text-align: justify;\"><a href=\"http:\/\/granadacostanacional.es\/wp-content\/uploads\/2022\/08\/Representaci\u00f3n-en-lienzo.jpg\"><img decoding=\"async\" loading=\"lazy\" class=\"aligncenter size-large wp-image-32824\" src=\"http:\/\/granadacostanacional.es\/wp-content\/uploads\/2022\/08\/Representaci\u00f3n-en-lienzo-1024x768.jpg\" alt=\"Representaci\u00f3n en lienzo\" width=\"1024\" height=\"768\" \/><\/a><\/p>\n<p style=\"text-align: center;\"><strong>Representaci\u00f3n en lienzo<\/strong><\/p>\n<p><strong>Historiador:<\/strong><\/p>\n<p style=\"text-align: justify;\">Bartolom\u00e9 de las Casas, persona polifac\u00e9tica donde las haya, sin duda para los historiadores ha dejado una herencia de gran valor, por su realismo en el relato, al margen de intereses tanto econ\u00f3micos, pol\u00edticos y sin duda religiosos. Hoy cualquier estudioso que desee llevar a cabo un estudio sobre la Am\u00e9rica del siglo XVI, tiene la necesidad de recurrir a los trabajos de Bartolom\u00e9.<\/p>\n<p style=\"text-align: justify;\">Historiador con un alto nivel de erudici\u00f3n, su cr\u00f3nica se entiende de forma clara, desde el punto de vista de cualquier historiador actual, facilitando a cualquier estudioso su labor de investigaci\u00f3n. Entre sus trabajos m\u00e1s destacados, se encuentra \u201c<em>La Historia de las Indias<\/em>\u201d, obra que consta de tres partes, concentrada en tres tomos, que alcanza hasta el 1520. Esta obra Bartolom\u00e9 la comenz\u00f3 a escribir en 1552, cuando contaba con 78 a\u00f1os, y la concluy\u00f3 en 1561, cinco a\u00f1os antes de su muerte. En esta obra como el propio autor afirma en su pr\u00f3logo, comenz\u00f3 a escribirla en 1527, pero como \u00e9l tambi\u00e9n indica, se trata de una partida de cero, ya que es una revisi\u00f3n de notas acumuladas a lo largo de su dilatada vida. Notas que como el propio autor dice, \u201cfui tomando sobre lo que ve\u00eda y o\u00eda\u201d, afortunado conocedor de los principales personajes, con los cuales comparti\u00f3 amistad, incluso miembros de su familia, protagonistas de primer orden en la operaci\u00f3n americana, entre los que se encontraba el propio Crist\u00f3bal Col\u00f3n y de su hermano Bartolom\u00e9. Entre sus fuentes recurridas, se encuentra \u201cHistoria Portuguesa de Juan de Barros\u201d.<\/p>\n<p style=\"text-align: justify;\">La obra de Bartolom\u00e9 se puede consultar en las principales bibliotecas, tales como: Biblioteca de la Historia, en la que se conservan los originales de los tres tomos, con anotaciones al margen de pu\u00f1o y letra del autor. En la Biblioteca Nacional, tambi\u00e9n se encuentran los tres tomos de esta joya hist\u00f3rica, (editada en letra moderna 1834). Pero tambi\u00e9n en otras notables, como la Biblioteca Particular de S.M., Biblioteca de Autores Espa\u00f1oles y Biblioteca Provincial de C\u00e1diz. La metodolog\u00eda empleada, se puede afirmar que estableci\u00f3 las bases para la historiograf\u00eda moderna y actual, utilizando como base a los cl\u00e1sicos greco-latinos, los apoyos en las normas teol\u00f3gicas son normales si tenemos en cuenta que estamos en el siglo XVI, y que se trata de un religioso \u00edntegro en sus creencias.<\/p>\n<p style=\"text-align: justify;\"><a href=\"http:\/\/granadacostanacional.es\/wp-content\/uploads\/2022\/08\/La-destrucci\u00f3n-de-las-indias.jpg\"><img decoding=\"async\" loading=\"lazy\" class=\"aligncenter size-full wp-image-32822\" src=\"http:\/\/granadacostanacional.es\/wp-content\/uploads\/2022\/08\/La-destrucci\u00f3n-de-las-indias.jpg\" alt=\"La destrucci\u00f3n de las indias\" width=\"425\" height=\"554\" \/><\/a><\/p>\n<p style=\"text-align: center;\"><strong>La destrucci\u00f3n de las indias<\/strong><\/p>\n<p style=\"text-align: justify;\"><strong>Defensor de los indios:<\/strong><\/p>\n<p style=\"text-align: justify;\">Desde sus inicios como religioso, su identificaci\u00f3n con los valores del humanismo, fueron una constante durante toda su vida, no dudando en enfrentarse a los poderosos, \u00e9l siempre dec\u00eda \u201cson m\u00e1s fuertes los buenos principios, que la fuerza del poder\u201d, y as\u00ed fue su deambular vital, lo que le llev\u00f3 a no pocos disgustos, incluso su relativa condena al ostracismo, culp\u00e1ndole incluso de ser el art\u00edfice de \u201cLa Leyenda Negra\u201d. La verdad es que para lo bueno estamos siempre dispuestos, pero analizar aquellas cosas de las que no podemos estar orgullosos, es m\u00e1s dif\u00edcil, optando por echar tierra y pensar que no ocurri\u00f3 o incluso relativizando la gravedad de los hechos.<\/p>\n<p style=\"text-align: justify;\">Bartolom\u00e9, cuando llega a Am\u00e9rica, lo hace como un colono m\u00e1s, incluso form\u00f3 parte del grupo de terratenientes castellanos, due\u00f1o de una encomienda, pronto reconoci\u00f3 que aquellas pr\u00e1cticas no eran coincidentes con el evangelio que \u00e9l hab\u00eda aceptado como norma de vida. No fue nada f\u00e1cil la decisi\u00f3n de renuncia a la encomienda, suponi\u00e9ndole un enfrentamiento con los que le consideraban uno de ellos. Testigo de horribles crueldades con los indios, no dud\u00f3 en enfrentarse primero con las autoridades coloniales y m\u00e1s tarde con las \u00e9lites de la metr\u00f3poli, incluidas las autoridades eclesi\u00e1sticas, muy ligadas a los beneficios que recib\u00edan de los famosos indianos.<\/p>\n<p style=\"text-align: justify;\">Entre los logros jur\u00eddicos, se encuentra que los indios fueran considerados como personas, hombres, mujeres, ni\u00f1os y ni\u00f1as, en igualdad, (hasta entonces hab\u00edan gozado de menor consideraci\u00f3n que un caballo). En la Castilla del siglo XVI, las injusticias sociales para con la poblaci\u00f3n m\u00e1s desfavorecida, estaban casi normalizadas, pero cuando presencia las explotaciones y atropellos contra la poblaci\u00f3n aborigen, que, por cualquier actuaci\u00f3n en desacuerdo con el se\u00f1or o los capataces, pod\u00eda ser sometida a mutilaci\u00f3n, incluso a la propia muerte. Este fue el argumento principal que inspir\u00f3 su obra literaria, la denuncia consciente que esto deb\u00eda quedar plasmado para no repetir tal atrocidad, y en parte su objetivo se vio cumplido, logrando alcanzar las conciencias de muchos, pero principalmente de la monarqu\u00eda.<\/p>\n<p style=\"text-align: justify;\">Cuando a menudo asistimos a declaraciones sobre nuestro pasado colonizador, aconsejar\u00eda que antes de pronunciarse se acercaran a la obra de Fray Bartolom\u00e9 de las Casas.<\/p>\n<p style=\"text-align: justify;\"><a href=\"http:\/\/granadacostanacional.es\/wp-content\/uploads\/2022\/08\/Presencia-en-la-escuela.png\"><img decoding=\"async\" loading=\"lazy\" class=\"aligncenter size-full wp-image-32823\" src=\"http:\/\/granadacostanacional.es\/wp-content\/uploads\/2022\/08\/Presencia-en-la-escuela.png\" alt=\"Presencia en la escuela\" width=\"323\" height=\"467\" \/><\/a><\/p>\n<p style=\"text-align: center;\"><strong>Presencia en la escuela<\/strong><\/p>\n<p><strong>Conclusiones:<\/strong><\/p>\n<p style=\"text-align: justify;\">Los imperios en el pasado y tambi\u00e9n en el presente, siempre tuvieron los mismos objetivos, hacerse con los recursos de los que dichas potencias carec\u00edan, metales y piedras preciosas, maderas, mano de obra en r\u00e9gimen de esclavitud. Hoy vemos que tambi\u00e9n se contin\u00faa con intervenciones, con las mismas intenciones, miner\u00eda, gas, petr\u00f3leo y todo lo que pueda suponer un beneficio para el ocupante.<\/p>\n<p style=\"text-align: justify;\">Frecuentemente asistimos a versiones interesadas, resaltando lo bueno y pasando de puntillas por lo negativo. Desgraciadamente, la historia se encuentra plagada de atropellos e injusticias, cometidas contra las poblaciones aut\u00f3ctonas, se comenta con cierto orgullo en amplios sectores, la colonizaci\u00f3n romana en nuestra pen\u00ednsula, pero no se habla del espolio minero hasta el agotamiento que supuso esta colonizaci\u00f3n. Resulta jocoso ver c\u00f3mo se habla de los visigodos, c\u00f3mo del inicio de la monarqu\u00eda espa\u00f1ola, fueron extranjeros en busca de tierras m\u00e1s productivas de las que dejaron atr\u00e1s. Pero lo peor es cuando se habla de Espa\u00f1a como concepto, y hablan de miles de a\u00f1os cuando la realidad es que estamos ante un fen\u00f3meno relativamente reciente.<\/p>\n<p style=\"text-align: justify;\">En definitiva, hoy cuando parece que la historia sea un anacronismo, lo que se demuestra una y otra vez, cuando asistimos a ciertas declaraciones de gobernantes, que como m\u00ednimo deber\u00edan conocer la historia de su pueblo, en primer lugar, despierta risa, pero si se reflexiona nos inunda la pena, al comprobar c\u00f3mo estamos rodeados por tanta ignorancia.<\/p>\n<p style=\"text-align: justify;\">Bartolom\u00e9 fue un adelantado de su tiempo en numerosos aspectos, el principal sin duda en la divulgaci\u00f3n con el ejemplo, de los valores humanos, el amor a los semejantes, practicando que no existen personas diferentes, por su condici\u00f3n de raza, nivel econ\u00f3mico, o cualquier otro motivo. Como \u00e9l dec\u00eda dentro de sus m\u00e1s firmes creencias, \u201ctodos somos iguales\u201d lema que en su pac\u00edfica lucha esgrimi\u00f3 all\u00e1 por donde transit\u00f3\u2026<\/p>\n<p style=\"text-align: justify;\">\n<p style=\"text-align: right;\"><strong>Jos\u00e9 Mar\u00eda Escribano Mu\u00f1oz<\/strong><\/p>\n<p style=\"text-align: right;\"><strong>Hendaya-Francia<\/strong><\/p>\n","protected":false},"excerpt":{"rendered":"<p>Nacido en Sevilla, este dominico se mostr\u00f3 como un hombre entregado en su fe, practicante al pie de la letra&hellip;<\/p>\n","protected":false},"author":3,"featured_media":19090,"comment_status":"open","ping_status":"open","sticky":false,"template":"","format":"standard","meta":{"om_disable_all_campaigns":false,"_mi_skip_tracking":false,"_monsterinsights_sitenote_active":false,"_monsterinsights_sitenote_note":"","_monsterinsights_sitenote_category":0,"footnotes":""},"categories":[21],"tags":[],"aioseo_notices":[],"_links":{"self":[{"href":"https:\/\/granadacostaglobal.es\/index.php?rest_route=\/wp\/v2\/posts\/32818"}],"collection":[{"href":"https:\/\/granadacostaglobal.es\/index.php?rest_route=\/wp\/v2\/posts"}],"about":[{"href":"https:\/\/granadacostaglobal.es\/index.php?rest_route=\/wp\/v2\/types\/post"}],"author":[{"embeddable":true,"href":"https:\/\/granadacostaglobal.es\/index.php?rest_route=\/wp\/v2\/users\/3"}],"replies":[{"embeddable":true,"href":"https:\/\/granadacostaglobal.es\/index.php?rest_route=%2Fwp%2Fv2%2Fcomments&post=32818"}],"version-history":[{"count":0,"href":"https:\/\/granadacostaglobal.es\/index.php?rest_route=\/wp\/v2\/posts\/32818\/revisions"}],"wp:featuredmedia":[{"embeddable":true,"href":"https:\/\/granadacostaglobal.es\/index.php?rest_route=\/"}],"wp:attachment":[{"href":"https:\/\/granadacostaglobal.es\/index.php?rest_route=%2Fwp%2Fv2%2Fmedia&parent=32818"}],"wp:term":[{"taxonomy":"category","embeddable":true,"href":"https:\/\/granadacostaglobal.es\/index.php?rest_route=%2Fwp%2Fv2%2Fcategories&post=32818"},{"taxonomy":"post_tag","embeddable":true,"href":"https:\/\/granadacostaglobal.es\/index.php?rest_route=%2Fwp%2Fv2%2Ftags&post=32818"}],"curies":[{"name":"wp","href":"https:\/\/api.w.org\/{rel}","templated":true}]}}