{"id":32792,"date":"2022-08-04T11:31:31","date_gmt":"2022-08-04T10:31:31","guid":{"rendered":"http:\/\/granadacostanacional.es\/?p=32792"},"modified":"2022-08-04T11:31:31","modified_gmt":"2022-08-04T10:31:31","slug":"la-ugr-premia-al-ayuntamiento-de-cullar-vega-por-su-compromiso-con-las-practicas-de-estudiantes-universitarios","status":"publish","type":"post","link":"https:\/\/granadacostaglobal.es\/?p=32792","title":{"rendered":"La UGR premia al Ayuntamiento de C\u00fallar Vega por su compromiso con las pr\u00e1cticas de estudiantes universitarios"},"content":{"rendered":"<p style=\"text-align: justify;\"><strong><u>Esta distinci\u00f3n la concede el Vicerrectorado de Estudiantes y Empleabilidad<\/u><\/strong><\/p>\n<p style=\"text-align: justify;\">La Universidad de Granada (UGR) ha premiado al Ayuntamiento de C\u00fallar Vega por su compromiso con la formaci\u00f3n y las pr\u00e1cticas de estudiantes universitarios.<\/p>\n<p style=\"text-align: justify;\">Las concejalas de Empleo y Juventud del Ayuntamiento cullero, Elvira Ram\u00edrez y Myriam Sanju\u00e1n, han recogido en el Colegio Mayor &#8220;Isabel La Cat\u00f3lica&#8221; de la Rectora de la UGR, Pilar Aranda, esta distinci\u00f3n que concede el Vicerrectorado de Estudiantes y Empleabilidad.<\/p>\n<p style=\"text-align: justify;\"><a href=\"http:\/\/granadacostanacional.es\/wp-content\/uploads\/2022\/08\/IMG_4617.jpg\"><br \/>\n<\/a><a href=\"http:\/\/granadacostanacional.es\/wp-content\/uploads\/2022\/08\/IMG_4618.jpg\"><img decoding=\"async\" loading=\"lazy\" class=\"aligncenter size-full wp-image-32795\" src=\"http:\/\/granadacostanacional.es\/wp-content\/uploads\/2022\/08\/IMG_4618.jpg\" alt=\"IMG_4618\" width=\"960\" height=\"720\" \/><\/a><\/p>\n<p style=\"text-align: justify;\"><a href=\"http:\/\/granadacostanacional.es\/wp-content\/uploads\/2022\/08\/IMG_4617.jpg\"><img decoding=\"async\" loading=\"lazy\" class=\"aligncenter size-full wp-image-32794\" src=\"http:\/\/granadacostanacional.es\/wp-content\/uploads\/2022\/08\/IMG_4617.jpg\" alt=\"IMG_4617\" width=\"1381\" height=\"1080\" \/><\/a><\/p>\n<p style=\"text-align: justify;\">\u201cDesde hace a\u00f1os, en el Ayuntamiento colaboramos estrechamente con la UGR a trav\u00e9s del Programa \u00cdcaro, y tambi\u00e9n con otros centros de Formaci\u00f3n Profesional de la provincia, con el objetivo de que los j\u00f3venes estudiantes completen su formaci\u00f3n en servicios y concejal\u00edas de nuestro Ayuntamiento\u201d, ha destacado el alcalde de C\u00fallar Vega, Jorge S\u00e1nchez.<\/p>\n<p style=\"text-align: justify;\">De hecho, en lo que va de 2022 ya han sido 8 alumnos los que han pasado por la plantilla del Consistorio cullero, y casi 50 en los \u00faltimos 4 a\u00f1os.<\/p>\n<p style=\"text-align: justify;\"><a href=\"http:\/\/granadacostanacional.es\/wp-content\/uploads\/2022\/08\/IMG_4615.jpg\"><img decoding=\"async\" loading=\"lazy\" class=\"aligncenter size-full wp-image-32796\" src=\"http:\/\/granadacostanacional.es\/wp-content\/uploads\/2022\/08\/IMG_4615.jpg\" alt=\"IMG_4615\" width=\"2001\" height=\"1261\" \/><\/a> <a href=\"http:\/\/granadacostanacional.es\/wp-content\/uploads\/2022\/08\/IMG_4614.jpg\"><img decoding=\"async\" loading=\"lazy\" class=\"aligncenter size-full wp-image-32797\" src=\"http:\/\/granadacostanacional.es\/wp-content\/uploads\/2022\/08\/IMG_4614.jpg\" alt=\"IMG_4614\" width=\"1074\" height=\"1217\" \/><\/a><\/p>\n<p style=\"text-align: justify;\">La concejala de Empleo ha resaltado \u201cla extraordinaria labor que realizan estos estudiantes, cuya labor es de enorme ayuda para poner en marcha muchos proyectos municipales\u201d, y ha agradecido a la UGR \u201ceste reconocimiento que nos anima a seguir trabajando en esta misma l\u00ednea\u201d.<\/p>\n<p style=\"text-align: justify;\"><a href=\"http:\/\/granadacostanacional.es\/wp-content\/uploads\/2022\/08\/IMG_4613.jpg\"><img decoding=\"async\" loading=\"lazy\" class=\"aligncenter size-full wp-image-32798\" src=\"http:\/\/granadacostanacional.es\/wp-content\/uploads\/2022\/08\/IMG_4613.jpg\" alt=\"IMG_4613\" width=\"996\" height=\"981\" \/><\/a><\/p>\n","protected":false},"excerpt":{"rendered":"<p>Esta distinci\u00f3n la concede el Vicerrectorado de Estudiantes y Empleabilidad La Universidad de Granada (UGR) ha premiado al Ayuntamiento de&hellip;<\/p>\n","protected":false},"author":2,"featured_media":32793,"comment_status":"open","ping_status":"open","sticky":false,"template":"","format":"standard","meta":{"om_disable_all_campaigns":false,"_mi_skip_tracking":false,"_monsterinsights_sitenote_active":false,"_monsterinsights_sitenote_note":"","_monsterinsights_sitenote_category":0,"footnotes":""},"categories":[30],"tags":[],"aioseo_notices":[],"_links":{"self":[{"href":"https:\/\/granadacostaglobal.es\/index.php?rest_route=\/wp\/v2\/posts\/32792"}],"collection":[{"href":"https:\/\/granadacostaglobal.es\/index.php?rest_route=\/wp\/v2\/posts"}],"about":[{"href":"https:\/\/granadacostaglobal.es\/index.php?rest_route=\/wp\/v2\/types\/post"}],"author":[{"embeddable":true,"href":"https:\/\/granadacostaglobal.es\/index.php?rest_route=\/wp\/v2\/users\/2"}],"replies":[{"embeddable":true,"href":"https:\/\/granadacostaglobal.es\/index.php?rest_route=%2Fwp%2Fv2%2Fcomments&post=32792"}],"version-history":[{"count":0,"href":"https:\/\/granadacostaglobal.es\/index.php?rest_route=\/wp\/v2\/posts\/32792\/revisions"}],"wp:featuredmedia":[{"embeddable":true,"href":"https:\/\/granadacostaglobal.es\/index.php?rest_route=\/"}],"wp:attachment":[{"href":"https:\/\/granadacostaglobal.es\/index.php?rest_route=%2Fwp%2Fv2%2Fmedia&parent=32792"}],"wp:term":[{"taxonomy":"category","embeddable":true,"href":"https:\/\/granadacostaglobal.es\/index.php?rest_route=%2Fwp%2Fv2%2Fcategories&post=32792"},{"taxonomy":"post_tag","embeddable":true,"href":"https:\/\/granadacostaglobal.es\/index.php?rest_route=%2Fwp%2Fv2%2Ftags&post=32792"}],"curies":[{"name":"wp","href":"https:\/\/api.w.org\/{rel}","templated":true}]}}