{"id":32775,"date":"2022-08-01T10:02:39","date_gmt":"2022-08-01T09:02:39","guid":{"rendered":"http:\/\/granadacostanacional.es\/?p=32775"},"modified":"2022-08-01T10:02:39","modified_gmt":"2022-08-01T09:02:39","slug":"ardemos-olas-extremas-de-calor-y-sin-agua","status":"publish","type":"post","link":"https:\/\/granadacostaglobal.es\/?p=32775","title":{"rendered":"Ardemos, olas extremas de calor y sin agua"},"content":{"rendered":"<p style=\"text-align: justify;\">Es evidente que se hace poco para prevenir y actuar cuando verano tras verano quemamos miles de hect\u00e1reas, en llamas hoy en Espa\u00f1a m\u00e1s de 60.000. El fuego no da tregua, engulle todo lo que est\u00e1 a su lado, el calor es asfixiante, insoportable, los fuegos avanzan y junto con la ola\/olla de calor hacen estragos pues se ha llevado m\u00e1s de 500 v\u00edctimas. De ah\u00ed la alerta de calor extremo y mientras tanto Espa\u00f1a muere ag\u00f3nicamente en llamas por incendios como pasto por las llamas. Ola de incendios sin control, y escaso ahorro del agua con campa\u00f1as silenciadas o casi inexistentes de concienciaci\u00f3n. No olvidemos el codiciado valor del agua para saciar nuestra vida y la del campo, tan necesario y tan poco reconocido como bien esencial y escaso.<\/p>\n<p style=\"text-align: justify;\">En otro orden de asuntos relacionados, perm\u00edtanme recordarles que los costes de producci\u00f3n al agricultor son excesivos pues los cultivos apenas dejan algo o nada de beneficio, por lo que hace falta una respuesta de clase social y solidaria, pues ardemos y la sequ\u00eda pronto conllevar\u00e1 efectos demoledores. A la acci\u00f3n o inanici\u00f3n del hombre se suman las altas temperaturas que convierten nuestra tierra y caminos en un polvor\u00edn. Esto demuestra la lejan\u00eda de la pol\u00edtica respecto a los problemas, su indolencia pues nuestros representantes p\u00fablicos acuden a la zona de incendios para hacerse la foto testimonial pero no toman medidas eficaces, necesarias y urgentes para contrarrestar y controlar esta destrucci\u00f3n descontrolada.<\/p>\n<p style=\"text-align: justify;\">Hace falta inversi\u00f3n en trabajos forestales de prevenci\u00f3n, limpiando lo seco y peligroso para evitar, combatir o mitigar las cat\u00e1strofes del averno con rapidez; hace falta vigilar y castigar m\u00e1s contundentemente a los pir\u00f3manos con fines especulativos, e incrementar personal para salvamento y extinci\u00f3n por eso se deber\u00eda tambi\u00e9n contratar del paro para hacer cortafuegos; sin embargo, la Ley de prevenci\u00f3n de fuegos lleva m\u00e1s de 21 meses paralizada por diversos motivos\u2026 Y en Almu\u00f1\u00e9car con arboricidios y dejando que se seque el acu\u00edfero de la Sandovala por vertidos al cauce del r\u00edo Seco, y dejando la salinizaci\u00f3n del acu\u00edfero de r\u00edo Verde. Juzguen ustedes.<\/p>\n<p style=\"text-align: justify;\">\n<p style=\"text-align: right;\"><strong>Francisco Velasco Rey<\/strong><\/p>\n","protected":false},"excerpt":{"rendered":"<p>Es evidente que se hace poco para prevenir y actuar cuando verano tras verano quemamos miles de hect\u00e1reas, en llamas&hellip;<\/p>\n","protected":false},"author":3,"featured_media":0,"comment_status":"open","ping_status":"open","sticky":false,"template":"","format":"standard","meta":{"om_disable_all_campaigns":false,"_mi_skip_tracking":false,"_monsterinsights_sitenote_active":false,"_monsterinsights_sitenote_note":"","_monsterinsights_sitenote_category":0,"footnotes":""},"categories":[30],"tags":[],"aioseo_notices":[],"_links":{"self":[{"href":"https:\/\/granadacostaglobal.es\/index.php?rest_route=\/wp\/v2\/posts\/32775"}],"collection":[{"href":"https:\/\/granadacostaglobal.es\/index.php?rest_route=\/wp\/v2\/posts"}],"about":[{"href":"https:\/\/granadacostaglobal.es\/index.php?rest_route=\/wp\/v2\/types\/post"}],"author":[{"embeddable":true,"href":"https:\/\/granadacostaglobal.es\/index.php?rest_route=\/wp\/v2\/users\/3"}],"replies":[{"embeddable":true,"href":"https:\/\/granadacostaglobal.es\/index.php?rest_route=%2Fwp%2Fv2%2Fcomments&post=32775"}],"version-history":[{"count":0,"href":"https:\/\/granadacostaglobal.es\/index.php?rest_route=\/wp\/v2\/posts\/32775\/revisions"}],"wp:attachment":[{"href":"https:\/\/granadacostaglobal.es\/index.php?rest_route=%2Fwp%2Fv2%2Fmedia&parent=32775"}],"wp:term":[{"taxonomy":"category","embeddable":true,"href":"https:\/\/granadacostaglobal.es\/index.php?rest_route=%2Fwp%2Fv2%2Fcategories&post=32775"},{"taxonomy":"post_tag","embeddable":true,"href":"https:\/\/granadacostaglobal.es\/index.php?rest_route=%2Fwp%2Fv2%2Ftags&post=32775"}],"curies":[{"name":"wp","href":"https:\/\/api.w.org\/{rel}","templated":true}]}}