{"id":32755,"date":"2022-07-29T08:46:53","date_gmt":"2022-07-29T07:46:53","guid":{"rendered":"http:\/\/granadacostanacional.es\/?p=32755"},"modified":"2022-07-29T08:46:53","modified_gmt":"2022-07-29T07:46:53","slug":"el-ayuntamiento-de-churriana-renueva-la-ayuda-economica-de-material-escolar-para-familias-vulnerables","status":"publish","type":"post","link":"https:\/\/granadacostaglobal.es\/?p=32755","title":{"rendered":"El Ayuntamiento de Churriana renueva la ayuda econ\u00f3mica de material escolar para familias vulnerables"},"content":{"rendered":"<h4 style=\"text-align: center;\">Abierto el plazo de solicitudes en el Centro Municipal de Cultura<\/h4>\n<p style=\"text-align: justify;\">La compra de material con motivo del comienzo del curso escolar contar\u00e1 un a\u00f1o m\u00e1s con una ayuda extraordinaria para las familias vulnerables de Churriana que tengan estudiantes entre 0 y 16 a\u00f1os.<\/p>\n<p style=\"text-align: justify;\">Esta ayuda puesta en marcha por el Ayuntamiento, a trav\u00e9s de la concejal\u00eda de Servicios Sociales pretende aliviar la importante inversi\u00f3n que supone la vuelta a los centros educativos en el mes de septiembre, especialmente en la actual situaci\u00f3n de crisis econ\u00f3mica y subida de precios.<\/p>\n<p style=\"text-align: justify;\">Bajo la supervisi\u00f3n de los Servicios Sociales Comunitarios, las familias en situaci\u00f3n de vulnerabilidad recibir\u00e1n 100 euros por alumno en infantil, 70 euros por alumno en primaria y 50 euros por alumno en secundaria.<\/p>\n<p style=\"text-align: justify;\"><a href=\"http:\/\/granadacostanacional.es\/wp-content\/uploads\/2022\/07\/AYUDA-MATERIAL-ESCOLAR.jpeg\"><img decoding=\"async\" loading=\"lazy\" class=\"aligncenter size-large wp-image-32756\" src=\"http:\/\/granadacostanacional.es\/wp-content\/uploads\/2022\/07\/AYUDA-MATERIAL-ESCOLAR-1024x768.jpeg\" alt=\"AYUDA MATERIAL ESCOLAR\" width=\"1024\" height=\"768\" \/><\/a><\/p>\n<p style=\"text-align: justify;\">Esta cantidad se emplear\u00e1 en la compra de material escolar en el comercio local de Churriana de la Vega, que se beneficiar\u00e1 de esta iniciativa social desarrollada por el Ayuntamiento.<\/p>\n<p style=\"text-align: justify;\">Para acogerse a esta ayuda es necesario estar empadronado en Churriana de la Vega durante al menos 6 meses y no superar ingresos econ\u00f3micos de 723,77 euros al mes para unidades familiares de dos miembros, 868,53 euros al mes para tres miembros y 1013,28 euros para cuatro miembros y 1158,05 para cinco o m\u00e1s miembros.<\/p>\n<p style=\"text-align: justify;\">El beneficiario de la ayuda debera\u0301 realizar el gasto que ha sido subvencionado antes del 30 de diciembre del 2022 y justificando las compras de material escolar.<\/p>\n<p style=\"text-align: justify;\">El plazo de solicitudes est\u00e1 abierto desde el 29 de julio hasta el 8 de agosto. La recogida y entrega de documentaci\u00f3n se realizar\u00e1 en los Servicios Sociales Comunitarios de Churriana, situados en el Centro Municipal de la Cultura, en horario de 9:00 a 13:00 horas.<\/p>\n","protected":false},"excerpt":{"rendered":"<p>Abierto el plazo de solicitudes en el Centro Municipal de Cultura La compra de material con motivo del comienzo del&hellip;<\/p>\n","protected":false},"author":3,"featured_media":32756,"comment_status":"open","ping_status":"open","sticky":false,"template":"","format":"standard","meta":{"om_disable_all_campaigns":false,"_mi_skip_tracking":false,"_monsterinsights_sitenote_active":false,"_monsterinsights_sitenote_note":"","_monsterinsights_sitenote_category":0,"footnotes":""},"categories":[21],"tags":[],"aioseo_notices":[],"_links":{"self":[{"href":"https:\/\/granadacostaglobal.es\/index.php?rest_route=\/wp\/v2\/posts\/32755"}],"collection":[{"href":"https:\/\/granadacostaglobal.es\/index.php?rest_route=\/wp\/v2\/posts"}],"about":[{"href":"https:\/\/granadacostaglobal.es\/index.php?rest_route=\/wp\/v2\/types\/post"}],"author":[{"embeddable":true,"href":"https:\/\/granadacostaglobal.es\/index.php?rest_route=\/wp\/v2\/users\/3"}],"replies":[{"embeddable":true,"href":"https:\/\/granadacostaglobal.es\/index.php?rest_route=%2Fwp%2Fv2%2Fcomments&post=32755"}],"version-history":[{"count":0,"href":"https:\/\/granadacostaglobal.es\/index.php?rest_route=\/wp\/v2\/posts\/32755\/revisions"}],"wp:featuredmedia":[{"embeddable":true,"href":"https:\/\/granadacostaglobal.es\/index.php?rest_route=\/"}],"wp:attachment":[{"href":"https:\/\/granadacostaglobal.es\/index.php?rest_route=%2Fwp%2Fv2%2Fmedia&parent=32755"}],"wp:term":[{"taxonomy":"category","embeddable":true,"href":"https:\/\/granadacostaglobal.es\/index.php?rest_route=%2Fwp%2Fv2%2Fcategories&post=32755"},{"taxonomy":"post_tag","embeddable":true,"href":"https:\/\/granadacostaglobal.es\/index.php?rest_route=%2Fwp%2Fv2%2Ftags&post=32755"}],"curies":[{"name":"wp","href":"https:\/\/api.w.org\/{rel}","templated":true}]}}