{"id":32744,"date":"2022-07-27T19:54:27","date_gmt":"2022-07-27T18:54:27","guid":{"rendered":"http:\/\/granadacostanacional.es\/?p=32744"},"modified":"2022-07-27T19:54:27","modified_gmt":"2022-07-27T18:54:27","slug":"recomendaciones-delante-de-las-tecnologias-de-la-informacion-y-la-comunicacion","status":"publish","type":"post","link":"https:\/\/granadacostaglobal.es\/?p=32744","title":{"rendered":"Recomendaciones delante de las tecnolog\u00edas de la informaci\u00f3n y la comunicaci\u00f3n"},"content":{"rendered":"<p style=\"text-align: justify;\">\u00a0Por la Dra. To\u00f1y Castillo<\/p>\n<p style=\"text-align: justify;\"><a href=\"http:\/\/granadacostanacional.es\/wp-content\/uploads\/2022\/07\/ni\u00f1os-internet-1.jpg\"><img decoding=\"async\" loading=\"lazy\" class=\"alignnone size-full wp-image-32747\" src=\"http:\/\/granadacostanacional.es\/wp-content\/uploads\/2022\/07\/ni\u00f1os-internet-1.jpg\" alt=\"ni\u00f1os internet 1\" width=\"275\" height=\"183\" \/><\/a>Las\u00a0 Tecnolog\u00edas de la Informaci\u00f3n y la Comunicaci\u00f3n (TICs) han supuesto una revoluci\u00f3n total en la sociedad y en sus usos y costumbres. Son un instrumento indispensable para trabajar y comunicarse. Su uso se ha extendido de forma tan r\u00e1pida que resulta muy dif\u00edcil no encontrar un adolescente (y ni\u00f1os mucho m\u00e1s peque\u00f1os) que no tengan acceso a un tel\u00e9fono m\u00f3vil o a Internet.<\/p>\n<p style=\"text-align: justify;\">Las caracter\u00edsticas de las nuevas tecnolog\u00edas (TIC) permiten un anonimato y poder vivir en un mundo donde todo es posible y no se es responsable de nada. Y esto es posible por una serie de facilitadores que las hacen accesibles y baratas para todo tipo de poblaci\u00f3n, unido a las dificultades para poder controlarse. (Ver cuadro sobre caracter\u00edsticas y facilitadores de los TIC).<\/p>\n<p style=\"text-align: justify;\"><strong><a href=\"http:\/\/granadacostanacional.es\/wp-content\/uploads\/2022\/07\/ni\u00f1o-internet-2.jpg\"><img decoding=\"async\" loading=\"lazy\" class=\"alignnone size-full wp-image-32748\" src=\"http:\/\/granadacostanacional.es\/wp-content\/uploads\/2022\/07\/ni\u00f1o-internet-2.jpg\" alt=\"ni\u00f1o internet 2\" width=\"275\" height=\"183\" \/><\/a>Caracter\u00edsticas TIC:<\/strong><\/p>\n<ul>\n<li>Satisfacci\u00f3n inmediata necesidades.<\/li>\n<li>Placer autom\u00e1tico.<\/li>\n<li>Triunfo man\u00edaco generado por la satisfacci\u00f3n de la necesidad inmediata.<\/li>\n<li>Carga-descarga, acci\u00f3n reacci\u00f3n.<\/li>\n<li>Muchas dificultades para poder simbolizar baja o inexistente funci\u00f3n reflexiva.<\/li>\n<\/ul>\n<p><strong>Facilitadores TIC:<\/strong><\/p>\n<ul>\n<li>Acceso f\u00e1cil a toda la poblaci\u00f3n independiente de la edad.<\/li>\n<li>Deficiencias en el seguimiento y control paterno.<\/li>\n<li>Sensaci\u00f3n de poder, control y \u00e9xito.<\/li>\n<li>Espacio interactivo.<\/li>\n<li>El \u00e9xito puede repetirse a voluntad (juego, seducci\u00f3n, sexo).<\/li>\n<li>Capacidad para modificar el estado de \u00e1nimo.<\/li>\n<li>Personalidad adictiva o baja autoestima.<\/li>\n<\/ul>\n<p style=\"text-align: justify;\"><a href=\"http:\/\/granadacostanacional.es\/wp-content\/uploads\/2022\/07\/familia-internet3.jpg\"><img decoding=\"async\" loading=\"lazy\" class=\"alignnone size-full wp-image-32746\" src=\"http:\/\/granadacostanacional.es\/wp-content\/uploads\/2022\/07\/familia-internet3.jpg\" alt=\"familia internet3\" width=\"275\" height=\"183\" \/><\/a>Las TICs suponen un reto para las familias, especialmente en el tema de la comunicaci\u00f3n entre sus miembros y un buen clima familiar. El buen trato estar\u00eda en la l\u00ednea de permitir que los hijos tuvieran acceso a los beneficios que pueden reportar las TIC teniendo en cuenta: o La etapa evolutiva, en funci\u00f3n de la misma valorar el tiempo de acceso a las pantallas y donde se ubican.<\/p>\n<p style=\"text-align: justify;\">\u00a0A pesar de que hay unas edades m\u00ednimas para poder acceder legalmente a las TICs, en la pr\u00e1ctica ni\u00f1os\/as de 8 a\u00f1os y menores tienen acceso a las mismas. Pero lo m\u00e1s grave no son los contenidos que se suben a las redes, sino que no existe una real y continuada supervisi\u00f3n por parte de un adulto.<\/p>\n<p style=\"text-align: justify;\">Orientaciones:<a href=\"http:\/\/granadacostanacional.es\/wp-content\/uploads\/2022\/07\/familia-interet5.jpg\"><img decoding=\"async\" loading=\"lazy\" class=\"alignnone size-full wp-image-32745\" src=\"http:\/\/granadacostanacional.es\/wp-content\/uploads\/2022\/07\/familia-interet5.jpg\" alt=\"familia interet5\" width=\"279\" height=\"181\" \/><\/a><\/p>\n<ul>\n<li style=\"text-align: justify;\">Se habr\u00edan de reservar los espacios comunes para las relaciones familiares (especialmente en las comidas) sin tel\u00e9fonos m\u00f3viles ni televisores encendidos. Esto va a permitir reservar espacios donde prevalezca la comunicaci\u00f3n verbal entre todos los miembros de la familia.<\/li>\n<li style=\"text-align: justify;\">Impedir situaciones de adicci\u00f3n por un exceso de exposici\u00f3n a las mismas, evitando que las mismas est\u00e9n en las habitaciones fuera del seguimiento parental.<\/li>\n<li style=\"text-align: justify;\">\u00a0No tener miedo de vigilar con quienes est\u00e1n realmente en contacto nuestros hijos (y eso no es inmiscuirse en la privacidad del hijo, sino que es un respeto hacia ellos en relaci\u00f3n con su seguridad y bienestar).<\/li>\n<li>No tener problemas para pedir las contrase\u00f1as a los hijos e ir viendo con quien, donde y sobre qu\u00e9 se est\u00e1n intercambiando informaci\u00f3n.<\/li>\n<li style=\"text-align: justify;\">\u00a0Especialmente evitar que se haga un uso indiscriminado de los mismos, (especialmente en qu\u00e9 tipo de contenidos o fotos se suben), dado los riesgos reales que se dan en las redes.<\/li>\n<li style=\"text-align: justify;\">Cuando los padres\/madres descubren que existe alg\u00fan tipo de acoso o amenaza en las TICs hacia sus hijos con las que estos est\u00e1n interactuando, es importante que mantengan una actitud de tranquilidad. Actitud que debe tenerse en cuenta para favorecer el buen trato especialmente cuando se descubre que esos ni\u00f1os est\u00e1n sometidos a alg\u00fan tipo de peligro real.<\/li>\n<li style=\"text-align: justify;\">\u00a0Observar al ni\u00f1o y atenderle para evitar un incremento de ansiedad, depresi\u00f3n u otra problem\u00e1tica.<\/li>\n<li style=\"text-align: justify;\">\u00a0Escuchar y dialogar, dando espacios mentales, sin agobiar, para que el ni\u00f1o tenga confianza para hablar de c\u00f3mo se ha llegado a esta situaci\u00f3n y c\u00f3mo est\u00e1 siendo acosado o amenazado en las redes. Mantener la calma para poder escuchar, pensar y luego ir tomando decisiones positivas para la resoluci\u00f3n del problema y la atenci\u00f3n a las necesidades del hijo.<\/li>\n<li style=\"text-align: justify;\">\u00a0Insistir en que \u00e9l no es culpable, evitando entrar en situaciones de acusaciones por falta de responsabilidad del hijo a la hora del uso de las TICs, que adem\u00e1s de no servir para nada, incrementa niveles de ansiedad innecesaria.<\/li>\n<li style=\"text-align: justify;\">\u00a0Reforzar su autoestima en los aspectos positivos de su conducta por ejemplo, el hab\u00e9rselo dicho a los padres, y en todo caso porque puede adquirir un aprendizaje de c\u00f3mo se puede solucionar el problema.<\/li>\n<li style=\"text-align: justify;\">\u00a0Comunicar la situaci\u00f3n a la escuela, especialmente en los casos de bullying o ciberbullying. o Comunicar la situaci\u00f3n a la polic\u00eda, si las amenazas son graves porque en la gran mayor\u00eda de casos, especialmente en los de ciberbullying o grooming, pueden existir amenazas graves para la integridad de los ni\u00f1os.<\/li>\n<li style=\"text-align: justify;\">\u00a0Mantener una buena comunicaci\u00f3n basada en la confianza, que permita elaborar el problema y salir reforzado del conflicto por la experiencia adquirida.<\/li>\n<li style=\"text-align: justify;\">\u00a0En los casos en que los hijos sean agresores tambi\u00e9n es importante que los padres\/madres adopten una posici\u00f3n de buen trato en relaci\u00f3n a c\u00f3mo hacer frente a los problemas derivados de su conducta negativa. Es importante que, cuando se descubra que el hijo est\u00e1 ejerciendo el mismo ciberacoso, se reaccione lo m\u00e1s r\u00e1pidamente posible.<\/li>\n<\/ul>\n<p><strong><a href=\"http:\/\/granadacostanacional.es\/wp-content\/uploads\/2022\/07\/familia-internet7.jpg\"><img decoding=\"async\" loading=\"lazy\" class=\"alignnone size-full wp-image-32750\" src=\"http:\/\/granadacostanacional.es\/wp-content\/uploads\/2022\/07\/familia-internet7.jpg\" alt=\"familia internet7\" width=\"275\" height=\"183\" \/><\/a>Para ello es importante:<\/strong><\/p>\n<ul>\n<li style=\"text-align: justify;\">Cuando se conozca que existe este tipo de conducta, no responder de manera amenazante y agresiva, sino intentar dar un espacio para que el hijo se explique y aclare el porqu\u00e9 de su conducta y qu\u00e9 le implica a nivel emocional o social el ejercerla.<\/li>\n<li style=\"text-align: justify;\">Hacerle reflexionar sobre el tema, aunque viva la red como un espacio virtual, como si sus acciones no tuvieran nada que ver con situaciones reales.<\/li>\n<li style=\"text-align: justify;\">\u00a0Ense\u00f1arles a empatizar y a entender que lo que hace en la red es lo mismo que deber\u00eda hacer en la vida real. Esto permite que pueda desarrollar la empat\u00eda y ponerse en el lugar del otro con relaci\u00f3n a c\u00f3mo pueden afectarle las acciones que lleve a cabo como: amenazar, burlarse, intimidar, entre otras.<\/li>\n<li style=\"text-align: justify;\">\u00a0Hacerle ver que puede estar cometiendo un delito, que como dec\u00edamos antes, aunque sea un medio virtual su acci\u00f3n es real y por tanto cuando insulta o amenaza o se burla de alguien esto puede traerle problemas importantes.<\/li>\n<li style=\"text-align: justify;\">\u00a0Relaciones vinculares afectivas en las familias. La familia es el primer agente socializador porque permite: desarrollar la vinculaci\u00f3n afectiva, apego o attachment con sus hijos, desarrollar la empat\u00eda, generar un espacio en donde poder desarrollar la competencia en un entorno libre de violencia, desde el amor y el afecto, permitiendo el uso de m\u00faltiples recursos y de la solidaridad.<\/li>\n<\/ul>\n<p style=\"text-align: justify;\">1. Al hablar de ni\u00f1os se ha hecho uso del generico<\/p>\n","protected":false},"excerpt":{"rendered":"<p>\u00a0Por la Dra. To\u00f1y Castillo Las\u00a0 Tecnolog\u00edas de la Informaci\u00f3n y la Comunicaci\u00f3n (TICs) han supuesto una revoluci\u00f3n total en&hellip;<\/p>\n","protected":false},"author":4,"featured_media":32306,"comment_status":"open","ping_status":"open","sticky":false,"template":"","format":"standard","meta":{"om_disable_all_campaigns":false,"_mi_skip_tracking":false,"_monsterinsights_sitenote_active":false,"_monsterinsights_sitenote_note":"","_monsterinsights_sitenote_category":0,"footnotes":""},"categories":[25,21,35,22,19,30],"tags":[],"aioseo_notices":[],"_links":{"self":[{"href":"https:\/\/granadacostaglobal.es\/index.php?rest_route=\/wp\/v2\/posts\/32744"}],"collection":[{"href":"https:\/\/granadacostaglobal.es\/index.php?rest_route=\/wp\/v2\/posts"}],"about":[{"href":"https:\/\/granadacostaglobal.es\/index.php?rest_route=\/wp\/v2\/types\/post"}],"author":[{"embeddable":true,"href":"https:\/\/granadacostaglobal.es\/index.php?rest_route=\/wp\/v2\/users\/4"}],"replies":[{"embeddable":true,"href":"https:\/\/granadacostaglobal.es\/index.php?rest_route=%2Fwp%2Fv2%2Fcomments&post=32744"}],"version-history":[{"count":0,"href":"https:\/\/granadacostaglobal.es\/index.php?rest_route=\/wp\/v2\/posts\/32744\/revisions"}],"wp:featuredmedia":[{"embeddable":true,"href":"https:\/\/granadacostaglobal.es\/index.php?rest_route=\/"}],"wp:attachment":[{"href":"https:\/\/granadacostaglobal.es\/index.php?rest_route=%2Fwp%2Fv2%2Fmedia&parent=32744"}],"wp:term":[{"taxonomy":"category","embeddable":true,"href":"https:\/\/granadacostaglobal.es\/index.php?rest_route=%2Fwp%2Fv2%2Fcategories&post=32744"},{"taxonomy":"post_tag","embeddable":true,"href":"https:\/\/granadacostaglobal.es\/index.php?rest_route=%2Fwp%2Fv2%2Ftags&post=32744"}],"curies":[{"name":"wp","href":"https:\/\/api.w.org\/{rel}","templated":true}]}}