{"id":32645,"date":"2022-07-07T17:32:03","date_gmt":"2022-07-07T16:32:03","guid":{"rendered":"http:\/\/granadacostanacional.es\/?p=32645"},"modified":"2022-07-07T17:32:03","modified_gmt":"2022-07-07T16:32:03","slug":"la-casa-de-la-bruja-y-iii-de-iii","status":"publish","type":"post","link":"https:\/\/granadacostaglobal.es\/?p=32645","title":{"rendered":"La casa de la bruja (y III de III)"},"content":{"rendered":"<p style=\"text-align: justify;\">Cuatro horas despu\u00e9s, Luc\u00eda tuvo que arrancarme, literalmente, de una lectura que me ten\u00eda completamente embelesado. Era hora de comer, hasta mi llegaban unos apetitosos aromas y, sin embargo, mi cong\u00e9nita glotoner\u00eda hab\u00eda sido completamente desterrada por aquel peculiar libro. La segu\u00ed a rega\u00f1adientes hasta una cocina en la que cab\u00eda toda nuestra casa. Nunca pens\u00e9 que una bruja pudiera perder un solo minuto de su tenebrosa vida en la cocina\u2026 a no ser para preparar sus siniestras p\u00f3cimas y brebajes.<\/p>\n<p style=\"text-align: justify;\">Nada de eso me esperaba en aquella luminosa pieza donde, sobre una alegre mesa amarilla, hab\u00eda dispuesto una apetitosa comida para los dos. La exquisita presencia de los alimentos invitaba a degustarlos y, por un momento, me hizo olvidar aquel libro que hab\u00eda acaparado toda mi atenci\u00f3n. Todo estaba delicioso: una ensalada que le ense\u00f1aron a hacer en Turqu\u00eda, a la que sigui\u00f3 una pechuga riqu\u00edsima con un nombre franc\u00e9s, que no pude retener y, como colof\u00f3n, pastel de chocolate preparado por ella, que estaba mejor que los que compraba mi madre los d\u00edas de celebraci\u00f3n.<\/p>\n<p style=\"text-align: justify;\">Me pregunt\u00f3 si quer\u00eda echar una siesta, cosa a la que, aunque resultaba apetecible por el sosiego del lugar, no estaba acostumbrado en aquella \u00e9poca del a\u00f1o, en la que sal\u00eda espoleado hacia la escuela sin haber tenido tiempo de tragar el \u00faltimo bocado de la comida. Adem\u00e1s, no quer\u00eda perder ni un minuto de lectura.<\/p>\n<p style=\"text-align: justify;\">De nuevo junto al mirador, prosegu\u00ed con la aventura que amalgamaba \u00abLa vuelta al mundo en ochenta d\u00edas\u00bb con el relato del peregrinaje siguiendo los itinerarios de Phileas Fogg, hab\u00edan completado la madre de Luc\u00eda, primero, y ella misma despu\u00e9s. Y, aunque solo me mov\u00ed de la silla para ir al ba\u00f1o un par de veces y para tocar la punta de una lanza, que me miraba desde uno de los anaqueles y que, seg\u00fan Luc\u00eda, era Zul\u00fa, esa tarde \u00a0recorr\u00ed medio mundo.<\/p>\n<p style=\"text-align: justify;\">Luc\u00eda para m\u00ed nunca m\u00e1s ser\u00eda \u00abla bruja\u00bb.<\/p>\n<p style=\"text-align: justify;\">Cuando mam\u00e1 vino a buscarme para que besara por \u00faltima vez a la abuela, la mire contrariado, me dol\u00eda dejar, aunque fuera moment\u00e1neamente la lectura.<\/p>\n<p style=\"text-align: justify;\">\u2014\u00bfDespu\u00e9s podr\u00e9 volver? \u2014 fue lo \u00fanico que se me ocurri\u00f3 preguntarle.<\/p>\n<p style=\"text-align: justify;\">\u2014S\u00ed Dani, aqu\u00ed esperar\u00e1s a que volvamos del cementerio. No te importa. \u00bfVerdad cari\u00f1o?<\/p>\n<p style=\"text-align: justify;\">Ahora, tantos a\u00f1os despu\u00e9s, espero que la alegr\u00eda que experiment\u00e9 cuando mi madre me dijo que podr\u00eda continuar all\u00ed, leyendo, no se me notara demasiado.<\/p>\n<p style=\"text-align: justify;\">Muchos de aquellos ochenta d\u00edas transcurrieron en un suspiro y cuando regres\u00f3 mam\u00e1 para que, despu\u00e9s de agradecerle a Lucia su atenci\u00f3n conmigo, llevarme a casa me qued\u00e9 apenado mirando aquel libro y pensando que no podr\u00eda acabarlo hasta que se muriera otro familiar y tratando de entrever quien ser\u00eda el siguiente que me facilitar\u00eda la lectura.<\/p>\n<p style=\"text-align: justify;\">\u2014 \u00bfQuieres llev\u00e1rtelo? \u2014pregunt\u00f3 Luc\u00eda al notar lo despagado que me quedaba\u2014. Ya me lo devolver\u00e1s cuando lo termines y vengas a por otro.<\/p>\n<p style=\"text-align: justify;\">Acababa de iniciarse una amistad, la m\u00e1s sincera de mi vida, o mejor, habr\u00eda que hablar de dos amistades: la m\u00eda con Luc\u00eda que no se marchit\u00f3 ni cuando me comunicaron su muerte y la que me une a los libros, que d\u00eda a d\u00eda sigue adquiriendo mayores dimensiones.<\/p>\n<p style=\"text-align: justify;\">Es cierto que, como en todas las amistades, tambi\u00e9n atravesaron tiempos dif\u00edciles que las hicieron m\u00e1s fuertes. Esas nuevas amistades me alejaron algo de la pandilla, aunque Lucia insist\u00eda en que no los abandonara, pero m\u00e1s de una vez tuve que enojarme con alguno de ellos, tantas como la llamaban \u00abla bruja\u00bb. Al final logr\u00e9 convencerlos de que no lo era y, hasta alguno vino conmigo a leer a su casa, pero nunca, a nadie m\u00e1s que a m\u00ed, le permiti\u00f3 sacar un libro de su casa.<\/p>\n<p style=\"text-align: justify;\">Con el tiempo me responsabiliz\u00f3 de que le recogiera el correo y le regara el huerto cuando ella estaba de viaje, muy a menudo. Cuando volv\u00eda nos ve\u00edamos varias veces por semana, cada vez que yo necesitaba un libro y aprovechaba para comentar el anterior con ella. Nunca me trat\u00f3 como a un ni\u00f1o, sab\u00eda dar importancia a mis opiniones.<\/p>\n<p style=\"text-align: justify;\">Siempre estar\u00e9 en deuda con ella porque me ayud\u00f3 a elegir la carrera que quer\u00eda estudiar, cuando yo a\u00fan no lo sab\u00eda. Y me anim\u00f3 a continuarla cada vez que el des\u00e1nimo se enredaba en mis proyectos.<\/p>\n<p style=\"text-align: justify;\">Cuando, terminados los estudios, me fui a trabajar a la capital, ocasionalmente volv\u00eda a Sevilla para ver a mi madre y a Luc\u00eda. Con el tiempo, cuando mi madre falt\u00f3, segu\u00ed volviendo, con la misma frecuencia, pero solo para ver a Luc\u00eda.<\/p>\n<p style=\"text-align: justify;\">\n<p style=\"text-align: justify;\">Ahora la muerte hab\u00eda vuelto a llevarme a casa de Luc\u00eda.<\/p>\n<p style=\"text-align: justify;\">A casa de quien me adentr\u00f3 en el m\u00e1s maravilloso de los mundos: el de la lectura; de quien me ayud\u00f3 a encaminar mi curiosidad, de quien me ense\u00f1\u00f3 que en este mundo hay maravillas que solo algunas miradas son capaces de captar y que, por tanto, debemos educar nuestra vista a percibir la esencia, no dejarla que se detenga en la superficie.<\/p>\n<p style=\"text-align: justify;\">Tengo llave de su casa, desde que andaba a mitad de carrera, para que la cuidara en sus ausencias. Pero hasta hoy, m\u00e1s de cuarenta a\u00f1os despu\u00e9s, no hab\u00eda recorrido completamente la casa, ni conocido sus tesoros.<\/p>\n<p style=\"text-align: justify;\">Una casa que la muerte de Luc\u00eda ha convertido en m\u00eda.<\/p>\n<p style=\"text-align: justify;\">Lucia no quiso abandonarme, la obligaron, junto a otras cuarenta y dos personas, cuando sal\u00edan de visitar un museo en un pa\u00eds africano. \u00abEse museo \u2014me hab\u00eda dicho muchas veces\u2014no quiero morirme sin visitarlo\u00bb. Y un coche bomba llevaba toda la vida esperando pacientemente a que mi hada madrina acabara de visitarlo para llev\u00e1rsela a un \u00faltimo viaje, del que no podr\u00e1 traer recuerdos, ni apuntes en alg\u00fan libro para que yo pueda leerlo junto al ventanal.<\/p>\n<p style=\"text-align: justify;\">Un mes despu\u00e9s de su muerte recib\u00ed una carta muy formal, en la que un estirado notario me ped\u00eda comparecer en su solemne y rancio despacho. All\u00ed supe que era el heredero universal de Luc\u00eda, por un testamento que hab\u00eda firmado all\u00e1 por cuando me entreg\u00f3 las llaves de su casa.<\/p>\n<p style=\"text-align: justify;\">Soy el due\u00f1o de la casa de la bruja; ahora soy el propietario de todos los tesoros que me deslumbraron, pero a pesar de todo ello me siento triste porque algo de la magia, del atractivo que, apenas hace unos meses, ten\u00edan esos objetos ha desaparecido. Sin Luc\u00eda, la melancol\u00eda parece haber anidado entre ellos, haberlos cubierto con un velo de nostalgia. Ellos, sin la bruja que los cuidaba, como yo, no son completamente felices.<\/p>\n<p>&nbsp;<\/p>\n<p style=\"text-align: center;\"><strong>FIN<\/strong><\/p>\n<p style=\"text-align: center;\">\n<p style=\"text-align: right;\"><strong>Alberto Gim\u00e9nez<\/strong><\/p>\n","protected":false},"excerpt":{"rendered":"<p>Cuatro horas despu\u00e9s, Luc\u00eda tuvo que arrancarme, literalmente, de una lectura que me ten\u00eda completamente embelesado. Era hora de comer,&hellip;<\/p>\n","protected":false},"author":3,"featured_media":23523,"comment_status":"open","ping_status":"open","sticky":false,"template":"","format":"standard","meta":{"om_disable_all_campaigns":false,"_mi_skip_tracking":false,"_monsterinsights_sitenote_active":false,"_monsterinsights_sitenote_note":"","_monsterinsights_sitenote_category":0,"footnotes":""},"categories":[21],"tags":[],"aioseo_notices":[],"_links":{"self":[{"href":"https:\/\/granadacostaglobal.es\/index.php?rest_route=\/wp\/v2\/posts\/32645"}],"collection":[{"href":"https:\/\/granadacostaglobal.es\/index.php?rest_route=\/wp\/v2\/posts"}],"about":[{"href":"https:\/\/granadacostaglobal.es\/index.php?rest_route=\/wp\/v2\/types\/post"}],"author":[{"embeddable":true,"href":"https:\/\/granadacostaglobal.es\/index.php?rest_route=\/wp\/v2\/users\/3"}],"replies":[{"embeddable":true,"href":"https:\/\/granadacostaglobal.es\/index.php?rest_route=%2Fwp%2Fv2%2Fcomments&post=32645"}],"version-history":[{"count":0,"href":"https:\/\/granadacostaglobal.es\/index.php?rest_route=\/wp\/v2\/posts\/32645\/revisions"}],"wp:featuredmedia":[{"embeddable":true,"href":"https:\/\/granadacostaglobal.es\/index.php?rest_route=\/"}],"wp:attachment":[{"href":"https:\/\/granadacostaglobal.es\/index.php?rest_route=%2Fwp%2Fv2%2Fmedia&parent=32645"}],"wp:term":[{"taxonomy":"category","embeddable":true,"href":"https:\/\/granadacostaglobal.es\/index.php?rest_route=%2Fwp%2Fv2%2Fcategories&post=32645"},{"taxonomy":"post_tag","embeddable":true,"href":"https:\/\/granadacostaglobal.es\/index.php?rest_route=%2Fwp%2Fv2%2Ftags&post=32645"}],"curies":[{"name":"wp","href":"https:\/\/api.w.org\/{rel}","templated":true}]}}