{"id":32568,"date":"2022-06-22T17:17:06","date_gmt":"2022-06-22T16:17:06","guid":{"rendered":"http:\/\/granadacostanacional.es\/?p=32568"},"modified":"2022-06-22T17:17:06","modified_gmt":"2022-06-22T16:17:06","slug":"solo-pueden-los-que-creen-que-pueden","status":"publish","type":"post","link":"https:\/\/granadacostaglobal.es\/?p=32568","title":{"rendered":"S\u00f3lo pueden los que creen que pueden"},"content":{"rendered":"<p class=\"Standard\" style=\"text-align: justify;\">Podr\u00edamos comenzar diciendo que s\u00ed es cuesti\u00f3n de principios, no es cuesti\u00f3n del azar lo que ha ocurrido en la convocatoria andaluza del 19 de junio de 2022. Ojal\u00e1 que la sensatez y la humildad sea una nueva forma de entender la pol\u00edtica y la vida, con honestidad y transparencia, es decir, que los esl\u00f3ganes no sean met\u00e1foras para la vida, sino que el lenguaje se asuma como algo que cuando se piensa, signifique c\u00f3mo se dice. Es el ant\u00eddoto ante la desafecci\u00f3n o mentiras de la pol\u00edtica. Pues es preocupante que los ciudadanos desconf\u00edan cada vez m\u00e1s de la clase pol\u00edtica, de ah\u00ed el bajo \u00edndice de participaci\u00f3n. Por ello, las democracias viven tiempos bastante agitados.\u00a0Algunos estudiosos hablan, incluso, de \u201ccrisis existencial de la\u00a0democracia\u201d, dada\u00a0su fragilidad si homogeniza una mayor\u00eda no compartida ni respetada, pero tambi\u00e9n su capacidad de\u00a0resistencia puede provocar el efecto contrario de ataraxia. As\u00ed se dificulta\u00a0el funcionamiento de la democracia porque hay poca participaci\u00f3n c\u00edvica. Esa desconfianza se traduce\u00a0en la extendida sensaci\u00f3n de falta de apoyo de la ciudadan\u00eda porque la mayor\u00eda absoluta de una baja participaci\u00f3n no deja lugar a una verdadera democracia, gobierne quien gobierne, arma de doble filo si corta de cualquier manera sin tener en cuenta que hay que gobernar por el bien general y para todos&#8230;priorizando la responsabilidad y sentido com\u00fan para el bienser del que hablar\u00eda don Emilio Lled\u00f3.<\/p>\n<p class=\"Standard\" style=\"text-align: justify;\">\n<p class=\"Standard\" style=\"text-align: justify;\">Por tanto, la nueva realidad de la mayor Comunidad Aut\u00f3noma gobernada por el partido popular (m\u00e1s del doble con una lectura de los porcentajes donde est\u00e1 claro que hay un trasvase de votos de los socialistas temerosos de que creciera y gobernara con Vox), viendo los precedentes que tambi\u00e9n han ocurrido en Galicia, Murcia, Madrid y Le\u00f3n respecto al Partido en extinci\u00f3n de Ciudadanos. Nos llevar\u00eda a la siguiente reflexi\u00f3n: \u00bfhabr\u00e1 una transformaci\u00f3n social, la derecha dominar\u00e1 como con un fin de ciclo y giro en una crisis que se ha superado en Andaluc\u00eda? Me da qu\u00e9 pensar eso no es nada f\u00e1cil pero tampoco imposible, todo depende de que esa alternativa no se convierta en soberbia y en cometer los mismos errores o hacer lo que han hecho otros, ya que as\u00ed no se consolidar\u00e1 el PP si no intenta arreglar y hacer las cosas mejor.<\/p>\n<p class=\"Standard\" style=\"text-align: justify;\">\n<p class=\"Standard\" style=\"text-align: justify;\">Entonces si se habr\u00e1 desmoronado el PSOE, y ser\u00e1 su verdadera crisis hasta que no se regenere. Por eso la debacle podr\u00eda amenazar y contagiar al gobierno estatal, como desgaste y cr\u00f3nica de una muerte anunciada. Quiero pensar que es y era necesario, y provechoso un cambio para los andaluces, pero despu\u00e9s vendr\u00e1n los ayuntamientos y su reacci\u00f3n, puedo afirmar sin temor a equivocarme, pues soy un analista que los idearios y la \u00e9tica deben cumplirse por encima de personalismos. No hay una izquierda alternativa est\u00e1 claro, pierden la mitad de sus actas, en cambio me da verg\u00fcenza que para mantenerse en el poder Almu\u00f1\u00e9car se apoye en las ant\u00edpodas y para eso no basta con gobernar a cualquier precio, hace falta una nueva y coherente forma de hacer pol\u00edtica, centrarse en los verdaderos principios\u2026 \u00bfEntonces c\u00f3mo se explica que gobierne el PP por Podemos e Izquierda Unida? Es algo vergonzoso despu\u00e9s de desentenderse o matarse en cualquier \u00e1mbito territorial. \u00bfO alg\u00fan d\u00eda pueden cambiar las cosas y no temerse tanto los extremos pues al final es casi lo mismo, una diversidad m\u00e1s c\u00ednica y contradictoria de todo lo que nos rodea en la Espa\u00f1a vertebrada o invertebrada?, juzguen ustedes\u2026<\/p>\n<p class=\"Standard\" style=\"text-align: justify;\">\n<p class=\"Standard\" style=\"text-align: right;\"><strong>Francisco Velasco Rey<\/strong><\/p>\n","protected":false},"excerpt":{"rendered":"<p>Podr\u00edamos comenzar diciendo que s\u00ed es cuesti\u00f3n de principios, no es cuesti\u00f3n del azar lo que ha ocurrido en la&hellip;<\/p>\n","protected":false},"author":3,"featured_media":0,"comment_status":"open","ping_status":"open","sticky":false,"template":"","format":"standard","meta":{"om_disable_all_campaigns":false,"_mi_skip_tracking":false,"_monsterinsights_sitenote_active":false,"_monsterinsights_sitenote_note":"","_monsterinsights_sitenote_category":0,"footnotes":""},"categories":[21],"tags":[],"aioseo_notices":[],"_links":{"self":[{"href":"https:\/\/granadacostaglobal.es\/index.php?rest_route=\/wp\/v2\/posts\/32568"}],"collection":[{"href":"https:\/\/granadacostaglobal.es\/index.php?rest_route=\/wp\/v2\/posts"}],"about":[{"href":"https:\/\/granadacostaglobal.es\/index.php?rest_route=\/wp\/v2\/types\/post"}],"author":[{"embeddable":true,"href":"https:\/\/granadacostaglobal.es\/index.php?rest_route=\/wp\/v2\/users\/3"}],"replies":[{"embeddable":true,"href":"https:\/\/granadacostaglobal.es\/index.php?rest_route=%2Fwp%2Fv2%2Fcomments&post=32568"}],"version-history":[{"count":0,"href":"https:\/\/granadacostaglobal.es\/index.php?rest_route=\/wp\/v2\/posts\/32568\/revisions"}],"wp:attachment":[{"href":"https:\/\/granadacostaglobal.es\/index.php?rest_route=%2Fwp%2Fv2%2Fmedia&parent=32568"}],"wp:term":[{"taxonomy":"category","embeddable":true,"href":"https:\/\/granadacostaglobal.es\/index.php?rest_route=%2Fwp%2Fv2%2Fcategories&post=32568"},{"taxonomy":"post_tag","embeddable":true,"href":"https:\/\/granadacostaglobal.es\/index.php?rest_route=%2Fwp%2Fv2%2Ftags&post=32568"}],"curies":[{"name":"wp","href":"https:\/\/api.w.org\/{rel}","templated":true}]}}