{"id":32563,"date":"2022-06-22T16:25:48","date_gmt":"2022-06-22T15:25:48","guid":{"rendered":"http:\/\/granadacostanacional.es\/?p=32563"},"modified":"2022-06-22T16:25:48","modified_gmt":"2022-06-22T15:25:48","slug":"rafael-nadal","status":"publish","type":"post","link":"https:\/\/granadacostaglobal.es\/?p=32563","title":{"rendered":"RAFAEL NADAL"},"content":{"rendered":"<p style=\"text-align: justify;\">Confieso hoy que nunca asist\u00ed ni vi por la televisi\u00f3n un partido de tenis en el que no estuviese Nadal. Su \u00faltima victoria fue Roland Garros, quiz\u00e1 no ten\u00eda la certeza de vencer, pero venci\u00f3 en Par\u00eds, con 36 a\u00f1os y despu\u00e9s de conquistar el t\u00edtulo n\u00famero catorce en el templo de la tierra batida y el veintid\u00f3s Grand Slam. Por todos es sabido que se trata de una persona con man\u00edas en la pista, sus tics y gestos son varios, entre ellos: la colocaci\u00f3n de la ropa interior, la camiseta, la raqueta bien colocada, el pelo tras las orejas, la nariz, etc., pero, mientras participaba en la final, observ\u00e9 algo muy curioso de lo que supongo que muchos ya os hab\u00edais percatado, alineaba sus botellas de agua al mil\u00edmetro, dedic\u00e1ndole el tiempo necesario para que quedaran perfectas. Es un fen\u00f3meno. Quiz\u00e1 haya sido duro contar sus sentimientos despu\u00e9s de tantos campeonatos ganados y tanta presi\u00f3n a la que se ha sometido estos \u00faltimos meses debido a su problema de salud, ya que no se lo esperaba. Nadal comenta que cada d\u00eda es duro para \u00e9l, a esto debemos a\u00f1adir que las \u00faltimas semanas fueron complicadas, ya que las lesiones sufridas le obligaron a bajar el ritmo y las victorias son muy importantes para mantener el ritmo.<\/p>\n<p style=\"text-align: justify;\">\n<p style=\"text-align: justify;\">\u00a0\u00a0\u00a0\u00a0\u00a0\u00a0\u00a0\u00a0\u00a0\u00a0\u00a0 Es un honor para los espa\u00f1oles tener a un jugador de este nivel. Es conocido en todo el mundo, todos los tenistas lo tienen como ejemplo. Se merece un reconocimiento por parte del Estado, incluso por el Rey. Un nuevo t\u00edtulo significa mucho, significa m\u00e1s energ\u00eda para seguir intent\u00e1ndolo. No sabemos qu\u00e9 puede pasar en el futuro. Sigue adelante, Nadal, pero primero cura tus pies para seguir luchando e intentar seguir ganando. En la rueda de prensa contest\u00f3 a preguntas delicadas sobre su estado de salud, pr\u00e1cticamente le ca\u00edan l\u00e1grimas de los ojos, pero aprovech\u00f3 la ocasi\u00f3n para desmentir los rumores que apuntaban a que el final de su carrera ser\u00eda este Roland Garros. Casper Ruud dio unas declaraciones en las que apuntaba \u201cHoy supe cu\u00e1l es la sensaci\u00f3n e jugar contra \u00e9l, perd\u00ed pero me siento feliz de perder con Nadal en la final, no fue nada f\u00e1cil pero no fui la primera v\u00edctima, hubo otras antes de m\u00ed. Es una verdadera inspiraci\u00f3n para m\u00ed y para muchos otros. Espero que contin\u00fae por alg\u00fan tiempo\u201d. Dijo el primer tenista de su pa\u00eds en jugar una final de Grand Slam, felicitando a Nadal por su victoria n\u00famero catorce y agradeciendo a su equipo y familia por darle la bienvenida en la Academia en Mallorca, donde entrena con su padre y entrenador, Christian Ruud.<\/p>\n<p style=\"text-align: justify;\">\u00a0\u00a0\u00a0\u00a0\u00a0\u00a0\u00a0\u00a0\u00a0\u00a0\u00a0<a href=\"http:\/\/granadacostanacional.es\/wp-content\/uploads\/2022\/06\/PHOTO-2022-06-06-17-17-54.jpg\"><img decoding=\"async\" loading=\"lazy\" class=\"aligncenter size-large wp-image-32564\" src=\"http:\/\/granadacostanacional.es\/wp-content\/uploads\/2022\/06\/PHOTO-2022-06-06-17-17-54-768x1024.jpg\" alt=\"PHOTO-2022-06-06-17-17-54\" width=\"768\" height=\"1024\" \/><\/a><\/p>\n<p style=\"text-align: justify;\">\u00a0\u00a0\u00a0\u00a0\u00a0\u00a0\u00a0\u00a0\u00a0\u00a0\u00a0 Mi Nadal, nunca veo un partido pero los de Nadal nunca me los pierdo. El trabajo duro y la entrega llev\u00f3 al tenista balear a convertirse en el mejor de toda la historia. Rafa Nadal mereci\u00f3 ser recibido por el Rey, y as\u00ed fue, por el honor que le ha dado al pa\u00eds, con todo el p\u00fablico que acoge, por tantas veces que se tira al suelo, por todos sus galardones, es un deportista espa\u00f1ol de oro. El tenista asegur\u00f3, tras el partido, que era el d\u00eda para darlo todo y no dejar nada atr\u00e1s. Como les digo, no soy persona de ver partidos en la televisi\u00f3n, pero el juego de Nadal es trascendental, no dejo un partido sin ver, adoro su profesionalidad, sus tics cuando va a empezar su juego. Como dijo, era el d\u00eda para sudar hasta la \u00faltima gota, el f\u00edsico aguant\u00f3 y le permiti\u00f3 luchar hasta el final.<\/p>\n<p style=\"text-align: justify;\">\n<p style=\"text-align: justify;\">\u00a0\u00a0\u00a0\u00a0\u00a0\u00a0\u00a0\u00a0\u00a0\u00a0\u00a0 Me pas\u00f3 algo curioso hace muchos a\u00f1os, unos 17, como saben, no soy espa\u00f1ola y no sab\u00eda de d\u00f3nde era exactamente Rafael Nadal. Est\u00e1bamos en Palma de Mallorca de viaje y dentro del recorrido que ten\u00edamos planeado estaba Manacor, llegamos a un lugar y mis compa\u00f1eros de viaje empezaron a decir que era el pa\u00eds de las almendras y, un poco m\u00e1s adelante, dijeron que era la tierra de Nadal. Mi marido y yo alucinamos porque somos seguidores de Nadal desde sus principios, poco antes de venir a vivir a espa\u00f1a. Mi marido es un loco del tenis, jug\u00f3 durante muchos a\u00f1os de su vida y era bastante bueno, no pudo continuar debido a que ya ten\u00eda familia e hijos que cuidar. Esperaba, con todo mi coraz\u00f3n, la victoria de mi tenista favorito, cuando vinimos a vivir a Espa\u00f1a vino a jugar a Terra M\u00edtica que queda cerca de nuestra ciudad.<\/p>\n<p style=\"text-align: justify;\"><a href=\"http:\/\/granadacostanacional.es\/wp-content\/uploads\/2022\/06\/PHOTO-2022-06-06-17-20-26-2.jpg\"><img decoding=\"async\" loading=\"lazy\" class=\"aligncenter size-large wp-image-32565\" src=\"http:\/\/granadacostanacional.es\/wp-content\/uploads\/2022\/06\/PHOTO-2022-06-06-17-20-26-2-1024x768.jpg\" alt=\"PHOTO-2022-06-06-17-20-26 2\" width=\"1024\" height=\"768\" \/><\/a><\/p>\n<p style=\"text-align: justify;\">\u00a0\u00a0\u00a0\u00a0\u00a0\u00a0\u00a0\u00a0\u00a0\u00a0\u00a0 Nadal suma en Par\u00eds su victoria trescientos en Grand Slam, tiene veinticinco victorias menos en los cuatro grandes que el serbio Novak Djokovic y est\u00e1 a sesenta y nueve del suizo Roger Federer, que lidera esa clasificaci\u00f3n, aunque ambos tienen un Grande Slam menos que el espa\u00f1ol. Es un gusto verlo jugar, grande, Nadal, como t\u00fa no hay igual. Eres un honor para el pa\u00eds, puedes estar sufriendo y con dolores, pero nada te para. Mientras suced\u00eda la final solo pod\u00eda pensar en que se la llevara \u00e9l. Era muy importante, adem\u00e1s, con quien la jugaba, ya que muchos de los actuales competidores, y cada d\u00eda m\u00e1s, son muy j\u00f3venes. Estoy segura de que si no hubiese tenido la lesi\u00f3n todos hubi\u00e9semos apostado por \u00e9l desde el principio. Tengo grabado en mi retina c\u00f3mo se tira al suelo cada vez que gana un partido.<\/p>\n<p style=\"text-align: justify;\">\n<p style=\"text-align: justify;\">\u00a0\u00a0\u00a0\u00a0\u00a0\u00a0\u00a0\u00a0\u00a0\u00a0\u00a0 A m\u00ed tambi\u00e9n me duele ver sufrir a Rada Nadal. En los \u00faltimos a\u00f1os, ser tenista en Espa\u00f1a se ha convertido en una profesi\u00f3n de riesgo. La figura de Rafa es tan grande que ha conseguido camuflar casi cualquier \u00e9xito que hayan conseguido otros compa\u00f1eros de profesi\u00f3n, a pesar de que ellos han sido, tambi\u00e9n, muy importantes. Pero, el tenista ha tenido la capacidad de permanecer delante del resto de una manera espectacular. Para muchas personas, Nadal, se ha convertido en el tenista m\u00e1s importante d ella historia. El tenista balear es uno de los jugadores m\u00e1s reconocidos en tierra batida, ya que tiene un asombroso talento para ello, pero tambi\u00e9n hemos visto c\u00f3mo, con mucho esfuerzo e innumerable talento, ha ido aprendiendo a defenderse, de manera excelente, en hierba. Esta caracter\u00edstica del tenista es, sin duda, la que m\u00e1s admiro, no para de internarlo hasta caer rendido. Es algo que me define a m\u00ed tambi\u00e9n, quiz\u00e1 por eso me resulte tan sorpr\u00e9ndete, yo s\u00e9 c\u00f3mo funciona mi cabeza en estas situaciones y no es f\u00e1cil de llevar a cabo. El d\u00eda en que Rafa deje de ir a competir a Par\u00eds, dejar\u00e9 de ver el tenis.<\/p>\n<p style=\"text-align: justify;\">\n<p style=\"text-align: justify;\">\u00a0\u00a0\u00a0\u00a0\u00a0\u00a0\u00a0\u00a0\u00a0\u00a0\u00a0 Durante los \u00faltimos a\u00f1os han surgido jugadores y jugadoras muy talentosos, cada vez son m\u00e1s j\u00f3venes, cada vez est\u00e1n m\u00e1s preparados. Los casos m\u00e1s destacables en Espa\u00f1a son los de Carlos Alcaraz y Paula Badosa. Tambi\u00e9n hemos visto grandes tenistas decir adi\u00f3s en este \u00faltimo Roland Garros como el muy querido Jo-Wilfried Tsonga que lo vimos muy emocionado segundos antes de su despedida, diciendo adi\u00f3s a su trayectoria tras dieciocho a\u00f1os en la \u00e9lite profesional. Alguien como Rafa pasa una vez cada cientos de a\u00f1os, tenemos que ser conscientes de lo afortunados que hemos sido de verle jugar, algunas figuras solo aparecen una vez en la historia, yo creo que es imposible que alguien repita lo que Nadal ha conseguido, pero ojal\u00e1 me equivoque, porque hemos visto esto en otros deportes.<\/p>\n<p style=\"text-align: justify;\">\n<p style=\"text-align: justify;\">\u00a0\u00a0\u00a0\u00a0\u00a0\u00a0\u00a0\u00a0\u00a0\u00a0\u00a0 Adem\u00e1s de las inevitables comparaciones, tambi\u00e9n vemos c\u00f3mo Nadal se ha convertido en una figura de inspiraci\u00f3n para los pr\u00f3ximos competidores. Ha supuesto tener siempre un foco constante de atenci\u00f3n en el tenis, muchos tenistas han aprovechado la figura de Rafa para recibir algo m\u00e1s de calor, ya que vemos mucha m\u00e1s gente involucrada, m\u00e1s aficionados y m\u00e1s prensa queriendo hacerse eco de las haza\u00f1as de los jugadores nacionales e internacionales. Todo esto es muy positivo para el deporte y, concretamente, para el tenis. La carrera de Nadal afronta su traum\u00e1tica recta final. Rafa Nadal es, para muchos, el mejor tenista espa\u00f1ol y uno de los deportistas m\u00e1s laureados de la historia. Es un ejemplo de competitividad, capacidad de sufrimiento y entrega en la pista. Adem\u00e1s, Rafa representa el juego limpio, la elegancia y el buen comportamiento tanto dentro como fuera del tenis; estas caracter\u00edsticas lo convierten en una figura admirada. Siempre lo vi junto a su t\u00edo, Nadal para m\u00ed es un diamante, todo lo que siempre quise ser, en todo lo que me quise convertir. \u00a1Viva Nadal!, aqu\u00ed no pasa como me ocurri\u00f3 a m\u00ed en el baile, hab\u00eda robos y amiguismos que hac\u00edan m\u00e1s complicadas las victorias. \u00a1Grande Rafael Nadal! Para m\u00ed siempre ser\u00e1s el mejor de la historia.<\/p>\n<p>\u00a0\u00a0<a href=\"http:\/\/granadacostanacional.es\/wp-content\/uploads\/2022\/06\/PHOTO-2022-06-06-17-20-26.jpg\"><img decoding=\"async\" loading=\"lazy\" class=\"aligncenter size-large wp-image-32566\" src=\"http:\/\/granadacostanacional.es\/wp-content\/uploads\/2022\/06\/PHOTO-2022-06-06-17-20-26-768x1024.jpg\" alt=\"PHOTO-2022-06-06-17-20-26\" width=\"768\" height=\"1024\" \/><\/a><\/p>\n<p>&nbsp;<\/p>\n<p style=\"text-align: center;\"><strong>NADAL<\/strong><\/p>\n<p style=\"text-align: center;\">\n<p style=\"text-align: center;\">Es una ceremonia y, como cualquier<\/p>\n<p style=\"text-align: center;\">\n<p style=\"text-align: center;\">\u00a0otro deporte, tiene reglas,\n<\/p>\n<p style=\"text-align: center;\">\u00a1pero t\u00fa eres el mejor!<\/p>\n<p style=\"text-align: center;\">\n<p style=\"text-align: center;\">Es como un juego de tenis musical,<\/p>\n<p style=\"text-align: center;\">\n<p style=\"text-align: center;\">donde mi boca atrapa la pelota,<\/p>\n<p style=\"text-align: center;\">\n<p style=\"text-align: center;\">Aqu\u00ed estoy, en mi altar para Nadal.<\/p>\n<p style=\"text-align: center;\">\n<p style=\"text-align: center;\">Elevada por tantos besos de alegr\u00eda,<\/p>\n<p style=\"text-align: center;\">\n<p style=\"text-align: center;\">qu\u00e9 manera de arroparse,<\/p>\n<p style=\"text-align: center;\">\n<p style=\"text-align: center;\">camiseta, raqueta y pelota.<\/p>\n<p style=\"text-align: center;\">\n<p style=\"text-align: center;\">Con dos buenas noches, naranjas,<\/p>\n<p style=\"text-align: center;\">\n<p style=\"text-align: center;\">verdes y blancos: TENIS.<\/p>\n<p style=\"text-align: center;\">\n<p style=\"text-align: center;\">Juego duro, como su ser,<\/p>\n<p style=\"text-align: center;\">\n<p style=\"text-align: center;\">y con esta imagen de tenis musical<\/p>\n<p style=\"text-align: center;\">\n<p style=\"text-align: center;\">\u00a0nos deja la cabeza\u00a0 dando vueltas.<\/p>\n<p style=\"text-align: center;\">\n<p style=\"text-align: center;\">Por otro lado, quien corre es Nadal<\/p>\n<p style=\"text-align: center;\">\n<p style=\"text-align: center;\">molest\u00f3 mucho a su amiga la pelota,<\/p>\n<p style=\"text-align: center;\">\n<p style=\"text-align: center;\">\u00a0\u00a1Tanto le dio con la raqueta!<\/p>\n<p style=\"text-align: center;\">\n<p style=\"text-align: center;\">Quitarse la vida antes que ella,<\/p>\n<p style=\"text-align: center;\">\n<p style=\"text-align: center;\">\u00a0captura con languidez y melancol\u00eda<\/p>\n<p style=\"text-align: center;\">\n<p style=\"text-align: center;\">Hasta no jugar otra vez,<\/p>\n<p style=\"text-align: center;\">\n<p style=\"text-align: center;\">el paso del tiempo con esta imagen<\/p>\n<p style=\"text-align: center;\">\n<p style=\"text-align: center;\">\u00a0memorable, su poema del 2 de junio:<\/p>\n<p style=\"text-align: center;\">\n<p style=\"text-align: center;\">que dios te de el futuro, nunca se pierde,<\/p>\n<p style=\"text-align: center;\">\n<p style=\"text-align: center;\">ayer tan sencilla e irrevocablemente<\/p>\n<p style=\"text-align: center;\">\n<p style=\"text-align: center;\">como una pelota de tenis en el ocaso.<\/p>\n<p style=\"text-align: center;\">\n<p style=\"text-align: center;\">De mi infancia, en la que jugu\u00e9<\/p>\n<p style=\"text-align: center;\">\n<p style=\"text-align: center;\">\u00a0mucho tenis con mis rimas.<\/p>\n<p style=\"text-align: center;\">\n<p style=\"text-align: center;\">\u00a0Recuerdo mi obsesi\u00f3n<\/p>\n<p style=\"text-align: center;\">\n<p style=\"text-align: center;\">\u00a0para seguir y seguir jugando.<\/p>\n<p style=\"text-align: center;\">\n<p style=\"text-align: center;\">Recorriendo tantos pa\u00edses<\/p>\n<p style=\"text-align: center;\">\n<p style=\"text-align: center;\">hasta ser un campe\u00f3n.<\/p>\n<p style=\"text-align: center;\">\n<p style=\"text-align: center;\">\u00a0 Incluso cuando el sol se pon\u00eda<\/p>\n<p style=\"text-align: center;\">\n<p style=\"text-align: center;\">\u00a0y la pelota se perd\u00eda<\/p>\n<p style=\"text-align: center;\">\n<p style=\"text-align: center;\">\u00a0en el crep\u00fasculo, hermosa imagen<\/p>\n<p style=\"text-align: center;\">\n<p style=\"text-align: center;\">\u00a0y desgarrador, muy al estilo del autor.<\/p>\n<p style=\"text-align: center;\">\n<p style=\"text-align: center;\">Es dif\u00edcil hacer buenos poemas de tenis,<\/p>\n<p style=\"text-align: center;\">\n<p style=\"text-align: center;\">\u00a0\u00a1buenos poemas de tenis!<\/p>\n<p style=\"text-align: center;\">\n<p style=\"text-align: center;\">Te escribo un poema para ti, Nadal,<\/p>\n<p style=\"text-align: center;\">\n<p style=\"text-align: center;\">\u00a0\u00a1eres muy po\u00e9tico!<\/p>\n<p style=\"text-align: center;\">\n<p style=\"text-align: center;\">El gran poeta experto en lunas,<\/p>\n<p style=\"text-align: center;\">\n<p style=\"text-align: center;\">Por la hierba del prado caminabas<\/p>\n<p style=\"text-align: center;\">\n<p style=\"text-align: center;\">y volaba tu brazo adolescente<\/p>\n<p style=\"text-align: center;\">\n<p style=\"text-align: center;\">y por la red de la raqueta alcanzada<\/p>\n<p style=\"text-align: center;\">\n<p style=\"text-align: center;\">se filtraba la luz del sol de poniente.<\/p>\n<p style=\"text-align: center;\">\n<p style=\"text-align: right;\"><strong>Francelina Robin<\/strong><\/p>\n","protected":false},"excerpt":{"rendered":"<p>Confieso hoy que nunca asist\u00ed ni vi por la televisi\u00f3n un partido de tenis en el que no estuviese Nadal.&hellip;<\/p>\n","protected":false},"author":3,"featured_media":19434,"comment_status":"open","ping_status":"open","sticky":false,"template":"","format":"standard","meta":{"om_disable_all_campaigns":false,"_mi_skip_tracking":false,"_monsterinsights_sitenote_active":false,"_monsterinsights_sitenote_note":"","_monsterinsights_sitenote_category":0,"footnotes":""},"categories":[21],"tags":[],"aioseo_notices":[],"_links":{"self":[{"href":"https:\/\/granadacostaglobal.es\/index.php?rest_route=\/wp\/v2\/posts\/32563"}],"collection":[{"href":"https:\/\/granadacostaglobal.es\/index.php?rest_route=\/wp\/v2\/posts"}],"about":[{"href":"https:\/\/granadacostaglobal.es\/index.php?rest_route=\/wp\/v2\/types\/post"}],"author":[{"embeddable":true,"href":"https:\/\/granadacostaglobal.es\/index.php?rest_route=\/wp\/v2\/users\/3"}],"replies":[{"embeddable":true,"href":"https:\/\/granadacostaglobal.es\/index.php?rest_route=%2Fwp%2Fv2%2Fcomments&post=32563"}],"version-history":[{"count":0,"href":"https:\/\/granadacostaglobal.es\/index.php?rest_route=\/wp\/v2\/posts\/32563\/revisions"}],"wp:featuredmedia":[{"embeddable":true,"href":"https:\/\/granadacostaglobal.es\/index.php?rest_route=\/"}],"wp:attachment":[{"href":"https:\/\/granadacostaglobal.es\/index.php?rest_route=%2Fwp%2Fv2%2Fmedia&parent=32563"}],"wp:term":[{"taxonomy":"category","embeddable":true,"href":"https:\/\/granadacostaglobal.es\/index.php?rest_route=%2Fwp%2Fv2%2Fcategories&post=32563"},{"taxonomy":"post_tag","embeddable":true,"href":"https:\/\/granadacostaglobal.es\/index.php?rest_route=%2Fwp%2Fv2%2Ftags&post=32563"}],"curies":[{"name":"wp","href":"https:\/\/api.w.org\/{rel}","templated":true}]}}