{"id":32531,"date":"2022-06-21T08:18:57","date_gmt":"2022-06-21T07:18:57","guid":{"rendered":"http:\/\/granadacostanacional.es\/?p=32531"},"modified":"2022-06-21T08:18:57","modified_gmt":"2022-06-21T07:18:57","slug":"polarizar-la-realidad","status":"publish","type":"post","link":"https:\/\/granadacostaglobal.es\/?p=32531","title":{"rendered":"Polarizar la realidad"},"content":{"rendered":"<p style=\"text-align: justify;\">\u00bfQu\u00e9 dir\u00edas si te dijera que toda la realidad que vemos est\u00e1 creada por nuestra conciencia? Seg\u00fan la f\u00edsica, toda la materia que observamos, como una mesa o una silla, son solo campos cu\u00e1nticos de espacios vac\u00edos y energ\u00eda que han colapsado al ser observados. Las estructuras que parecen tan ordenadas en realidad son tan solo un orden dentro de nuestra mente.<\/p>\n<p style=\"text-align: justify;\">La ciencia confirma hechos extra\u00f1os de nuestra realidad en experimentos como el de la doble rendija por Thomas Young en 1801 o el de Max Planck, de 1900 y 1924 con sus leyes cu\u00e1nticas, Heisenberg en 1927 que habl\u00f3 de su principio de indeterminaci\u00f3n y los experimentos de la f\u00edsica cu\u00e1ntica de Alexandro Federici, de la Universidad Brit\u00e1nica, donde se dieron cuenta que, con varios observadores sobre un par de fotones entrelazados, los resultados eran diferentes en cada uno, incluso al compartirlos entre ellos. Todos estos experimentos mostraron que hasta que no se mide una part\u00edcula est\u00e1 en ambos estados y s\u00f3lo es cuando se mide que colapsa en uno solo y que cada observador tiene mediciones distintas. Por lo tanto, los hechos objetivos no existen, s\u00f3lo hay hechos subjetivos, y la realidad depende de c\u00f3mo se interpreta.<\/p>\n<p style=\"text-align: justify;\">La ciencia tambi\u00e9n ha descubierto que nuestra visi\u00f3n del mundo es limitada, solo percibimos el 5% del mundo real. Existen matices, formas, dimensiones y sonidos que no percibimos. Por ejemplo, nuestro ojo humano solo puede captar una peque\u00f1a parte del espectro electromagn\u00e9tico lo que llamamos luz visible, la mayor\u00eda de la luz del universo no podemos verla, si tuvi\u00e9semos una visi\u00f3n para ver todo el espectro solo ver\u00edamos luz blanca por todas partes, nosotros mismos emitimos una luz infrarroja que no pueden ver nuestros ojos. No ver\u00edamos las estructuras opacas, solo campos de energ\u00eda. Con el o\u00eddo pasa lo mismo si oy\u00e9semos todas las longitudes de onda, vivir\u00edamos en un inmenso caos y en cuanto al tiempo, no es lineal solo es un constructo de nuestra mente para poder ordenar los eventos, de lo contrario ver\u00edamos todos los eventos en el mismo momento, en cuanto a nuestra capacidad espacial nuestra mente solo percibe y comprende tres dimensiones, cuando en realidad existen muchas m\u00e1s, de modo que nuestra mente ha sido limitada para poder vivir una vida org\u00e1nica, escogiendo la informaci\u00f3n del universo de manera selectiva y fraccionada, filtrando solo lo que necesitamos para sobrevivir. Nuestra mente simula una realidad. Pero adem\u00e1s la realidad de cada uno puede ser diferente. Por ejemplo, los colores que nuestro ojo percibe dependen de ciertos receptores que no son id\u00e9nticos para todas las personas, y despu\u00e9s el cerebro, que tampoco es id\u00e9ntico, lo interpreta. De modo que, aunque muy parecido quiz\u00e1s tu veas un color algo distinto a como yo lo veo.<\/p>\n<p style=\"text-align: justify;\"><a href=\"http:\/\/granadacostanacional.es\/wp-content\/uploads\/2022\/06\/pexels-oussama-zidane-10808788-web.jpg\"><img decoding=\"async\" loading=\"lazy\" class=\"aligncenter size-large wp-image-32532\" src=\"http:\/\/granadacostanacional.es\/wp-content\/uploads\/2022\/06\/pexels-oussama-zidane-10808788-web-539x1024.jpg\" alt=\"pexels-oussama-zidane-10808788 web\" width=\"539\" height=\"1024\" \/><\/a><\/p>\n<p style=\"text-align: justify;\">Entonces \u00bfporque parece que tengamos la sensaci\u00f3n de que todos vemos lo mismo? Sencillamente nuestras mentes desarrolladas de manera similar dentro de nuestra especie se ponen de acuerdo al menos en los par\u00e1metros de la vida cotidiana y sobre todo para nuestra supervivencia. De hecho, los animales viven realidades diferentes a nosotros como especie, ven, oyen y perciben el mundo de manera diferente a nosotros. Sin embargo, dentro de nuestra especie ese acuerdo desarrollado por la evoluci\u00f3n, no impide del todo que podamos interpretar esa realidad de forma diferente. Para algunos lo que es blanco puede ser gris para otros. No hay duda de que hay algo abstracto en como nuestra mente interpreta la informaci\u00f3n. No podemos evitarlo, cada observador experimenta y ve las cosas diferentes. El mundo que conocemos es solo una interpretaci\u00f3n filtrada a trav\u00e9s de nuestros deseos, nuestros m\u00e1s profundos miedos, pasiones y creencias.<\/p>\n<p style=\"text-align: justify;\">Pero este no trata de ser un art\u00edculo de ciencia, solo son datos que pueden llevarnos a deducciones pr\u00e1cticas para nuestra vida. Todo esto me hace pensar que, puesto que nuestra mente crea una realidad que puede ser diferente en ciertas sutilezas a la de otra persona, y puesto que somos seres psicol\u00f3gicos. \u00bfC\u00f3mo afecta a nuestra interpretaci\u00f3n del mundo las emociones, cuando sufrimos de ansiedad, miedos, ira o tristeza? Est\u00e1 claro que esto influye de manera que distorsionamos m\u00e1s a\u00fan si cabe la realidad. En Psicolog\u00eda una de estas distorsiones es conocida como Polarizar.<\/p>\n<p style=\"text-align: justify;\">Como su nombre indica es la tendencia a irse a los polos, a los extremos, \u00f3sea algo es negro o blanco, todo o nada, lleno o vac\u00edo, bueno o malo, discriminando cualquier matiz entre un extremo u otro. Esto es lo que suele suceder en una de las situaciones m\u00e1s conocidas en las relaciones humanas, cuando tratamos de juzgar a alguien. Esta tendencia puede convertirnos en radicales y creernos en posesi\u00f3n de la verdad absoluta.<\/p>\n<p style=\"text-align: justify;\">Cuando era peque\u00f1o me contaron una historia, que seguramente muchos de los lectores conocer\u00e1n o quiz\u00e1s la hayan o\u00eddo contada de diferentes maneras, pero la esencia es la misma. La historia de Juan lo ilustra muy bien. Este hombre viajaba con sus hijos y un burro, por el empedrado camino que los llevaba al pueblo para hacer algunas compras. Juan deja que sus hijos viajen sobre el animal. Por el camino se encontr\u00f3 a un labriego que les dio el alto.<\/p>\n<p style=\"text-align: justify;\">\u2013Jovencitos, \u00bfno os da verg\u00fcenza que sois j\u00f3venes y fuertes dejar que vuestro Padre vaya andando?<\/p>\n<p style=\"text-align: justify;\">\u2013Tiene raz\u00f3n \u2013dijo Juan\u2013 bajaros del burro que me subir\u00e9 yo.<\/p>\n<p style=\"text-align: justify;\">Contin\u00faan con su camino y un poco m\u00e1s adelante una se\u00f1ora que seguro ten\u00eda hijos tambi\u00e9n, le dio el alto.<\/p>\n<p style=\"text-align: justify;\">\u2013Juan, \u00bfno te da verg\u00fcenza ir subido al burro y tus ni\u00f1os ir andando por estos malos caminos? No tienes ninguna consideraci\u00f3n.<\/p>\n<p style=\"text-align: justify;\">\u2013Tiene raz\u00f3n \u2013dijo Juan\u2013 sub\u00edos al burro conmigo que cabemos todos.<\/p>\n<p style=\"text-align: justify;\">Prosiguieron su camino y cuando estaban cerca del pueblo un ganadero que llevaba muchos a\u00f1os cuidando de animales, le dio el alto.<\/p>\n<p style=\"text-align: justify;\">\u2013Juan, no os da verg\u00fcenza, no os da ni un poco de l\u00e1stima el pobre animal. Los tres subidos tan panchos y el pobre animalito va asfixiado.<\/p>\n<p style=\"text-align: justify;\">\u2013Tiene raz\u00f3n \u2013dijo Juan\u2013 vamos a bajarnos e iremos andando.<\/p>\n<p style=\"text-align: justify;\">Cuando estaban entrando al pueblo un comerciante se les acerc\u00f3 y le dijo:<\/p>\n<p style=\"text-align: justify;\">\u2013Que poca cabeza, ir andando y el burro tan fresco.<\/p>\n<p style=\"text-align: justify;\">Creo que sobra explicar cu\u00e1l ser\u00eda la moraleja.<\/p>\n<p style=\"text-align: justify;\">Cada uno ten\u00eda una visi\u00f3n de la realidad diferente a los dem\u00e1s y aunque pudiera desprenderse de la historia que, hagamos lo que hagamos nunca vamos a poder contentar a todo el mundo, a m\u00ed me gustar\u00eda resaltar el otro lado. \u00bfPodr\u00edamos ser nosotros alguno de los que en el camino dieron su opini\u00f3n sesgada y polarizada? Para saberlo deber\u00edamos preguntarnos: \u00bfMe cuesta ver que la realidad no es absoluta, sino que todo tiene gradaciones, matices y valores intermedios? Pensar en esto nos puede ayudar a ver si a veces somos demasiado radicales al juzgar a otros y si es as\u00ed puede ayudarnos a conseguir que nuestra mente sea m\u00e1s flexible, con m\u00e1s capacidad para entender el mundo y una visi\u00f3n m\u00e1s amplia de este. Si somos honestos, la realidad del mundo ser\u00eda diferente si no la polariz\u00e1semos, las guerras no ser\u00edan posibles, y las discrepancias religiosas quedar\u00edan a un lado.<\/p>\n<p style=\"text-align: justify;\">\n<p style=\"text-align: right;\"><strong>Manuel Salcedo G\u00e1lvez<\/strong><\/p>\n","protected":false},"excerpt":{"rendered":"<p>\u00bfQu\u00e9 dir\u00edas si te dijera que toda la realidad que vemos est\u00e1 creada por nuestra conciencia? Seg\u00fan la f\u00edsica, toda&hellip;<\/p>\n","protected":false},"author":3,"featured_media":16911,"comment_status":"open","ping_status":"open","sticky":false,"template":"","format":"standard","meta":{"om_disable_all_campaigns":false,"_mi_skip_tracking":false,"_monsterinsights_sitenote_active":false,"_monsterinsights_sitenote_note":"","_monsterinsights_sitenote_category":0,"footnotes":""},"categories":[21],"tags":[],"aioseo_notices":[],"_links":{"self":[{"href":"https:\/\/granadacostaglobal.es\/index.php?rest_route=\/wp\/v2\/posts\/32531"}],"collection":[{"href":"https:\/\/granadacostaglobal.es\/index.php?rest_route=\/wp\/v2\/posts"}],"about":[{"href":"https:\/\/granadacostaglobal.es\/index.php?rest_route=\/wp\/v2\/types\/post"}],"author":[{"embeddable":true,"href":"https:\/\/granadacostaglobal.es\/index.php?rest_route=\/wp\/v2\/users\/3"}],"replies":[{"embeddable":true,"href":"https:\/\/granadacostaglobal.es\/index.php?rest_route=%2Fwp%2Fv2%2Fcomments&post=32531"}],"version-history":[{"count":0,"href":"https:\/\/granadacostaglobal.es\/index.php?rest_route=\/wp\/v2\/posts\/32531\/revisions"}],"wp:featuredmedia":[{"embeddable":true,"href":"https:\/\/granadacostaglobal.es\/index.php?rest_route=\/"}],"wp:attachment":[{"href":"https:\/\/granadacostaglobal.es\/index.php?rest_route=%2Fwp%2Fv2%2Fmedia&parent=32531"}],"wp:term":[{"taxonomy":"category","embeddable":true,"href":"https:\/\/granadacostaglobal.es\/index.php?rest_route=%2Fwp%2Fv2%2Fcategories&post=32531"},{"taxonomy":"post_tag","embeddable":true,"href":"https:\/\/granadacostaglobal.es\/index.php?rest_route=%2Fwp%2Fv2%2Ftags&post=32531"}],"curies":[{"name":"wp","href":"https:\/\/api.w.org\/{rel}","templated":true}]}}