{"id":32506,"date":"2022-06-18T10:51:02","date_gmt":"2022-06-18T09:51:02","guid":{"rendered":"http:\/\/granadacostanacional.es\/?p=32506"},"modified":"2022-06-18T10:51:02","modified_gmt":"2022-06-18T09:51:02","slug":"presentacion-del-libro-de-antonio-medina-rincon-de-mi-nostalgia","status":"publish","type":"post","link":"https:\/\/granadacostaglobal.es\/?p=32506","title":{"rendered":"PRESENTACI\u00d3N DEL LIBRO DE ANTONIO MEDINA, RINC\u00d3N DE MI NOSTALGIA"},"content":{"rendered":"<p style=\"text-align: justify;\"><strong>El 17 de junio de 2022 en la Sala de Conferencias de la Casa de la Cultura de Almu\u00f1\u00e9car, tuvo lugar la presentaci\u00f3n del libro de Antonio Medina, Rinc\u00f3n de mi Nostalgia.<\/strong><\/p>\n<p style=\"text-align: justify;\">Los encargados de hacer de esta presentaci\u00f3n una gran fiesta de la cultura y que la gente pudiese pasar un rato agradable y sentirnos m\u00e1s cerca del autor, fueron Manoly Rodr\u00edguez, presentadora y prologuista de este libro, Mario Gonz\u00e1lez, cantautor, la coordinaci\u00f3n de la presentaci\u00f3n del acto corri\u00f3 a cargo del profesor de literatura, Silvio Rivas y por supuesto el propio autor, Antonio Medina.<\/p>\n<p style=\"text-align: justify;\"><a href=\"http:\/\/granadacostanacional.es\/wp-content\/uploads\/2022\/06\/IMG_0885.jpg\"><img decoding=\"async\" loading=\"lazy\" class=\"aligncenter size-large wp-image-32508\" src=\"http:\/\/granadacostanacional.es\/wp-content\/uploads\/2022\/06\/IMG_0885-1024x682.jpg\" alt=\"IMG_0885\" width=\"1024\" height=\"682\" \/><\/a><\/p>\n<p style=\"text-align: center;\"><strong>Mesa de presentaci\u00f3n con Silvio Rivas, Antonio Medina y Manoly Rodr\u00edguez<\/strong><\/p>\n<p><a href=\"http:\/\/granadacostanacional.es\/wp-content\/uploads\/2022\/06\/IMG_0881.jpg\"><img decoding=\"async\" loading=\"lazy\" class=\"aligncenter size-large wp-image-32509\" src=\"http:\/\/granadacostanacional.es\/wp-content\/uploads\/2022\/06\/IMG_0881-682x1024.jpg\" alt=\"IMG_0881\" width=\"682\" height=\"1024\" \/><\/a><\/p>\n<p style=\"text-align: center;\"><strong>El cantautor Mario Gonz\u00e1lez<\/strong><\/p>\n<p style=\"text-align: justify;\"><strong>Silvio Rivas<\/strong> destac\u00f3 de Antonio que es almu\u00f1equero, que tan solo con diecisiete a\u00f1os comenz\u00f3 sus viajes por diferentes pa\u00edses, que se asent\u00f3 en Mallorca durante 30 a\u00f1os, independientemente de los a\u00f1os que residi\u00f3 en Londres y otras ciudades de Espa\u00f1a, Europa y Sudam\u00e9rica. Estableci\u00e9ndose a los 64 a\u00f1os de nuevo en su tierra natal, donde es miembro de la Asociaci\u00f3n Arte-Sur de Almu\u00f1\u00e9car y del proyecto Global de Cultura Granada Costa. Entre sus hobbies favoritos, practic\u00f3 el boxeo, las artes marciales y \u00faltimamente, est\u00e1 inmerso en la poes\u00eda, la literatura, cante l\u00edrico, cultivando tanto la pintura, como las letras de sus versos para ponerles m\u00fasica. Ha publicado en bastantes Antolog\u00edas, revistas literarias y escribe habitualmente en el peri\u00f3dico Granada Costa, donde en varias ocasiones ha obtenido distinciones culturales por sus aportaciones literarias. Tiene una gran cantidad de obra in\u00e9dita pendiente por publicar y de los libros publicados destacamos <em>Rosas Marinas<\/em>, publicado conjuntamente con Manoli Rodr\u00edguez, <em>Grito del Silencio<\/em> en el a\u00f1o 2018, <em>Desnudando el alma<\/em> en 2019, <em>Versos de un Bohemio<\/em> en 2020,<em> Navegando en un mar de olas<\/em> en 2020, <em>Rinc\u00f3n de mi nostalgia<\/em> en 2021, <em>El resplandor y la niebla<\/em> en 2022. Y en proceso de publicaci\u00f3n se encuentra <em>El hombre y su Conciencia<\/em>.<\/p>\n<p><a href=\"http:\/\/granadacostanacional.es\/wp-content\/uploads\/2022\/06\/IMG_0878.jpg\"><img decoding=\"async\" loading=\"lazy\" class=\"aligncenter size-large wp-image-32510\" src=\"http:\/\/granadacostanacional.es\/wp-content\/uploads\/2022\/06\/IMG_0878-682x1024.jpg\" alt=\"IMG_0878\" width=\"682\" height=\"1024\" \/><\/a><\/p>\n<p style=\"text-align: center;\"><strong>Silvio Rivas y el pintor Paco Ariza minutos antes de la presentaci\u00f3n<\/strong><\/p>\n<p style=\"text-align: justify;\">Dec\u00eda Silvio, que, de todos estos valores, que son muy importantes, se quedaba con uno, la formalidad y el valor humano de Antonio Medina. Y continu\u00f3 con lo siguiente:<\/p>\n<p style=\"text-align: justify;\"><em>Habitualmente un escritor se plantea varias cuestiones sobre los objetivos a alcanzar con la publicaci\u00f3n de sus creaciones literarias po\u00e9ticas, narrativas, dram\u00e1ticas o ensay\u00edsticas. Se interroga a s\u00ed mismo: \u00bfpor qu\u00e9 escribo?, o \u00bfpara qui\u00e9n escribo?, o \u00bfsobre qu\u00e9 asuntos escribo? En fin, temas important\u00edsimos que llevan al literato a comportamientos diferentes, a tomar compromisos distintos frente al trabajo creativo, ya sean estil\u00edsticos, ideol\u00f3gicos, \u00e9ticos, morales, religiosos, etc.\u00a0\u00a0\u00a0\u00a0\u00a0\u00a0\u00a0\u00a0\u00a0\u00a0\u00a0\u00a0\u00a0\u00a0\u00a0\u00a0\u00a0\u00a0\u00a0\u00a0\u00a0\u00a0\u00a0\u00a0\u00a0\u00a0\u00a0\u00a0\u00a0\u00a0\u00a0\u00a0\u00a0\u00a0\u00a0\u00a0\u00a0\u00a0\u00a0\u00a0\u00a0\u00a0\u00a0\u00a0\u00a0\u00a0\u00a0\u00a0\u00a0\u00a0\u00a0\u00a0\u00a0\u00a0\u00a0\u00a0\u00a0\u00a0\u00a0\u00a0\u00a0\u00a0\u00a0\u00a0\u00a0\u00a0\u00a0\u00a0\u00a0\u00a0\u00a0\u00a0\u00a0\u00a0\u00a0\u00a0\u00a0\u00a0\u00a0\u00a0\u00a0\u00a0\u00a0\u00a0\u00a0\u00a0\u00a0\u00a0\u00a0\u00a0\u00a0\u00a0\u00a0\u00a0\u00a0\u00a0\u00a0\u00a0\u00a0 <\/em><\/p>\n<p style=\"text-align: justify;\"><em>Ante estas alternativas, el autor responder\u00e1, generalmente, de acuerdo a su formaci\u00f3n cultural, sensibilidad, compromiso social o art\u00edstico y quiz\u00e1 hasta determinado por su entorno social, hist\u00f3rico y geogr\u00e1fico. Dif\u00edcilmente podr\u00e1 evadirse de su propia personalidad, pues sus historias ser\u00e1n el producto de lo que \u00e9l es, emerger\u00e1n a pesar de s\u00ed mismo, muchas veces a\u00fan sin propon\u00e9rselo.\u00a0\u00a0\u00a0\u00a0\u00a0\u00a0\u00a0\u00a0\u00a0\u00a0\u00a0\u00a0\u00a0\u00a0\u00a0\u00a0\u00a0\u00a0\u00a0\u00a0\u00a0\u00a0\u00a0\u00a0\u00a0\u00a0\u00a0\u00a0\u00a0\u00a0\u00a0\u00a0\u00a0\u00a0\u00a0\u00a0\u00a0\u00a0\u00a0\u00a0\u00a0\u00a0\u00a0\u00a0\u00a0\u00a0\u00a0\u00a0\u00a0\u00a0\u00a0\u00a0\u00a0\u00a0\u00a0\u00a0\u00a0\u00a0\u00a0\u00a0\u00a0\u00a0\u00a0\u00a0\u00a0\u00a0\u00a0\u00a0\u00a0\u00a0\u00a0\u00a0\u00a0\u00a0\u00a0\u00a0\u00a0\u00a0\u00a0\u00a0\u00a0\u00a0\u00a0\u00a0\u00a0\u00a0\u00a0\u00a0\u00a0\u00a0 <\/em><\/p>\n<p style=\"text-align: justify;\"><em>En el caso de nuestro poeta Antonio Medina Olivares, el destino de sus libros es claro: el gran p\u00fablico, sobre todo los sectores m\u00e1s vulnerables, porque demuestra en cada p\u00e1gina su hondo compromiso social, con un lenguaje llano, con mensajes directos al coraz\u00f3n de la emotividad. Su canto es contra las injusticias, el maltrato, el desamor, la delincuencia, la soberbia, los abusos de poder, los d\u00e9spotas, los malos amigos. <\/em><\/p>\n<p style=\"text-align: justify;\"><em>Todo esto es lo que encontraremos en este <strong>Rinc\u00f3n de mi nostalgia.<\/strong> <\/em><\/p>\n<p style=\"text-align: justify;\"><em>Los invito a disfrutarlo porque vale la pena, no os dejar\u00e1 indiferentes.<\/em><\/p>\n<p style=\"text-align: justify;\">\n<p style=\"text-align: justify;\">Silvio hizo una menci\u00f3n especial para <strong>Jos\u00e9 Segura<\/strong> como Presidente del Proyecto Global de Cultura Granada Costa y la editorial perteneciente a este Proyecto, en el cual tant\u00edsimos autores tienen al oportunidad de poder publicar sus libros, art\u00edculos y poes\u00edas. Alab\u00f3 la labor de la segunda pir\u00e1mide cultural que se celebrar\u00e1 en abril de 2023 en los 27 pueblos correspondientes a la comarca del Valle del Almanzora. Por supuesto, mencion\u00f3 la gran cantidad de cert\u00e1menes literarias que publica el Proyecto todos los a\u00f1os para que sus asociados participen.<\/p>\n<p style=\"text-align: justify;\">De <strong>Manoly Rodr\u00edguez<\/strong>, presentadora del libro rincones de mi nostalgia, dijo que naci\u00f3 en una familia humilde de Almu\u00f1\u00e9car, pero con unas dotes de sensibilidad art\u00edstica como pocas han conseguido, tiene un temperamento y un duende para la interpretaci\u00f3n de car\u00e1cter intuitivo que brilla con luz propia. Consigui\u00f3 sus estudios en Secundaria en las IES \u201cAntigua Sexy\u201d, ha presentado multitud de eventos po\u00e9ticos, destacando los Poemas de la Luna, de la Asociaci\u00f3n ARTEX, que durante los meses de verano se realizan en el Pe\u00f1\u00f3n del Santo de Almu\u00f1\u00e9car. Ha acompa\u00f1ado y recitado junto con Francisco Velasco en las presentaciones de sus poemarios. Ha publicado sus poemas en el libro <em>Rosas Marinas<\/em>, compartido con Antonio Medina Olivares. Est\u00e1 inmersa en la publicaci\u00f3n en solitario de su segundo poemario. Particip\u00f3 en varias Antolog\u00edas del grupo po\u00e9tico Mar de Luna, de la Asociaci\u00f3n Generaci\u00f3n 2020.<\/p>\n<p style=\"text-align: justify;\">Silvio present\u00f3 al cantautor Mario Gonz\u00e1lez, del que destac\u00f3 bastantes valores en el mundo de la m\u00fasica y este intervino en varias ocasiones, una de ellas recitando un poema dedicado a Lorca, del autor Antonio Medina.<\/p>\n<p style=\"text-align: justify;\"><a href=\"http:\/\/granadacostanacional.es\/wp-content\/uploads\/2022\/06\/IMG_0896.jpg\"><img decoding=\"async\" loading=\"lazy\" class=\"aligncenter size-large wp-image-32511\" src=\"http:\/\/granadacostanacional.es\/wp-content\/uploads\/2022\/06\/IMG_0896-1024x682.jpg\" alt=\"IMG_0896\" width=\"1024\" height=\"682\" \/><\/a><\/p>\n<p style=\"text-align: center;\"><strong>Antonio Medina y Manoly Rodr\u00edguez recitando a d\u00fao<\/strong><\/p>\n<p>Manoly Rodr\u00edguez destac\u00f3 lo siguiente de su gran amigo Antonio Rodr\u00edguez:<\/p>\n<p style=\"text-align: justify;\"><em>\u201c\u00bfCu\u00e1ndo el hombre aprender\u00e1 a vivir consigo mismo?\u201d<\/em><\/p>\n<p style=\"text-align: justify;\"><em>Esta es una de las tantas preguntas que Antonio Medina Olivares se hace continuamente, desnudando su alma, tratando de inspirar con su poes\u00eda estos sentimientos puros, estas dudas existenciales, pretendiendo hacernos reflexionar y enamorarnos con cada verso. Estos poemas dejan a flor de piel el pensamiento del autor, para situarnos en cada lugar o distraernos en el tiempo, buscando un <strong>tesoro divino<\/strong>, dando <strong>alas al pensamiento<\/strong> y sanando <strong>heridas<\/strong> con el <strong>canto de las aves<\/strong>, con el tacto del <strong>mar y la tierra<\/strong>, que a trav\u00e9s de sus <strong>recuerdos<\/strong> y escribe para la <strong>vida<\/strong>.<\/em><\/p>\n<p style=\"text-align: justify;\"><em>\u00a0Nuestro poeta no demuestra grandes pretensiones de grandeza, s\u00f3lo sentimientos nobles y ganas de luchar por sus creencias mediante la poes\u00eda. <\/em><\/p>\n<p style=\"text-align: justify;\"><em>Leer este <strong>Rinc\u00f3n de mi nostalgia<\/strong> es sumergirse en el alma de Antonio Medina, es conocer su lucha por llegar a los corazones de los amantes de la l\u00edrica, tocar los corazones de aquellos que est\u00e9n abiertos a conocer una nueva forma de aprender a amar. Antonio no se imagina en un mundo vac\u00edo y solitario, sin \u00e1rboles y sin sombras; no se imagina en un mundo oscuro donde s\u00f3lo predomine el silencio, la desolaci\u00f3n, lo material; por eso grita con su poes\u00eda, por eso ama con sus versos, por eso se entrega abierto y desnudo a sus nostalgias. <\/em><\/p>\n<p style=\"text-align: justify;\"><em>Personalmente este poemario me parece repleto de sentimientos, de valores universales para la vida, de experiencias y cosmovisiones de un mundo solidario y justo, con el que he disfrutado mucho leyendo sus poes\u00edas y me ha dejado una sensaci\u00f3n y necesidad de m\u00e1s creaciones de Antonio Medina Olivares.<\/em><\/p>\n<p style=\"text-align: justify;\">Entre los poemas que ley\u00f3 destacamos el que dedic\u00f3 a su madre:<\/p>\n<p style=\"text-align: center;\"><strong>AMOR A MI MADRE<\/strong><\/p>\n<p style=\"text-align: center;\">\n<p style=\"text-align: center;\">Qu\u00e9 bello, madre, es el mundo,<\/p>\n<p style=\"text-align: center;\">gracias te doy yo a ti,<\/p>\n<p style=\"text-align: center;\">por llevarme en tu seno<\/p>\n<p style=\"text-align: center;\">\u00a1has sido todo para m\u00ed!<\/p>\n<p style=\"text-align: center;\">Nueve meses me llevaste<\/p>\n<p style=\"text-align: center;\">sufriendo dolor por m\u00ed,<\/p>\n<p style=\"text-align: center;\">al final lleg\u00f3 el momento<\/p>\n<p style=\"text-align: center;\">y te alegraste por fin.<\/p>\n<p style=\"text-align: center;\">\u00a1Oh! Madre,<\/p>\n<p style=\"text-align: center;\">que con alegr\u00eda me diste la vida<\/p>\n<p style=\"text-align: center;\">arriesgando la tuya misma.<\/p>\n<p style=\"text-align: center;\">T\u00fa, me diste lo que soy,<\/p>\n<p style=\"text-align: center;\">a ti te lo debo todo, Madre m\u00eda.<\/p>\n<p style=\"text-align: center;\">En mi cantar he callado tu nombre hasta ahora,<\/p>\n<p style=\"text-align: center;\">hoy yo muero al pronunciarte<\/p>\n<p style=\"text-align: center;\">y mi coraz\u00f3n se ahoga, Madre m\u00eda.<\/p>\n<p style=\"text-align: center;\">T\u00fa la m\u00e1s grande de todas mis verdades,<\/p>\n<p style=\"text-align: center;\">y yo sigo sin creer que est\u00e9s muerta<\/p>\n<p style=\"text-align: center;\">all\u00e1 en lo m\u00e1s alto de la verdad.<\/p>\n<p style=\"text-align: center;\">Madre, yo quiero desde ahora,<\/p>\n<p style=\"text-align: center;\">si de algo sirve mi penar,<\/p>\n<p style=\"text-align: center;\">que sea para entronizarte en el m\u00e1s hermoso altar.<\/p>\n<p style=\"text-align: center;\">T\u00fa que en mi coraz\u00f3n sembraste<\/p>\n<p style=\"text-align: center;\">amor hacia la humildad,<\/p>\n<p style=\"text-align: center;\">y me ense\u00f1aste el camino<\/p>\n<p style=\"text-align: center;\">para hallar la libertad.<\/p>\n<p style=\"text-align: center;\">De tu mano me llevaste<\/p>\n<p style=\"text-align: center;\">con un cari\u00f1o ejemplar,<\/p>\n<p style=\"text-align: center;\">y all\u00ed quedaste dormida,<\/p>\n<p style=\"text-align: center;\">Madre,<\/p>\n<p style=\"text-align: center;\">para nunca regresar.<\/p>\n<p>&nbsp;<\/p>\n<p style=\"text-align: justify;\"><strong>Antonio Medina<\/strong> agradeci\u00f3 al p\u00fablico en general su asistencia, teniendo palabras muy cari\u00f1osas tanto para Silvio, Manoly Rodr\u00edguez y el cantautor Mario Gonz\u00e1lez por haberles acompa\u00f1ado en este acto cultural de presentaci\u00f3n de su libro, recit\u00f3 varios poemas de su autor\u00eda y firm\u00f3 el libro a los asistentes que as\u00ed lo quisieron.<\/p>\n<p style=\"text-align: justify;\"><a href=\"http:\/\/granadacostanacional.es\/wp-content\/uploads\/2022\/06\/IMG_0906.jpg\"><img decoding=\"async\" loading=\"lazy\" class=\"aligncenter size-large wp-image-32512\" src=\"http:\/\/granadacostanacional.es\/wp-content\/uploads\/2022\/06\/IMG_0906-1024x682.jpg\" alt=\"IMG_0906\" width=\"1024\" height=\"682\" \/><\/a><\/p>\n<p style=\"text-align: justify;\">\n<p style=\"text-align: justify;\"><a href=\"http:\/\/granadacostanacional.es\/wp-content\/uploads\/2022\/06\/IMG_0907.jpg\"><img decoding=\"async\" loading=\"lazy\" class=\"aligncenter size-large wp-image-32513\" src=\"http:\/\/granadacostanacional.es\/wp-content\/uploads\/2022\/06\/IMG_0907-1024x682.jpg\" alt=\"IMG_0907\" width=\"1024\" height=\"682\" \/><\/a><\/p>\n<p style=\"text-align: justify;\">\n<p style=\"text-align: justify;\"><a href=\"http:\/\/granadacostanacional.es\/wp-content\/uploads\/2022\/06\/IMG_0908.jpg\"><img decoding=\"async\" loading=\"lazy\" class=\"aligncenter size-large wp-image-32514\" src=\"http:\/\/granadacostanacional.es\/wp-content\/uploads\/2022\/06\/IMG_0908-1024x682.jpg\" alt=\"IMG_0908\" width=\"1024\" height=\"682\" \/><\/a><\/p>\n<p style=\"text-align: justify;\">\n<p style=\"text-align: center;\"><strong>Momentos durante la firma de libros<\/strong><\/p>\n<p style=\"text-align: center;\">\n<p style=\"text-align: right;\"><strong>Redacci\u00f3n Granada Costa<\/strong><\/p>\n<p style=\"text-align: right;\"><strong>Almu\u00f1\u00e9car<\/strong><\/p>\n","protected":false},"excerpt":{"rendered":"<p>El 17 de junio de 2022 en la Sala de Conferencias de la Casa de la Cultura de Almu\u00f1\u00e9car, tuvo&hellip;<\/p>\n","protected":false},"author":3,"featured_media":32507,"comment_status":"open","ping_status":"open","sticky":false,"template":"","format":"standard","meta":{"om_disable_all_campaigns":false,"_mi_skip_tracking":false,"_monsterinsights_sitenote_active":false,"_monsterinsights_sitenote_note":"","_monsterinsights_sitenote_category":0,"footnotes":""},"categories":[21],"tags":[],"aioseo_notices":[],"_links":{"self":[{"href":"https:\/\/granadacostaglobal.es\/index.php?rest_route=\/wp\/v2\/posts\/32506"}],"collection":[{"href":"https:\/\/granadacostaglobal.es\/index.php?rest_route=\/wp\/v2\/posts"}],"about":[{"href":"https:\/\/granadacostaglobal.es\/index.php?rest_route=\/wp\/v2\/types\/post"}],"author":[{"embeddable":true,"href":"https:\/\/granadacostaglobal.es\/index.php?rest_route=\/wp\/v2\/users\/3"}],"replies":[{"embeddable":true,"href":"https:\/\/granadacostaglobal.es\/index.php?rest_route=%2Fwp%2Fv2%2Fcomments&post=32506"}],"version-history":[{"count":0,"href":"https:\/\/granadacostaglobal.es\/index.php?rest_route=\/wp\/v2\/posts\/32506\/revisions"}],"wp:featuredmedia":[{"embeddable":true,"href":"https:\/\/granadacostaglobal.es\/index.php?rest_route=\/"}],"wp:attachment":[{"href":"https:\/\/granadacostaglobal.es\/index.php?rest_route=%2Fwp%2Fv2%2Fmedia&parent=32506"}],"wp:term":[{"taxonomy":"category","embeddable":true,"href":"https:\/\/granadacostaglobal.es\/index.php?rest_route=%2Fwp%2Fv2%2Fcategories&post=32506"},{"taxonomy":"post_tag","embeddable":true,"href":"https:\/\/granadacostaglobal.es\/index.php?rest_route=%2Fwp%2Fv2%2Ftags&post=32506"}],"curies":[{"name":"wp","href":"https:\/\/api.w.org\/{rel}","templated":true}]}}