{"id":32493,"date":"2022-06-17T12:54:55","date_gmt":"2022-06-17T11:54:55","guid":{"rendered":"http:\/\/granadacostanacional.es\/?p=32493"},"modified":"2022-06-17T12:54:55","modified_gmt":"2022-06-17T11:54:55","slug":"caminando-juntos-acoes","status":"publish","type":"post","link":"https:\/\/granadacostaglobal.es\/?p=32493","title":{"rendered":"CAMINANDO JUNTOS: ACOES"},"content":{"rendered":"<p style=\"text-align: center;\"><strong>El padre Patricio de la Rosa junto a sus colaboradores y parte de la gente que acudi\u00f3 al acto<\/strong><\/p>\n<p style=\"text-align: center;\">\n<p style=\"text-align: justify;\"><strong>El pasado viernes, d\u00eda 3 de junio, se celebr\u00f3 en D\u00farcal un acontecimiento humano y social muy importante, de los que dejan profunda huella: el encuentro entre un muchacho de Honduras (Carlos Len\u00edn) y su madrina (Dolores Salaberri, de Saleres) para fundirse en un fuerte abrazo, felices y emocionados.<\/strong><\/p>\n<p style=\"text-align: justify;\">Dolores, como muchas personas del Valle de Lecr\u00edn, de la provincia de Granada, de toda Espa\u00f1a, e incluso de otros pa\u00edses como Francia, Alemania, Inglaterra, Canad\u00e1 o Estados Unidos, lleva muchos a\u00f1os apadrinando ni\u00f1os de Honduras a trav\u00e9s de la instituci\u00f3n ben\u00e9fica ACOES (Asociaci\u00f3n Colaboraci\u00f3n y Esfuerzo) que fund\u00f3 el sacerdote de Hu\u00e9neja (Granada) Padre Patricio Larrosa, misionero en Honduras desde hace unos 30 a\u00f1os, que se instal\u00f3 en una zona marginal y muy pobre de Tegucigalpa (capital hondure\u00f1a) para escolarizar y dar de comer a ni\u00f1os de barrios y aldeas muy pobres y desestructurados.<\/p>\n<p style=\"text-align: justify;\">Carlos es uno de esos ni\u00f1os que, \u00a0gracias a la ayuda de su madrina de Espa\u00f1a y a su tes\u00f3n y capacidad, complet\u00f3 en Honduras sus estudios primarios, bachillerato y carrera universitaria, que ahora culmina en la Universidad de Granada, cursando un m\u00e1ster y capacit\u00e1ndose para ejercer de Maestro en su pa\u00eds y poder as\u00ed seguir ayudando a los ni\u00f1os m\u00e1s desfavorecidos en la misi\u00f3n del Padre Patricio.<\/p>\n<p style=\"text-align: justify;\">Desde D\u00farcal, donde reside este curso, acogido por una familia (Ana y Domingo), cada d\u00eda Carlos asiste a sus clases de la Universidad y ten\u00eda mucha ilusi\u00f3n por conocer y agradecer a su madrina \u201cDolores Salaberri, Parroquia de Saleres\u201d todos estos a\u00f1os de apoyo econ\u00f3mico. Un colaborador\u00a0 de la ONG, natural de Saleres, ha movido los hilos y ha hecho posible este encuentro. Los apadrinamientos de ni\u00f1os, ayudas, becas, donaciones y env\u00edos de contenedores repletos de material escolar, zapatos, alimentos\u2026 LLEGAN EL 100% A SU DESTINO Y PRODUCEN SUS FRUTOS.<\/p>\n<p style=\"text-align: justify;\">El acto result\u00f3 muy interesante y provechoso pues tuvimos la suerte de contar con la presencia del Padre Patricio y de un joven sacerdote de Honduras (Enrique) salido de una de las cinco escuelas de su Proyecto Misionero. Gracias a las gestiones de Rosa, coordinadora de ACOES en D\u00farcal, el amplio sal\u00f3n parroquial estuvo lleno de gente y contamos tambi\u00e9n con la presencia de diversos medios de comunicaci\u00f3n comarcales que, con sus entrevistas, fotos y reportajes, ayudan a divulgar esta importante obra de amor y solidaridad con los ni\u00f1os y j\u00f3venes de estos barrios tan pobres y desestructurados de Tegucigalpa. Se proyect\u00f3 un emotivo video sobre esta cruda realidad de Honduras, en la que la ONG atiende INTEGRALMENTE a unos 11.000 ni\u00f1os y j\u00f3venes, seguido de un animado coloquio con diversas participaciones y testimonios de varios voluntarios de ACOES que en sus periodos vacacionales han estado en Honduras trabajando y colaborando en las distintas escuelas y comedores o promoviendo y divulgando, aqu\u00ed en Espa\u00f1a, esta gran obra del Padre Patricio en Honduras.<\/p>\n<p style=\"text-align: justify;\">Invitar a todos a colaborar con este proyecto (<a href=\"http:\/\/www.acoes.org\">www.acoes.org<\/a>) y as\u00ed poder dar nuevas oportunidades a otros compatriotas de Carlos.<\/p>\n<p style=\"text-align: right;\"><strong>\u00a0\u00a0\u00a0\u00a0\u00a0\u00a0\u00a0\u00a0\u00a0\u00a0\u00a0\u00a0\u00a0\u00a0\u00a0\u00a0\u00a0\u00a0\u00a0\u00a0\u00a0\u00a0\u00a0\u00a0\u00a0\u00a0\u00a0\u00a0\u00a0\u00a0\u00a0\u00a0\u00a0\u00a0\u00a0\u00a0\u00a0\u00a0\u00a0\u00a0\u00a0\u00a0\u00a0\u00a0\u00a0\u00a0\u00a0\u00a0\u00a0\u00a0\u00a0\u00a0\u00a0\u00a0\u00a0\u00a0\u00a0\u00a0\u00a0\u00a0\u00a0\u00a0\u00a0\u00a0\u00a0\u00a0\u00a0\u00a0\u00a0\u00a0\u00a0\u00a0\u00a0\u00a0\u00a0\u00a0\u00a0\u00a0\u00a0\u00a0\u00a0\u00a0\u00a0\u00a0\u00a0\u00a0\u00a0\u00a0\u00a0\u00a0\u00a0\u00a0\u00a0\u00a0\u00a0\u00a0\u00a0\u00a0\u00a0\u00a0\u00a0\u00a0\u00a0\u00a0\u00a0\u00a0\u00a0\u00a0\u00a0\u00a0\u00a0\u00a0\u00a0\u00a0\u00a0\u00a0\u00a0\u00a0\u00a0\u00a0\u00a0\u00a0\u00a0\u00a0\u00a0\u00a0\u00a0\u00a0\u00a0\u00a0\u00a0\u00a0\u00a0\u00a0\u00a0\u00a0\u00a0\u00a0\u00a0\u00a0\u00a0\u00a0\u00a0\u00a0\u00a0\u00a0\u00a0\u00a0\u00a0\u00a0\u00a0\u00a0\u00a0\u00a0\u00a0\u00a0 Fina L\u00f3pez<\/strong><\/p>\n","protected":false},"excerpt":{"rendered":"<p>El padre Patricio de la Rosa junto a sus colaboradores y parte de la gente que acudi\u00f3 al acto El&hellip;<\/p>\n","protected":false},"author":3,"featured_media":32494,"comment_status":"open","ping_status":"open","sticky":false,"template":"","format":"standard","meta":{"om_disable_all_campaigns":false,"_mi_skip_tracking":false,"_monsterinsights_sitenote_active":false,"_monsterinsights_sitenote_note":"","_monsterinsights_sitenote_category":0,"footnotes":""},"categories":[21,30],"tags":[],"aioseo_notices":[],"_links":{"self":[{"href":"https:\/\/granadacostaglobal.es\/index.php?rest_route=\/wp\/v2\/posts\/32493"}],"collection":[{"href":"https:\/\/granadacostaglobal.es\/index.php?rest_route=\/wp\/v2\/posts"}],"about":[{"href":"https:\/\/granadacostaglobal.es\/index.php?rest_route=\/wp\/v2\/types\/post"}],"author":[{"embeddable":true,"href":"https:\/\/granadacostaglobal.es\/index.php?rest_route=\/wp\/v2\/users\/3"}],"replies":[{"embeddable":true,"href":"https:\/\/granadacostaglobal.es\/index.php?rest_route=%2Fwp%2Fv2%2Fcomments&post=32493"}],"version-history":[{"count":0,"href":"https:\/\/granadacostaglobal.es\/index.php?rest_route=\/wp\/v2\/posts\/32493\/revisions"}],"wp:featuredmedia":[{"embeddable":true,"href":"https:\/\/granadacostaglobal.es\/index.php?rest_route=\/"}],"wp:attachment":[{"href":"https:\/\/granadacostaglobal.es\/index.php?rest_route=%2Fwp%2Fv2%2Fmedia&parent=32493"}],"wp:term":[{"taxonomy":"category","embeddable":true,"href":"https:\/\/granadacostaglobal.es\/index.php?rest_route=%2Fwp%2Fv2%2Fcategories&post=32493"},{"taxonomy":"post_tag","embeddable":true,"href":"https:\/\/granadacostaglobal.es\/index.php?rest_route=%2Fwp%2Fv2%2Ftags&post=32493"}],"curies":[{"name":"wp","href":"https:\/\/api.w.org\/{rel}","templated":true}]}}