{"id":32402,"date":"2022-06-10T16:41:35","date_gmt":"2022-06-10T15:41:35","guid":{"rendered":"http:\/\/granadacostanacional.es\/?p=32402"},"modified":"2022-06-10T16:41:35","modified_gmt":"2022-06-10T15:41:35","slug":"mas-de-180-comercios-participan-el-sabado-en-la-iv-feria-outlet-de-churriana","status":"publish","type":"post","link":"https:\/\/granadacostaglobal.es\/?p=32402","title":{"rendered":"M\u00e1s de 180 comercios participan el s\u00e1bado en la IV Feria Outlet de Churriana"},"content":{"rendered":"<p style=\"text-align: justify;\">El comercio de Churriana de la Vega, representado por todos los sectores, ser\u00e1 de nuevo protagonista en Churriana con motivo de la IV Feria Outlet del municipio, impulsada por el Ayuntamiento en colaboraci\u00f3n con las empresas locales.<\/p>\n<p style=\"text-align: justify;\">Mediante ofertas, descuentos y promociones, los comercios participan en esta iniciativa para el fomento de las compras y el consumo en los negocios de Churriana. Los vecinos encontrar\u00e1n productos de moda, complementos, alimentaci\u00f3n, perfumer\u00eda, bricolaje o consumiciones en bares y restaurantes a precios rebajados, con una importante participaci\u00f3n.<\/p>\n<p style=\"text-align: justify;\">En esta cuarta edici\u00f3n, y para paliar los efectos de las altas temperaturas, el Ayuntamiento ha programado el s\u00e1bado atracciones acu\u00e1ticas para los m\u00e1s peque\u00f1os en la plaza Maestro Agust\u00edn desde las 11:00 h.<\/p>\n<p style=\"text-align: justify;\"><a href=\"http:\/\/granadacostanacional.es\/wp-content\/uploads\/2022\/06\/IV-FERIA-OUTLET-CHURRIANA.jpeg\"><img decoding=\"async\" loading=\"lazy\" class=\"aligncenter size-large wp-image-32403\" src=\"http:\/\/granadacostanacional.es\/wp-content\/uploads\/2022\/06\/IV-FERIA-OUTLET-CHURRIANA-725x1024.jpeg\" alt=\"IV FERIA OUTLET CHURRIANA\" width=\"725\" height=\"1024\" \/><\/a><\/p>\n<p style=\"text-align: justify;\">Para el alcalde de Churriana, Antonio Narv\u00e1ez, \u201cel objetivo es facilitar la promoci\u00f3n del comercio local y exponer la gran oferta de productos y servicios que nuestro pueblo puede ofrecer\u201d. \u201cLa fuerza del tejido productivo es fundamental en el desarrollo de un municipio, y tenemos la suerte de contar con m\u00e1s de 900 empresas que crean riqueza y empleo y son la muestra clara del car\u00e1cter abierto y emprendedor de Churriana de la Vega\u201d.<\/p>\n<p style=\"text-align: justify;\">Adem\u00e1s, los negocios de Churriana de la Vega tienen a su disposici\u00f3n una herramienta digital con la que acercar sus servicios a vecinos y visitantes de manera gratuita. El Ayuntamiento cuenta con una p\u00e1gina web, churrianacomercio.com, a disposici\u00f3n de todas sus empresas, para dar a conocer la variada actividad del tejido productivo del municipio.<\/p>\n<p style=\"text-align: justify;\">El Ayuntamiento manifiesta su apoyo incondicional a los empresarios, emprendedores y aut\u00f3nomos, invitando a dar el paso a todos los que quieran invertir y apostar por Churriana, \u00abun referente en el campo empresarial, caracterizado por la innovaci\u00f3n, el dinamismo y la creaci\u00f3n de empleo\u00bb.<\/p>\n<p style=\"text-align: justify;\">\u00abChurriana es mejor, m\u00e1s pr\u00f3spera y m\u00e1s abierta gracias a sus empresas\u00bb, apunta el alcalde, que a\u00f1ade que \u00abel Ayuntamiento potenciar\u00e1 la estrecha colaboraci\u00f3n con los negocios de Churriana de Churriana para seguir impulsando nuestra econom\u00eda y su tejido productivo\u00bb, con una programaci\u00f3n de actividades que continuar\u00e1 en los pr\u00f3ximos meses.<\/p>\n","protected":false},"excerpt":{"rendered":"<p>El comercio de Churriana de la Vega, representado por todos los sectores, ser\u00e1 de nuevo protagonista en Churriana con motivo&hellip;<\/p>\n","protected":false},"author":3,"featured_media":18283,"comment_status":"open","ping_status":"open","sticky":false,"template":"","format":"standard","meta":{"om_disable_all_campaigns":false,"_mi_skip_tracking":false,"_monsterinsights_sitenote_active":false,"_monsterinsights_sitenote_note":"","_monsterinsights_sitenote_category":0,"footnotes":""},"categories":[30],"tags":[],"aioseo_notices":[],"_links":{"self":[{"href":"https:\/\/granadacostaglobal.es\/index.php?rest_route=\/wp\/v2\/posts\/32402"}],"collection":[{"href":"https:\/\/granadacostaglobal.es\/index.php?rest_route=\/wp\/v2\/posts"}],"about":[{"href":"https:\/\/granadacostaglobal.es\/index.php?rest_route=\/wp\/v2\/types\/post"}],"author":[{"embeddable":true,"href":"https:\/\/granadacostaglobal.es\/index.php?rest_route=\/wp\/v2\/users\/3"}],"replies":[{"embeddable":true,"href":"https:\/\/granadacostaglobal.es\/index.php?rest_route=%2Fwp%2Fv2%2Fcomments&post=32402"}],"version-history":[{"count":0,"href":"https:\/\/granadacostaglobal.es\/index.php?rest_route=\/wp\/v2\/posts\/32402\/revisions"}],"wp:featuredmedia":[{"embeddable":true,"href":"https:\/\/granadacostaglobal.es\/index.php?rest_route=\/"}],"wp:attachment":[{"href":"https:\/\/granadacostaglobal.es\/index.php?rest_route=%2Fwp%2Fv2%2Fmedia&parent=32402"}],"wp:term":[{"taxonomy":"category","embeddable":true,"href":"https:\/\/granadacostaglobal.es\/index.php?rest_route=%2Fwp%2Fv2%2Fcategories&post=32402"},{"taxonomy":"post_tag","embeddable":true,"href":"https:\/\/granadacostaglobal.es\/index.php?rest_route=%2Fwp%2Fv2%2Ftags&post=32402"}],"curies":[{"name":"wp","href":"https:\/\/api.w.org\/{rel}","templated":true}]}}