{"id":32389,"date":"2022-06-09T17:00:45","date_gmt":"2022-06-09T16:00:45","guid":{"rendered":"http:\/\/granadacostanacional.es\/?p=32389"},"modified":"2022-06-09T17:00:45","modified_gmt":"2022-06-09T16:00:45","slug":"la-casa-de-la-bruja-ii-de-iii","status":"publish","type":"post","link":"https:\/\/granadacostaglobal.es\/?p=32389","title":{"rendered":"La casa de la bruja (II de III)"},"content":{"rendered":"<p style=\"text-align: justify;\">La ma\u00f1ana en que mi abuela muri\u00f3, no me acordaba de la bruja para nada, pero cuando mi madre me dijo que \u00edbamos a su casa los viejos miedos se despertaron de repente. Eran muy amigas y de la misma edad, seg\u00fan me dec\u00eda cuando trataba de convencerme de que con ella estar\u00eda m\u00e1s tranquilo, mientras en nuestra casa se libraba aquel festival de hipocres\u00eda vestido de dolor.<\/p>\n<p style=\"text-align: justify;\">Camino a casa de la bruja los miedos que se reviv\u00eda en mi imaginaci\u00f3n casi lograron inmovilizarme, hasta que al ver como mi madre abr\u00eda la verja con solo apoyarse en el picaporte, mis temores empezaron a diluirse. Siempre la cre\u00edmos cerrada con siete llaves Mam\u00e1 me dijo que siempre hab\u00eda estado abierta y pensando la de veces que hab\u00edamos escalado la verja sin necesidad tuve un estremecimiento.<\/p>\n<p style=\"text-align: justify;\">\u2014No tengas miedo Daniel, que la abuela descansa\u2026 ya no sufre. Pero a casa vendr\u00e1 mucha gente extra\u00f1a, se pondr\u00e1n pesados y a ti\u2026 a ti no te gusta que te pellizquen los mofletes. Estar\u00e1s mejor en casa de Luc\u00eda. Cuando vayan a llevarse a la abuela vendr\u00e9 a buscarte para que le des el \u00faltimo beso.<\/p>\n<p style=\"text-align: justify;\">Mi madre, que hab\u00eda percibido mi temblor, no supo acertar el motivo. La verdad es que ahora, desde la distancia, s\u00e9 que no se le escapaba nada, solo que a veces no quer\u00eda ver.<\/p>\n<p style=\"text-align: justify;\">Mi adaptable temperamento y la curiosidad, casi patol\u00f3gica, que sent\u00eda por aquella casa, permitieron que mis tr\u00e9mulas piernas me trastabillaran hasta ella, sin dar p\u00e1bulo a las locas ganas de correr en direcci\u00f3n contraria, que mis miedos dictaban.<\/p>\n<p style=\"text-align: justify;\">La bruja nos esperaba a mitad de la parcela.<\/p>\n<p style=\"text-align: justify;\">\u2014Luc\u00eda te dejo a Daniel, es buen chico, se portar\u00e1 bien. Me vuelvo a casa. No sabes el traj\u00edn que nos queda con lo de mi madre\u2026<\/p>\n<p style=\"text-align: justify;\">\u00ab\u00bfC\u00f3mo puede dar trabajo la abuela si est\u00e1 muerta?\u00bb, pens\u00e9.<\/p>\n<p style=\"text-align: justify;\">Al ver a la bruja tan cerca, no pod\u00eda apartar mi mirada de ella y, a esa distancia, sus facciones no eran tan afiladas, ni su nariz tan ganchuda, ni, por mucho que las busqu\u00e9, encontr\u00e9 las verrugas. Es m\u00e1s, creo que de joven, ya era muy mayor, ten\u00eda treinta y seis a\u00f1os, debi\u00f3 ser muy guapa. Se qued\u00f3 mir\u00e1ndome, sonri\u00f3 y dijo:<\/p>\n<p style=\"text-align: justify;\">\u2014Me parece que nos conocemos. \u00bfVerdad Daniel?<\/p>\n<p style=\"text-align: justify;\">\u2014Si se\u00f1ora, yo\u2026<\/p>\n<p style=\"text-align: justify;\">\u2014Anda, vamos adentro que aqu\u00ed hace algo de frio.<\/p>\n<p style=\"text-align: justify;\">Atravesamos los huertos y tras la vega la casa sali\u00f3 a nuestro encuentro, una sola planta de lienzos con reciente blancura rematada por el barro de unas tejas que parec\u00edan reci\u00e9n colocadas; los vanos de puertas y ventanas recortados con un a\u00f1il hipn\u00f3tico daban el toque mediterr\u00e1neo que siempre me ha atra\u00eddo. Por su poca alzada, apenas pod\u00edamos verla desde la calle, solo parte del tejado y de lo que nos parec\u00eda una gran ventana, que result\u00f3 ser un magnifico mirador de cuyas grandes dimensiones no fui consciente hasta que estuve tras \u00e9l. Los frutales plantados a su alrededor la defend\u00edan de la indiscreci\u00f3n exterior.<\/p>\n<p style=\"text-align: justify;\"><a href=\"http:\/\/granadacostanacional.es\/wp-content\/uploads\/2022\/06\/P1020957-2.jpg\"><img decoding=\"async\" loading=\"lazy\" class=\"aligncenter size-large wp-image-32390\" src=\"http:\/\/granadacostanacional.es\/wp-content\/uploads\/2022\/06\/P1020957-2-1024x731.jpg\" alt=\"P1020957 (2)\" width=\"1024\" height=\"731\" \/><\/a><\/p>\n<p style=\"text-align: justify;\">No era lo tenebrosa y deslucida que hab\u00edamos imaginado, antes al contrario, resultaba una alegra y deslumbrante bienvenida tras atravesar las relucientes esmeraldas que, mecidas por la brisa, devolv\u00edan al sol de la ma\u00f1ana los t\u00edmidos destellos con que quer\u00eda arrebatarles las perlas de roc\u00edo.<\/p>\n<p style=\"text-align: justify;\">Al entrar en la casa su luminosidad me desconcert\u00f3, no la esperaba as\u00ed; se iba al traste la lobreguez que tanto nos hab\u00eda costado imaginar, adem\u00e1s su calidez y el olor a caf\u00e9 romp\u00edan con la frialdad y pestilencia imaginadas. Inmediatamente sent\u00ed atracci\u00f3n por cuanto se ofrec\u00eda a mi mirada, no pod\u00eda apartarla de cada uno de los rincones de aquel refugio de maravillas: paredes enladrilladas con cuadros, fotograf\u00edas de lugares de ensue\u00f1o, m\u00e1scaras tribales, instrumentos musicales ind\u00edgenas, armas primitivas y mapas antiguos. Sent\u00eda necesidad de ir al ba\u00f1o, pero con tantas cosas por mirar\u2026 se me olvid\u00f3 tal exigencia, todo era tan fascinante, tan cercano a mis m\u00e1s \u00edntimos sue\u00f1os y tan alejado de la vulgar realidad de cada d\u00eda&#8230;<\/p>\n<p style=\"text-align: justify;\">Cada elemento que descubr\u00eda lo miraba con ansia, como si me lo fueran a ocultar de un momento a otro. Eran objetos m\u00e1s atrayentes y m\u00e1s sugestivos que los que aparec\u00edan en las pel\u00edculas. Nunca hubiera pensado encontrarlos en una casa, es m\u00e1s, nunca pens\u00e9 que a un adulto le gustara tener todo aquello.<\/p>\n<p style=\"text-align: justify;\">En mi casa, aparte de las fotograf\u00edas de los cuatro abuelos, la de la boda de mis padres y las de nuestras comuniones, solo hab\u00eda un tapiz grande de un ciervo que llevaba toda la vida muri\u00e9ndose mordido por unos perros cada d\u00eda m\u00e1s oscuros y deshilachados.<\/p>\n<p style=\"text-align: justify;\">Luc\u00eda, dulce y atenta, me guiaba en aquella improvisada gira, respetando todas las paradas que mi contemplaci\u00f3n exig\u00eda y resignada a que la atosigara con mis preguntas; me llevaba de sorpresa en sorpresa, a cu\u00e1l de ellas mayor, me adentraba en un mundo maravilloso del que no pod\u00eda, ni quer\u00eda apartar la mirada ni un solo instante.<\/p>\n<p style=\"text-align: justify;\">Desembocamos en una habitaci\u00f3n rectangular, ba\u00f1ada por una luz serena, sin estridencias reflejada en un mobiliario dispuesto para la comodidad de sus ocupantes. De sus paredes no colgaban cuadros, como en otras estancias porque tres de sus cuatro paredes eran estanter\u00edas, desde el suelo hasta el techo, en cuyos anaqueles un universo de libros se disputaban mi atenci\u00f3n, el otro lado del prisma era un ampli\u00f3 ventanal solo obstaculizado por un fino tul de hilo que, aunque tamizaba la luz, no imped\u00eda ver el exterior.<\/p>\n<p style=\"text-align: justify;\">Los libros no estaban solos, compart\u00edan estantes con recuerdos de mil vivencias: asombrosos objetos cuyo examen me hechizaba, sin saber ante cu\u00e1l de ellos detenerme. Luc\u00eda me explic\u00f3 que era la nostalgia que quedaba tras los viajes. Ten\u00edan aspecto de no poder tocarse\u2026 y, por si acaso, me abstuve de hacerlo, me limit\u00e9 a desearlos.<\/p>\n<p style=\"text-align: justify;\">\u2014\u00bfLees Daniel?<\/p>\n<p style=\"text-align: justify;\">\u2014En el colegio nos piden que lo hagamos\u2026<\/p>\n<p style=\"text-align: justify;\">\u2014Entiendo\u2026 relacionas la lectura con una obligaci\u00f3n, con los deberes. Pues hay otra lectura, una que es muy divertida. Ven, por favor.<\/p>\n<p style=\"text-align: justify;\">Me llev\u00f3 ante una mesa redonda ubicada junto al ventanal; a una c\u00f3moda silla le a\u00f1adi\u00f3 un mullido coj\u00edn y me invit\u00f3 a sentarme. Cuando estuve acomodado, me entreg\u00f3 un libro grande, como un \u00e1lbum de fotos. Dentro hab\u00eda muchas palabras escritas, pero tambi\u00e9n muchas fotos pegadas.<\/p>\n<p style=\"text-align: justify;\">La primera foto era de una casa rara, luego supe que era de estilo georgiano y que a\u00f1os despu\u00e9s tratar\u00eda, sin resultado, de localizarla: la habr\u00edan derribado o la destruy\u00f3 la segunda guerra mundial, seg\u00fan me explicaron en Londres.<\/p>\n<p style=\"text-align: justify;\">\u2014Empieza a leer esto. Si no te gusta me lo dices y buscaremos algo m\u00e1s ameno.<\/p>\n<p style=\"text-align: justify;\">Comenc\u00e9 con lo que, preve\u00eda, ser\u00eda una aburrida jornada, por fotos que hubiera.<\/p>\n<p style=\"text-align: justify;\"><em>\u00abEn el a\u00f1o 1872, la casa n\u00famero 7 de, Burlington Gardens \u00ad\u00addonde muri\u00f3 Sheridan en 1814\u00ad estaba habitada por Phileas Fogg, quien a pesar de que parec\u00eda haber tomado el partido de no hacer nada\u2026\u00bb<\/em><\/p>\n<p style=\"text-align: justify;\">Como pie de la anterior fotograf\u00eda constaba <em>Saville\u00ad Row<\/em>, 7 y al fijarme pude ver en ella a una se\u00f1ora que posaba frente a la casa. Se parec\u00eda mucho a Luc\u00eda, pero era a\u00fan m\u00e1s vieja y luego sabr\u00eda que estaba muerta.<\/p>\n<p style=\"text-align: justify;\">(Continuar\u00e1)<\/p>\n<p>&nbsp;<\/p>\n<p style=\"text-align: right;\"><strong>Alberto Gim\u00e9nez<\/strong><\/p>\n","protected":false},"excerpt":{"rendered":"<p>La ma\u00f1ana en que mi abuela muri\u00f3, no me acordaba de la bruja para nada, pero cuando mi madre me&hellip;<\/p>\n","protected":false},"author":3,"featured_media":23523,"comment_status":"open","ping_status":"open","sticky":false,"template":"","format":"standard","meta":{"om_disable_all_campaigns":false,"_mi_skip_tracking":false,"_monsterinsights_sitenote_active":false,"_monsterinsights_sitenote_note":"","_monsterinsights_sitenote_category":0,"footnotes":""},"categories":[21],"tags":[],"aioseo_notices":[],"_links":{"self":[{"href":"https:\/\/granadacostaglobal.es\/index.php?rest_route=\/wp\/v2\/posts\/32389"}],"collection":[{"href":"https:\/\/granadacostaglobal.es\/index.php?rest_route=\/wp\/v2\/posts"}],"about":[{"href":"https:\/\/granadacostaglobal.es\/index.php?rest_route=\/wp\/v2\/types\/post"}],"author":[{"embeddable":true,"href":"https:\/\/granadacostaglobal.es\/index.php?rest_route=\/wp\/v2\/users\/3"}],"replies":[{"embeddable":true,"href":"https:\/\/granadacostaglobal.es\/index.php?rest_route=%2Fwp%2Fv2%2Fcomments&post=32389"}],"version-history":[{"count":0,"href":"https:\/\/granadacostaglobal.es\/index.php?rest_route=\/wp\/v2\/posts\/32389\/revisions"}],"wp:featuredmedia":[{"embeddable":true,"href":"https:\/\/granadacostaglobal.es\/index.php?rest_route=\/"}],"wp:attachment":[{"href":"https:\/\/granadacostaglobal.es\/index.php?rest_route=%2Fwp%2Fv2%2Fmedia&parent=32389"}],"wp:term":[{"taxonomy":"category","embeddable":true,"href":"https:\/\/granadacostaglobal.es\/index.php?rest_route=%2Fwp%2Fv2%2Fcategories&post=32389"},{"taxonomy":"post_tag","embeddable":true,"href":"https:\/\/granadacostaglobal.es\/index.php?rest_route=%2Fwp%2Fv2%2Ftags&post=32389"}],"curies":[{"name":"wp","href":"https:\/\/api.w.org\/{rel}","templated":true}]}}