{"id":32302,"date":"2022-05-27T10:20:27","date_gmt":"2022-05-27T09:20:27","guid":{"rendered":"http:\/\/granadacostanacional.es\/?p=32302"},"modified":"2022-05-27T10:20:27","modified_gmt":"2022-05-27T09:20:27","slug":"oscar-wilde","status":"publish","type":"post","link":"https:\/\/granadacostaglobal.es\/?p=32302","title":{"rendered":"OSCAR WILDE"},"content":{"rendered":"<p style=\"text-align: justify;\"><em>No deploro ni un solo instante de los que he dedicado al placer. Lo hice plenamente, como debemos hacer todo lo que hacemos. No hubo placer que yo no experimentase; ech\u00e9 la perla de mi alma en una copa de vino; descend\u00ed por el sendero florido de margaritas al son de flautas; viv\u00ed panales de miel. Continuar la misma vida hubiera sido un error, pero abandonarla habr\u00eda sido una limitaci\u00f3n. Deb\u00eda de ir adelante\u2026<\/em><\/p>\n<p style=\"text-align: justify;\">\u00a0\u00a0\u00a0\u00a0\u00a0\u00a0\u00a0\u00a0\u00a0 He aqu\u00ed expresada la doctrina hedonista de uno de los escritores dublineses m\u00e1s famosos, quiz\u00e1 el m\u00e1s, cuyas obras de teatro, retratando de maravilla la sociedad inglesa de su tiempo,\u00a0 no han dejado de representarse mundialmente en los mejores teatros, as\u00ed como llevadas al cine o a la TV, pese al transcurso de los a\u00f1os pues a\u00fan siguen vigentes<\/p>\n<p style=\"text-align: justify;\">\u00a0\u00a0\u00a0\u00a0\u00a0\u00a0\u00a0\u00a0\u00a0 Su estilo literario, dominio de la paradoja, fina iron\u00eda y la cr\u00edtica social, le hicieron famoso, tanto literariamente como en su modo de vivir y expresarse en una \u00e9poca de la Inglaterra victoriana en que todo era motivo de esc\u00e1ndalo. Fue aupado a las m\u00e1s altas cumbres y arrojado, por la misma sociedad hip\u00f3crita e intransigente, al m\u00e1s bajo de los precipicios. Hoy, <strong>Oscar Wilde<\/strong>,\u00a0 es una gloria universal.<\/p>\n<p style=\"text-align: justify;\"><a href=\"http:\/\/granadacostanacional.es\/wp-content\/uploads\/2022\/05\/1200px-Oscar_Wilde_portrait.jpg\"><img decoding=\"async\" loading=\"lazy\" class=\"aligncenter size-large wp-image-32308\" src=\"http:\/\/granadacostanacional.es\/wp-content\/uploads\/2022\/05\/1200px-Oscar_Wilde_portrait-682x1024.jpg\" alt=\"1200px-Oscar_Wilde_portrait\" width=\"682\" height=\"1024\" \/><\/a><\/p>\n<p style=\"text-align: justify;\">\u00a0\u00a0\u00a0\u00a0\u00a0\u00a0\u00a0\u00a0\u00a0 <strong>Oscar Fingal O\u00b4Flahertie<\/strong>, m\u00e1s conocido por <strong>Oscar Wilde<\/strong>, naci\u00f3 en Dubl\u00edn el d\u00eda 16 de octubre de 1856. Su madre, Jane Elgee, era poetisa y traductora\u00a0 y el padre, arist\u00f3crata, Sir William Wilde, era m\u00e9dico, escritor aficionado y ocultista.<\/p>\n<p style=\"text-align: justify;\">\u00a0\u00a0\u00a0\u00a0\u00a0\u00a0\u00a0\u00a0\u00a0 De 1871 a 1874 se gradu\u00f3 en el Trinity College de Dubl\u00edn, donde obtuvo su primer galard\u00f3n, una medalla de oro, por un ensayo que present\u00f3.<\/p>\n<p style=\"text-align: justify;\">\u00a0\u00a0\u00a0\u00a0\u00a0\u00a0\u00a0\u00a0\u00a0 En 1875 consigui\u00f3 una beca para el Magdalen College de Oxford, consiguiendo las m\u00e1s altas calificaciones y ganando un nuevo premio por su poema <em>Ravenna, <\/em>ya que sus comienzos fueron l\u00edricos<em>.<\/em><\/p>\n<p style=\"text-align: justify;\">\u00a0\u00a0\u00a0\u00a0\u00a0\u00a0\u00a0\u00a0\u00a0 Acabados sus estudios, y residiendo en Londres, se hizo pronto famoso como <em>dandy<\/em>, dictando la moda vestido con calz\u00f3n corto, claveles verdes en el hojal y otras extravagancias. Los <em>dandy<\/em> fueron un grupo de j\u00f3venes pertenecientes a la m\u00e1s alta sociedad brit\u00e1nica del siglo XIX, representados por Beau Brummell, Lord Byron, Oscar Wilde, esp\u00edritu selecto del dandismo, elegante y refinado, y otros m\u00e1s.<\/p>\n<p style=\"text-align: justify;\">\u00a0\u00a0\u00a0\u00a0\u00a0\u00a0\u00a0\u00a0\u00a0 Publicado su primer libro de poemas, <em>Poems<\/em>, le ofrecen dar una serie de conferencias por Estados Unidos durante una gira que realiza entre 1881 y 1882, con un \u00e9xito clamoroso. Se cuenta que cuando los aduaneros le preguntaron si ten\u00eda algo que declarar, <strong>Wilde<\/strong> contest\u00f3: <em>Nada a excepci\u00f3n de mi talento<\/em>.<\/p>\n<p style=\"text-align: justify;\">\u00a0\u00a0\u00a0\u00a0\u00a0\u00a0\u00a0\u00a0\u00a0 De vuelta a Londres, donde se instala, viaja durante unos meses a Par\u00eds donde asimila poses, gestos, actitudes estereotipadas y excentricidades, que le har\u00edan famoso definitivamente, as\u00ed como extravagante.<\/p>\n<p style=\"text-align: justify;\">\u00a0\u00a0\u00a0\u00a0\u00a0\u00a0\u00a0\u00a0\u00a0 Nuevamente en Inglaterra, contin\u00faa dando conferencias. Debido a sus estrecheces econ\u00f3micas se casa, por conveniencia y sin amor, en 1884 con Constante Mary Lloyd y vive rodeado de un lujo y exotismo inusual en aquella \u00e9poca.<\/p>\n<p style=\"text-align: justify;\">\u00a0\u00a0\u00a0\u00a0\u00a0\u00a0\u00a0\u00a0\u00a0 En 1885 le nace su hijo Cyril y un a\u00f1o m\u00e1s tarde su hija Vivian. Ya, por este tiempo, comienzan los primeros rumores sobre sus tendencias homosexuales.<\/p>\n<p style=\"text-align: justify;\"><a href=\"http:\/\/granadacostanacional.es\/wp-content\/uploads\/2022\/05\/oscar-wilde-con-lord-alfred-douglas-alrededor-de-1894-2hbmpjf.jpg\"><img decoding=\"async\" loading=\"lazy\" class=\"aligncenter size-large wp-image-32309\" src=\"http:\/\/granadacostanacional.es\/wp-content\/uploads\/2022\/05\/oscar-wilde-con-lord-alfred-douglas-alrededor-de-1894-2hbmpjf-805x1024.jpg\" alt=\"oscar-wilde-con-lord-alfred-douglas-alrededor-de-1894-2hbmpjf\" width=\"805\" height=\"1024\" \/><\/a><\/p>\n<p style=\"text-align: justify;\">\u00a0\u00a0\u00a0\u00a0\u00a0\u00a0\u00a0\u00a0\u00a0 En 1887 funda y dirige una revista femenina, <em>El mundo de las mujeres,<\/em> ya en prosa, siendo esta la \u00e9poca dorada de su producci\u00f3n literaria. Publica <em>El pr\u00edncipe feliz, El ruise\u00f1or y la rosa, El fantasma de Caterville<\/em> y otros deliciosos cuentos. Y en 1890, <em>El retrato de Dorian Gray,<\/em> su \u00fanica novela y la culminaci\u00f3n de su \u00e9xito literario. Fascinante novela con unos di\u00e1logos plenos de ingenio, fina iron\u00eda y preciosismo, con un sorprendente final. Dicha novela ha sido llevada al cine en varias ocasiones y el paso del tiempo no ha hecho mella en ella y su original argumento. Sigue de plena actualidad.<\/p>\n<p style=\"text-align: justify;\">\u00a0\u00a0\u00a0\u00a0\u00a0\u00a0\u00a0\u00a0\u00a0 Extendida su fama, en Par\u00eds es recibido con todos los honores y all\u00ed escribi\u00f3 el drama en franc\u00e9s <em>Salom\u00e9,<\/em> que interpretar\u00eda la m\u00edtica actriz Sara Bernhardt. Posteriormente se llevar\u00eda tambi\u00e9n a la pantalla y ser\u00eda convertida en una famosa \u00f3pera.<\/p>\n<p style=\"text-align: justify;\">\u00a0\u00a0\u00a0\u00a0\u00a0\u00a0\u00a0\u00a0\u00a0 Le siguen, de \u00e9xito en \u00e9xito, las comedias <em>El abanico de Lady Windermere, Una mujer sin importancia, Un marido ideal, La importancia de llamarse Ernesto<\/em> y el poema <em>La esfinge<\/em>. Comedias cuyas protagonistas son exquisitas y superficiales damas de la alta sociedad, ladies, lores, j\u00f3venes petulantes, adolescentes encantadoras\u2026, rodeado todo ello de un ambiente refinado y culto.<\/p>\n<p style=\"text-align: justify;\">\u00a0\u00a0\u00a0\u00a0\u00a0\u00a0\u00a0\u00a0\u00a0 El p\u00fablico hizo del joven autor su poeta favorito. Su \u00e9xito no ten\u00eda precedente. Pero\u2026<\/p>\n<p style=\"text-align: center;\"><strong>SU AMISTAD CON ALFRED DOUGLAS<\/strong><\/p>\n<p style=\"text-align: justify;\"><strong>\u00a0<\/strong><\/p>\n<p style=\"text-align: justify;\">\u00a0\u00a0\u00a0\u00a0\u00a0\u00a0\u00a0\u00a0\u00a0 En 1891 aparece en la vida de <strong>Oscar Wilde<\/strong> el joven Lord Alfred Douglas, estudiante de veinti\u00fan a\u00f1os, caprichoso y ego\u00edsta, con quien el escritor termin\u00f3 teniendo una \u00edntima relaci\u00f3n que ser\u00eda la causa de su ca\u00edda moral, econ\u00f3mica, social y profesional. Tal es el enamoramiento que siente hacia este joven que en 1894 se escapa con su amado a Argelia, abandonando el hogar familiar, su posici\u00f3n social y su prestigio como escritor, llevando una vida de placer y despilfarro satisfaciendo los caprichos y exigencias de Alfred.<\/p>\n<p style=\"text-align: justify;\">\u00a0\u00a0\u00a0\u00a0\u00a0\u00a0\u00a0\u00a0\u00a0 El marqu\u00e9s de Queensberry, padre del muchacho, lo acus\u00f3 de sodomita y lo denunci\u00f3 ante los tribunales, abri\u00e9ndosele un proceso que, una vez ganado por el arist\u00f3crata, el escritor es condenado a dos a\u00f1os de trabajos forzados, condena vejatoria y humillante, \u00a0por haber cometido actos homosexuales con un menor del sexo masculino.<\/p>\n<p style=\"text-align: justify;\">\u00a0\u00a0\u00a0\u00a0\u00a0\u00a0\u00a0\u00a0\u00a0 A partir de aqu\u00ed, todo el mundo le volvi\u00f3 la espalda, la sociedad inglesa se alz\u00f3 escandalizada, se retiraron sus obras de los teatros y su mujer e hijos hubieron de refugiarse en el extranjero y cambiar su apellido por el de Holland.<\/p>\n<p style=\"text-align: justify;\">\u00a0\u00a0\u00a0\u00a0\u00a0\u00a0\u00a0\u00a0\u00a0 Ya en prisi\u00f3n, y declarado en bancarrota, recibe la noticia de la muerte de su madre, llen\u00e1ndolo de gran tristeza.<\/p>\n<p style=\"text-align: justify;\"><a href=\"http:\/\/granadacostanacional.es\/wp-content\/uploads\/2022\/05\/1-El-retrato-de-Dorian-Gray-autor-Oscar-wilde.jpg\"><img decoding=\"async\" loading=\"lazy\" class=\"aligncenter size-full wp-image-32310\" src=\"http:\/\/granadacostanacional.es\/wp-content\/uploads\/2022\/05\/1-El-retrato-de-Dorian-Gray-autor-Oscar-wilde.jpg\" alt=\"1-El-retrato-de-Dorian-Gray-autor-Oscar-wilde\" width=\"300\" height=\"450\" \/><\/a><\/p>\n<p style=\"text-align: justify;\">\u00a0\u00a0\u00a0\u00a0\u00a0\u00a0\u00a0\u00a0\u00a0\u00a0 Durante su estancia en la c\u00e1rcel de Reading escribir\u00eda la famosa carta de reproche a su amado Alfred, que tambi\u00e9n lo abandonar\u00eda, <em>Balada de la c\u00e1rcel de Reading, <\/em>conocida como <em>De Profundis,<\/em> autobiograf\u00eda y cenit de la inspiraci\u00f3n del poeta que sufri\u00f3 en sus carnes y en su esp\u00edritu el esc\u00e1ndalo, la verg\u00fcenza de un terrible proceso, la m\u00e1s ignominiosa condena, el mayor de los desprecios de los hombres y toda clase de burlas.<\/p>\n<p style=\"text-align: justify;\">\u00a0\u00a0\u00a0\u00a0\u00a0\u00a0\u00a0\u00a0\u00a0 Incapaz de resignarse, pens\u00f3 incluso en el suicidio. Pero el poeta, arrepentido de su vida anterior disipada, cree que las penas sufridas en prisi\u00f3n servir\u00e1n para reconstruir una nueva existencia, originar nuevas obras y acallar a los murmuradores. Y as\u00ed naci\u00f3 su famoso <em>De Profundis, <\/em>una prosa libre de preciosismo, mostrando el m\u00e1s \u00edntimo esp\u00edritu del poeta, un grito de dolor<em>.<\/em><\/p>\n<p style=\"text-align: justify;\"><em>\u00a0<\/em><\/p>\n<p style=\"text-align: center;\"><em>\u2026 sin embargo, no lamento haberte amado -\u00a1ah, qu\u00e9 m\u00e1s<\/em><\/p>\n<p style=\"text-align: center;\"><em>pod\u00eda hacer un muchacho,<\/em><\/p>\n<p style=\"text-align: center;\"><em>cuando el diente del tiempo devora y los silenciosos<\/em><\/p>\n<p style=\"text-align: center;\"><em>a\u00f1os persiguen!<\/em><\/p>\n<p style=\"text-align: center;\"><em>\u00a0<\/em><\/p>\n<p style=\"text-align: center;\"><em>\u00a1Ah!, qu\u00e9 m\u00e1s pod\u00eda hacer sino amarte; a\u00fan<\/em><\/p>\n<p style=\"text-align: center;\"><em>la madre de Dios me era menos querida,<\/em><\/p>\n<p style=\"text-align: center;\"><em>y menos querida la elevaci\u00f3n cit\u00e9rea desde el mar<\/em><\/p>\n<p style=\"text-align: center;\"><em>como un lirio arg\u00e9nteo.<\/em><\/p>\n<p style=\"text-align: center;\"><em>\u00a0<\/em><\/p>\n<p style=\"text-align: center;\"><em>He elegido, he vivido mis poemas y, aunque<\/em><\/p>\n<p style=\"text-align: center;\"><em>la juventud se fuera en d\u00edas perdidos,<\/em><\/p>\n<p style=\"text-align: center;\"><em>hall\u00e9 mejor la corona de mirto del amante<\/em><\/p>\n<p style=\"text-align: center;\"><em>que la de laurel del poeta.<\/em><\/p>\n<p style=\"text-align: justify;\"><em>\u00a0<\/em><\/p>\n<p style=\"text-align: justify;\"><em>\u00a0<\/em><\/p>\n<p style=\"text-align: center;\"><strong>EL FINAL<\/strong><\/p>\n<p style=\"text-align: justify;\"><strong>\u00a0<\/strong><\/p>\n<p style=\"text-align: justify;\">\u00a0\u00a0\u00a0\u00a0\u00a0\u00a0\u00a0\u00a0\u00a0 Una vez cumplida su condena, sale de la prisi\u00f3n de Reading, en 1897, arruinado por completo, pues sus acreedores hab\u00edan subastado sus bienes y el editor retir\u00f3 sus libros de la circulaci\u00f3n, y sin que nadie se acordase de \u00e9l.<\/p>\n<p style=\"text-align: justify;\">\u00a0\u00a0\u00a0\u00a0\u00a0\u00a0\u00a0\u00a0\u00a0 <strong>Wilde<\/strong>, agotado por los sufrimientos y en la miseria, se propone empezar una nueva vida en Francia bajo el nombre de Sebastian Melmoth. Deambula una temporada por N\u00e1poles, malviviendo, y tiene un \u00faltimo encuentro con su caprichoso amado Alfred que, habi\u00e9ndose olvidado del poeta, ya no lo ver\u00eda m\u00e1s.<\/p>\n<p style=\"text-align: justify;\">\u00a0\u00a0\u00a0\u00a0\u00a0\u00a0\u00a0\u00a0 En 1898 su mujer fallece, dicen que a causa de los disgustos, mientras el poeta llevaba una vida miserable, llena de privaciones, en un modesto cuarto del hotel d\u00b4Alsace de Par\u00eds, su talento apagado y envuelto en alcohol y morfina.<\/p>\n<p style=\"text-align: justify;\">\u00a0\u00a0\u00a0\u00a0\u00a0\u00a0\u00a0\u00a0\u00a0 Muy enfermo y sometido a una operaci\u00f3n, el 30 de noviembre de 1909, muere a causa de una meningitis complicada con una otitis aguda, solo y abandonado, el que fuera otrora escritor de moda admirado y mimado por la alta sociedad londinense.<\/p>\n<p style=\"text-align: justify;\">\u00a0\u00a0\u00a0\u00a0\u00a0\u00a0\u00a0\u00a0\u00a0 Fue enterrado el 3 de diciembre en el cementerio de Bagneaux.<\/p>\n<p style=\"text-align: justify;\">\u00a0Una vez rehabilitado, colmado de honores a t\u00edtulo p\u00f3stumo, levantado estatuas y monumentos en su honor, dando su nombre a instituciones, teatros, asociaciones, etc., y considerado como gloria de los escritores universales, sus restos fueron trasladados al c\u00e9lebre cementerio de artistas P\u00e8re Lachaise.<\/p>\n<p style=\"text-align: justify;\"><em>\u00a0<\/em><\/p>\n<p style=\"text-align: center;\"><em>Dentro de este inquieto, apresurado y moderno mundo,<\/em><\/p>\n<p style=\"text-align: center;\"><em>arrancamos todo el placer de nuestros corazones, t\u00fa y yo.<\/em><\/p>\n<p style=\"text-align: center;\"><em>Ahora, las blancas velas de nuestra nave ondean firmes,<\/em><\/p>\n<p style=\"text-align: center;\"><em>pero ha pasado el momento del embarque.<\/em><\/p>\n<p style=\"text-align: center;\"><em>\u00a0<\/em><\/p>\n<p style=\"text-align: center;\"><em>Mis mejillas se han marchitado antes de tiempo.<\/em><\/p>\n<p style=\"text-align: center;\"><em>Tanto fue el llanto que la alegr\u00eda ha huido de m\u00ed,<\/em><\/p>\n<p style=\"text-align: center;\"><em>el dolor ha pintado de blanco mis labios,<\/em><\/p>\n<p style=\"text-align: center;\"><em>y la Ruina baila en las cortinas de mi lecho.<\/em><\/p>\n<p style=\"text-align: center;\"><em>\u00a0<\/em><\/p>\n<p style=\"text-align: center;\"><em>Pero toda esta tumultuosa vida ha sido para ti<\/em><\/p>\n<p style=\"text-align: center;\"><em>no m\u00e1s que una lira, un luto,<\/em><\/p>\n<p style=\"text-align: center;\"><em>un sutil hechizo musical,<\/em><\/p>\n<p style=\"text-align: center;\"><em>o tal vez la melod\u00eda de un oc\u00e9ano que duerme,<\/em><\/p>\n<p style=\"text-align: center;\"><em>la repetici\u00f3n de un eco.<\/em><\/p>\n<p style=\"text-align: justify;\"><em>\u00a0<\/em><\/p>\n<p style=\"text-align: center;\"><strong>REY DE LA PARADOJA Y LA FINA IRON\u00cdA<\/strong><\/p>\n<p style=\"text-align: justify;\"><strong>\u00a0<\/strong><\/p>\n<p style=\"text-align: justify;\">\u00a0\u00a0\u00a0\u00a0\u00a0\u00a0\u00a0\u00a0\u00a0 De <strong>Oscar Wilde<\/strong> puede decirse que es el rey de la paradoja, de la fina iron\u00eda, de unas expresiones sorprendentes, exc\u00e9ntricas y deliberadamente chocantes, sutileza intelectual y esp\u00edritu de contradicci\u00f3n enmarcado dentro de un lenguaje, modo de vivir y sentir preciosista.<\/p>\n<p style=\"text-align: justify;\">\u00a0\u00a0\u00a0\u00a0\u00a0\u00a0\u00a0\u00a0\u00a0 He aqu\u00ed algunas de las frases suyas que he seleccionado y que, incluso hoy d\u00eda, a\u00fan se repiten\u2026 al menos entre los que le\u00edmos sus obras y, en mi caso, las releemos, pues es mi escritor preferido y <em>El retrato de Dorian Gray<\/em> me sigue encantando.<\/p>\n<p style=\"text-align: justify;\">&#8211;<em>El mundo es un teatro, pero la obra est\u00e1 p\u00e9simamente representada.<\/em><\/p>\n<p style=\"text-align: justify;\"><em>-La \u00fanica forma de librarse de la tentaci\u00f3n es caer en ella.<\/em><\/p>\n<p style=\"text-align: justify;\"><em>-\u00a1La naturalidad es una pose tan dif\u00edcil de mantener!<\/em><\/p>\n<p style=\"text-align: justify;\"><em>-Me gusta hablarle a la pared, es el \u00fanico oyente que jam\u00e1s me contradice.<\/em><\/p>\n<p style=\"text-align: justify;\"><em>-Las preguntas nunca son indiscretas. Las respuestas lo son a veces.<\/em><\/p>\n<p style=\"text-align: justify;\"><em>-Amarse a s\u00ed mismo es el comienzo de un idilio que durar\u00e1 toda la vida.<\/em><\/p>\n<p style=\"text-align: justify;\"><em>-Todos vivimos en el cieno, pero algunos levantan los ojos hacia las estrellas.<\/em><\/p>\n<p style=\"text-align: justify;\"><em>-Todos los caminos conducen a lo mismo\u2026 a la desilusi\u00f3n.<\/em><\/p>\n<p style=\"text-align: justify;\"><em>-No hacer nada es lo m\u00e1s dif\u00edcil de este mundo, lo m\u00e1s dif\u00edcil y lo m\u00e1s intelectual. <\/em><\/p>\n<p style=\"text-align: justify;\"><em>-No tiene un solo vicio que lo redima.<\/em><\/p>\n<p style=\"text-align: justify;\"><em>-El \u00fanico pecado que existe es la estupidez.<\/em><\/p>\n<p style=\"text-align: justify;\"><em>-Solo hay una cosa en el mundo peor que estar en boca de los dem\u00e1s, y es no estar en boca de nadie.<\/em><\/p>\n<p style=\"text-align: justify;\">\u00a0\u00a0\u00a0\u00a0\u00a0\u00a0\u00a0\u00a0\u00a0 Una vez acabado de escribir este art\u00edculo para el peri\u00f3dico Granada Costa, me dispongo a leer por en\u00e9sima vez <em>El retrato de Dorian Gray<\/em><\/p>\n<p style=\"text-align: center;\">Y semejante al Dorian Gray del cuadro,<\/p>\n<p style=\"text-align: center;\">las arrugas del alma, cicatrices del tiempo,<\/p>\n<p style=\"text-align: center;\">asoman implacables ante m\u00ed,<\/p>\n<p style=\"text-align: center;\">como surcos profundos de una tierra desolada,<\/p>\n<p style=\"text-align: center;\">mir\u00e1ndome con un rictus de amargura\u2026<\/p>\n<p style=\"text-align: center;\">(de mi poema <em>Ante el espejo<\/em>, de Roquedal Azul)<\/p>\n<p style=\"text-align: justify;\"><em>\u00a0<\/em><\/p>\n<p style=\"text-align: justify;\">Vuestra amiga Carmen Carrasco<\/p>\n<p style=\"text-align: justify;\"><em>\u00a0<\/em><\/p>\n","protected":false},"excerpt":{"rendered":"<p>No deploro ni un solo instante de los que he dedicado al placer. Lo hice plenamente, como debemos hacer todo&hellip;<\/p>\n","protected":false},"author":2,"featured_media":25356,"comment_status":"open","ping_status":"open","sticky":false,"template":"","format":"standard","meta":{"om_disable_all_campaigns":false,"_mi_skip_tracking":false,"_monsterinsights_sitenote_active":false,"_monsterinsights_sitenote_note":"","_monsterinsights_sitenote_category":0,"footnotes":""},"categories":[21,30],"tags":[],"aioseo_notices":[],"_links":{"self":[{"href":"https:\/\/granadacostaglobal.es\/index.php?rest_route=\/wp\/v2\/posts\/32302"}],"collection":[{"href":"https:\/\/granadacostaglobal.es\/index.php?rest_route=\/wp\/v2\/posts"}],"about":[{"href":"https:\/\/granadacostaglobal.es\/index.php?rest_route=\/wp\/v2\/types\/post"}],"author":[{"embeddable":true,"href":"https:\/\/granadacostaglobal.es\/index.php?rest_route=\/wp\/v2\/users\/2"}],"replies":[{"embeddable":true,"href":"https:\/\/granadacostaglobal.es\/index.php?rest_route=%2Fwp%2Fv2%2Fcomments&post=32302"}],"version-history":[{"count":0,"href":"https:\/\/granadacostaglobal.es\/index.php?rest_route=\/wp\/v2\/posts\/32302\/revisions"}],"wp:featuredmedia":[{"embeddable":true,"href":"https:\/\/granadacostaglobal.es\/index.php?rest_route=\/"}],"wp:attachment":[{"href":"https:\/\/granadacostaglobal.es\/index.php?rest_route=%2Fwp%2Fv2%2Fmedia&parent=32302"}],"wp:term":[{"taxonomy":"category","embeddable":true,"href":"https:\/\/granadacostaglobal.es\/index.php?rest_route=%2Fwp%2Fv2%2Fcategories&post=32302"},{"taxonomy":"post_tag","embeddable":true,"href":"https:\/\/granadacostaglobal.es\/index.php?rest_route=%2Fwp%2Fv2%2Ftags&post=32302"}],"curies":[{"name":"wp","href":"https:\/\/api.w.org\/{rel}","templated":true}]}}