{"id":32286,"date":"2022-05-26T14:21:15","date_gmt":"2022-05-26T13:21:15","guid":{"rendered":"http:\/\/granadacostanacional.es\/?p=32286"},"modified":"2022-05-26T14:21:15","modified_gmt":"2022-05-26T13:21:15","slug":"xv-congreso-internacional-fapmi1-caminando-en-el-buen-trato","status":"publish","type":"post","link":"https:\/\/granadacostaglobal.es\/?p=32286","title":{"rendered":"XV CONGRESO INTERNACIONAL FAPMI1 &#8220;CAMINANDO EN EL BUEN TRATO&#8221;"},"content":{"rendered":"<p>&nbsp;<\/p>\n<p style=\"text-align: justify;\">Los d\u00edas 5, 6 y 7 de mayo tuvo lugar, en Santiago de Compostela, el XV CONGRESO INTERNACIONAL FAPMI1 &#8220;CAMINANDO EN EL BUEN TRATO&#8221;. Previamente, el d\u00eda 4, se realiz\u00f3 conjuntamente con EDUCO2, el Seminario Internacional ECPAT3 sobre trata de ni\u00f1as y ni\u00f1os con fines de explotaci\u00f3n sexual: \u201cTejiendo redes seguras para la infancia en Bolivia y Espa\u00f1a\u201d.<\/p>\n<p style=\"text-align: justify;\">El seminario ECPAT estuvo centrado en el problema de la trata de personas. La trata de personas es un grave delito y una grave violaci\u00f3n de los Derechos Humanos. Cada a\u00f1o, miles de mujeres, ni\u00f1as, hombres y ni\u00f1os caen en manos de tratantes tanto en sus pa\u00edses de origen, como en el extranjero. Todos los pa\u00edses del mundo est\u00e1n afectados por esta terrible lacra social, ya sea como pa\u00edses de origen, tr\u00e1nsito o destino de las v\u00edctimas. Recientemente, a raiz de la guerra en Ucrania, se han detectado mafias que traficaban con ni\u00f1os, ni\u00f1as y mujeres que hu\u00edan del horror de la guerra. Lamentablemente este hecho no solo se ha dado en Ucrania sino que se da en todas las situaciones de guerra. Tambi\u00e9n podemos verlo en migraciones econ\u00f3micas como es el caso de la &#8220;desaparici\u00f3n&#8221; de menores que intentaban pasar la frontera sur de USA, o el tr\u00e1fico sexual al que son sometidos, no solo estos menores sino tambi\u00e9n mujeres. Otro grave problema son las violaciones sistem\u00e1ticas de mujeres ni\u00f1as y ni\u00f1os como arma de guerra.<\/p>\n<p style=\"text-align: justify;\">A pesar de los evidentes avances que se han venido llevando a cabo, a\u00fan queda mucho por recorrer en el camino hacia la erradicaci\u00f3n de esta terrible forma de violencia. El Seminario se configur\u00f3 como un espacio de encuentro entre todas las personas involucradas en la prevenci\u00f3n y detecci\u00f3n de la trata de ni\u00f1os, ni\u00f1as y adolescentes con fines de explotaci\u00f3n sexual desde una doble perspectiva: el compromiso con su erradicaci\u00f3n y la implementaci\u00f3n de dicho compromiso a trav\u00e9s de iniciativas de \u00e9xito contrastadas, principalmente resultantes de la implementaci\u00f3n del Programa PROTEJERES \u2013 Tejiendo Redes Seguras en Bolivia, y en base a las aportaciones cient\u00edficas de la investigaci\u00f3n sobre esta problem\u00e1tica.<\/p>\n<p style=\"text-align: justify;\">La organizaci\u00f3n del XV Congreso Internacional de FAPMI, fue todo un reto. Un reto que fuera presencial (aunque tambi\u00e9n pod\u00eda ser seguido por streeming) despu\u00e9s del par\u00f3n derivado por los efectos de la pandemia y en un momento de cierta crisis social. Tanto la organizaci\u00f3n como las personas que tradicionalmente acuden a esta cita bienal estaban pidiendo que esta edici\u00f3n viese por fin la luz. As\u00ed que, tras casi cuatro a\u00f1os, se pudo celebrar este Congreso que ten\u00eda como lema: \u201cCaminando en el Buen Trato, consolidando modelos de protecci\u00f3n\u201d. El concepto de BUEN TRATO, no es un concepto nuevo, aunque recientemente ha sido incorporado a la nueva ley org\u00e1nica de protecci\u00f3n integral a la infancia y a la adolescencia frente a la Violencia del 8\/2021. Tanto la Federaci\u00f3n como las asociaciones que forman parte de ella, as\u00ed como otros muchos profesionales , hace muchos a\u00f1os que est\u00e1n trabajando en el modelo del BUEN TRATO, como la mejor forma de prevenir y erradicar la violencia contra la infancia y la adolescencia. El BUEN TRATO es una forma de poder ayudar tanto a los ni\u00f1os, ni\u00f1as y adolescentes como a sus familias, d\u00e1ndoles instrumentos para poder mejorar las relaciones familiares y convertirlas en relaciones de empoderamiento para todos sus miembros.<\/p>\n<p style=\"text-align: justify;\"><a href=\"http:\/\/granadacostanacional.es\/wp-content\/uploads\/2022\/05\/IMG-8232.jpg\"><img decoding=\"async\" loading=\"lazy\" class=\"alignnone size-medium wp-image-32288 alignleft\" src=\"http:\/\/granadacostanacional.es\/wp-content\/uploads\/2022\/05\/IMG-8232-300x245.jpg\" alt=\"IMG-8232\" width=\"300\" height=\"245\" \/><\/a>Cuando hablamos de BUEN TRATO tambi\u00e9n hablamos de PARENTALIDAD POSITIVA. La PARENTALIDAD POSITIVA se centra b\u00e1sicamente en la capacidad de los miembros de la unidad familiar para quererse de manera incondicional, respetando las diferencias individuales de cada uno de sus miembros. Para ello es preciso conocer las necesidades de los hijos e hijas en funci\u00f3n de cada la etapa evolutiva. Poner en pr\u00e1ctica una disciplina positiva, ayudando a desarrollar el autocontrol, porque esto va a mejorar tanto los aspectos psicoemocionales como la socializaci\u00f3n del menor y a proporcionarle madurez y una personalidad emp\u00e1tica y asertiva. Adem\u00e1s le va a dar mayor capacidad para desarrollar la inteligencia emocional y la funci\u00f3n reflexiva. Por ese motivo se decidi\u00f3 que este ten\u00eda que ser el lema del Congreso, porque el buen trato no debe verse como un destino o una meta, sino como una realidad a trabajar. El tema no es llegar, sino hacer el camino.<\/p>\n<p style=\"text-align: justify;\">Diferentes ponencias del Congreso trabajaron un amplio espectro de temas relacionados con la infancia y adolescencia: salud mental y su prevenci\u00f3n, medios de comunicaci\u00f3n, discapacidad intelectual y del desarrollo, procesos de transici\u00f3n a la salida de menores del sistema de protecci\u00f3n, los medios de comunicaci\u00f3n, la explotaci\u00f3n sexual de ni\u00f1os y ni\u00f1as, buenas pr\u00e1cticas en el \u00e1mbito educativo, violencia sexual, LGTBI, ni\u00f1os y ni\u00f1as migrantes, protecci\u00f3n de la infancia en el \u00e1mbito deportivo, divorcios conflictivos, entre otras ponencias.<\/p>\n<p style=\"text-align: justify;\">Destacamos la ponencia de Vicente Mora sobre: &#8220;Buenas pr\u00e1cticas en rupturas conflictivas&#8221;. Vicente Mora explico el documento de ACIM: &#8220;La Vulneraci\u00f3n de los Derechos de la Infancia en las Rupturas Conflictivas de Pareja. Gu\u00eda pr\u00e1ctica&#8221;. Dicha gu\u00eda plantea la necesidad de que los diversos colectivos profesionales que en diferentes momentos, lo largo del proceso, pueden verse implicados en estos conflictos al largo del proceso, incrementen su consciencia en cuanto a que toda actuaci\u00f3n que tengan en estas situaciones debe estar guiada de manera inexcusable por el inter\u00e9s superior del ni\u00f1o\/a o adolescente. Asimismo, es necesario que los diferentes colectivos profesionales que en diversos momentos pueden verse implicados en estos conflictos a lo largo de todo el proceso, incrementen su conciencia en cuanto a que toda actuaci\u00f3n que hagan en estas situaciones debe estar guiada de manera inexcusable por el inter\u00e9s superior del ni\u00f1o o adolescente.<\/p>\n<p style=\"text-align: justify;\">Estas fueron unas jornadas muy importantes, y tenemos el firme proposito de que se puedan volver a repetir en dos a\u00f1os, si la COVID no lo impiden.<\/p>\n<p style=\"text-align: justify;\">Dra. Carme Tello Casany<\/p>\n<p style=\"text-align: justify;\">Psic\u00f3loga cl\u00ednica<\/p>\n<p style=\"text-align: justify;\">Presidenta de la Associaci\u00f3 Catalana per la Inf\u00e0ncia Maltractada ACIM<\/p>\n<p style=\"text-align: justify;\">Presidenta de la FAPMI<\/p>\n<p style=\"text-align: justify;\">Previamente, el d\u00eda 4, se realiz\u00f3 conjuntamente con EDUCO2, el Seminario Internacional ECPAT3 sobre trata de ni\u00f1as y ni\u00f1os con fines de explotaci\u00f3n sexual: \u201cTejiendo redes seguras para la infancia en Bolivia y Espa\u00f1a\u201d.<\/p>\n<p style=\"text-align: justify;\">El seminario ECPAT estuvo centrado en el problema de la trata de personas. La trata de personas es un grave delito y una grave violaci\u00f3n de los Derechos Humanos. Cada a\u00f1o, miles de mujeres, ni\u00f1as, hombres y ni\u00f1os caen en manos de tratantes tanto en sus pa\u00edses de origen, como en el extranjero. Todos los pa\u00edses del mundo est\u00e1n afectados por esta terrible lacra social, ya sea como pa\u00edses de origen, tr\u00e1nsito o destino de las v\u00edctimas. Recientemente, a raiz de la guerra en Ucrania, se han detectado mafias que traficaban con ni\u00f1os, ni\u00f1as y mujeres que hu\u00edan del horror de la guerra. Lamentablemente este hecho no solo se ha dado en Ucrania sino que se da en todas las situaciones de guerra. Tambi\u00e9n podemos verlo en migraciones econ\u00f3micas como es el caso de la &#8220;desaparici\u00f3n&#8221; de menores que intentaban pasar la frontera sur de USA, o el tr\u00e1fico sexual al que son sometidos, no solo estos menores sino tambi\u00e9n mujeres. Otro grave problema son las violaciones sistem\u00e1ticas de mujeres ni\u00f1as y ni\u00f1os como arma de guerra.<\/p>\n<p style=\"text-align: justify;\">A pesar de los evidentes avances que se han venido llevando a cabo, a\u00fan queda mucho por recorrer en el camino hacia la erradicaci\u00f3n de esta terrible forma de violencia. El Seminario se configur\u00f3 como un espacio de encuentro entre todas las personas involucradas en la prevenci\u00f3n y detecci\u00f3n de la trata de ni\u00f1os, ni\u00f1as y adolescentes con fines de explotaci\u00f3n sexual desde una doble perspectiva: el compromiso con su erradicaci\u00f3n y la implementaci\u00f3n de dicho compromiso a trav\u00e9s de iniciativas de \u00e9xito contrastadas, principalmente resultantes de la implementaci\u00f3n del Programa PROTEJERES \u2013 Tejiendo Redes Seguras en Bolivia, y en base a las aportaciones cient\u00edficas de la investigaci\u00f3n sobre esta problem\u00e1tica.<\/p>\n<p style=\"text-align: justify;\">La organizaci\u00f3n del XV Congreso Internacional de FAPMI, fue todo un reto. Un reto que fuera presencial (aunque tambi\u00e9n pod\u00eda ser seguido por streeming) despu\u00e9s del par\u00f3n derivado por los efectos de la pandemia y en un momento de cierta crisis social.<\/p>\n<p style=\"text-align: justify;\">Tanto la organizaci\u00f3n como las personas que tradicionalmente acuden a esta cita bienal estaban pidi<a href=\"http:\/\/granadacostanacional.es\/wp-content\/uploads\/2022\/05\/251b8375-771b-4889-b56e-d8c1761ce5ba.jpg\"><img decoding=\"async\" loading=\"lazy\" class=\"alignnone size-medium wp-image-32287 alignleft\" src=\"http:\/\/granadacostanacional.es\/wp-content\/uploads\/2022\/05\/251b8375-771b-4889-b56e-d8c1761ce5ba-300x224.jpg\" alt=\"251b8375-771b-4889-b56e-d8c1761ce5ba\" width=\"300\" height=\"224\" \/><\/a>endo que esta edici\u00f3n viese por fin la luz. As\u00ed que, tras casi cuatro a\u00f1os, se pudo celebrar este Congreso que ten\u00eda como lema: \u201cCaminando en el Buen Trato, consolidando modelos de protecci\u00f3n\u201d. El concepto de BUEN TRATO, no es un concepto nuevo, aunque recientemente ha sido incorporado a la nueva ley org\u00e1nica de protecci\u00f3n integral a la infancia y a la adolescencia frente a la Violencia del 8\/2021. Tanto la Federaci\u00f3n como las asociaciones que forman parte de ella, as\u00ed como otros muchos profesionales , hace muchos a\u00f1os que est\u00e1n trabajando en el modelo del BUEN TRATO, como la mejor forma de prevenir y erradicar la violencia contra la infancia y la adolescencia. El BUEN TRATO es una forma de poder ayudar tanto a los ni\u00f1os, ni\u00f1as y adolescentes como a sus familias, d\u00e1ndoles instrumentos para poder mejorar las relaciones familiares y convertirlas en relaciones de empoderamiento para todos sus miembros.<\/p>\n<p style=\"text-align: justify;\">Cuando hablamos de BUEN TRATO tambi\u00e9n hablamos de PARENTALIDAD POSITIVA. La PARENTALIDAD POSITIVA se centra b\u00e1sicamente en la capacidad de los miembros de la unidad familiar para quererse de manera incondicional, respetando las diferencias individuales de cada uno de sus miembros. Para ello es preciso conocer las necesidades de los hijos e hijas en funci\u00f3n de cada la etapa evolutiva. Poner en pr\u00e1ctica una disciplina positiva, ayudando a desarrollar el autocontrol, porque esto va a mejorar tanto los aspectos psicoemocionales como la socializaci\u00f3n del menor y a proporcionarle madurez y una personalidad emp\u00e1tica y asertiva. Adem\u00e1s le va a dar mayor capacidad para desarrollar la inteligencia emocional y la funci\u00f3n reflexiva. Por ese motivo se decidi\u00f3 que este ten\u00eda que ser el lema del Congreso, porque el buen trato no debe verse como un destino o una meta, sino como una realidad a trabajar. El tema no es llegar, sino hacer el camino.<\/p>\n<p style=\"text-align: justify;\">Diferentes ponencias del Congreso trabajaron un amplio espectro de temas relacionados con la infancia y adolescencia: salud mental y su prevenci\u00f3n, medios de comunicaci\u00f3n, discapacidad intelectual y del desarrollo, procesos de transici\u00f3n a la salida de menores del sistema de protecci\u00f3n, los medios de comunicaci\u00f3n, la explotaci\u00f3n sexual de ni\u00f1os y ni\u00f1as, buenas pr\u00e1cticas en el \u00e1mbito educativo, violencia sexual, LGTBI, ni\u00f1os y ni\u00f1as migrantes, protecci\u00f3n de la infancia en el \u00e1mbito deportivo, divorcios conflictivos, entre otras ponencias.<\/p>\n<p style=\"text-align: justify;\">Destacamos la ponencia de Vicente Mora sobre: &#8220;Buenas pr\u00e1cticas en rupturas conflictivas&#8221;. Vicente Mora explico el documento de ACIM: &#8220;La Vulneraci\u00f3n de los Derechos de la Infancia en las Rupturas Conflictivas de Pareja. Gu\u00eda pr\u00e1ctica&#8221;. Dicha gu\u00eda plantea la necesidad de que los diversos colectivos profesionales que en diferentes momentos, lo largo del proceso, pueden verse implicados en estos conflictos al largo del proceso, incrementen su consciencia en cuanto a que toda actuaci\u00f3n que tengan en estas situaciones debe estar guiada de manera inexcusable por el inter\u00e9s superior del ni\u00f1o\/a o adolescente. Asimismo, es necesario que los diferentes colectivos profesionales que en diversos momentos pueden verse implicados en estos conflictos a lo largo de todo el proceso, incrementen su conciencia en cuanto a que toda actuaci\u00f3n que hagan en estas situaciones debe estar guiada de manera inexcusable por el inter\u00e9s superior del ni\u00f1o o adolescente.<\/p>\n<p style=\"text-align: justify;\">Estas fueron unas jornadas muy importantes, y tenemos el firme proposito de que se puedan volver a repetir en dos a\u00f1os, si la COVID no lo impiden.<\/p>\n<p style=\"text-align: justify;\">Dra. Carme Tello Casany<\/p>\n<p style=\"text-align: justify;\">Psic\u00f3loga cl\u00ednica<\/p>\n<p style=\"text-align: justify;\">Presidenta de la Associaci\u00f3 Catalana per la Inf\u00e0ncia Maltractada ACIM<\/p>\n<p style=\"text-align: justify;\">Presidenta de la FAPMI<\/p>\n","protected":false},"excerpt":{"rendered":"<p>&nbsp; Los d\u00edas 5, 6 y 7 de mayo tuvo lugar, en Santiago de Compostela, el XV CONGRESO INTERNACIONAL FAPMI1&hellip;<\/p>\n","protected":false},"author":4,"featured_media":32289,"comment_status":"open","ping_status":"open","sticky":false,"template":"","format":"standard","meta":{"om_disable_all_campaigns":false,"_mi_skip_tracking":false,"_monsterinsights_sitenote_active":false,"_monsterinsights_sitenote_note":"","_monsterinsights_sitenote_category":0,"footnotes":""},"categories":[25,21,35,22,19,30],"tags":[],"aioseo_notices":[],"_links":{"self":[{"href":"https:\/\/granadacostaglobal.es\/index.php?rest_route=\/wp\/v2\/posts\/32286"}],"collection":[{"href":"https:\/\/granadacostaglobal.es\/index.php?rest_route=\/wp\/v2\/posts"}],"about":[{"href":"https:\/\/granadacostaglobal.es\/index.php?rest_route=\/wp\/v2\/types\/post"}],"author":[{"embeddable":true,"href":"https:\/\/granadacostaglobal.es\/index.php?rest_route=\/wp\/v2\/users\/4"}],"replies":[{"embeddable":true,"href":"https:\/\/granadacostaglobal.es\/index.php?rest_route=%2Fwp%2Fv2%2Fcomments&post=32286"}],"version-history":[{"count":0,"href":"https:\/\/granadacostaglobal.es\/index.php?rest_route=\/wp\/v2\/posts\/32286\/revisions"}],"wp:featuredmedia":[{"embeddable":true,"href":"https:\/\/granadacostaglobal.es\/index.php?rest_route=\/"}],"wp:attachment":[{"href":"https:\/\/granadacostaglobal.es\/index.php?rest_route=%2Fwp%2Fv2%2Fmedia&parent=32286"}],"wp:term":[{"taxonomy":"category","embeddable":true,"href":"https:\/\/granadacostaglobal.es\/index.php?rest_route=%2Fwp%2Fv2%2Fcategories&post=32286"},{"taxonomy":"post_tag","embeddable":true,"href":"https:\/\/granadacostaglobal.es\/index.php?rest_route=%2Fwp%2Fv2%2Ftags&post=32286"}],"curies":[{"name":"wp","href":"https:\/\/api.w.org\/{rel}","templated":true}]}}