{"id":32262,"date":"2022-05-25T09:24:27","date_gmt":"2022-05-25T08:24:27","guid":{"rendered":"http:\/\/granadacostanacional.es\/?p=32262"},"modified":"2022-05-25T09:24:27","modified_gmt":"2022-05-25T08:24:27","slug":"dia-mundial-sin-tabaco-2022","status":"publish","type":"post","link":"https:\/\/granadacostaglobal.es\/?p=32262","title":{"rendered":"D\u00eda Mundial Sin Tabaco 2022"},"content":{"rendered":"<p style=\"text-align: center;\"><a href=\"http:\/\/granadacostanacional.es\/wp-content\/uploads\/2022\/05\/diaa.jpg\"><img decoding=\"async\" loading=\"lazy\" class=\"alignnone size-full wp-image-32263\" src=\"http:\/\/granadacostanacional.es\/wp-content\/uploads\/2022\/05\/diaa.jpg\" alt=\"diaa\" width=\"275\" height=\"183\" \/><\/a><\/p>\n<p style=\"text-align: justify;\">Bajo el lema: &#8220;El tabaco envenena nuestro Planeta y el impacto ambiental&#8221; se centra la campa\u00f1a de sensibilizaci\u00f3n del\u00a0D\u00eda Mundial Sin Tabaco 2022. Desde el Colegio Oficial de Pedagog\u00eda de Catalu\u00f1a nos sum<a href=\"http:\/\/granadacostanacional.es\/wp-content\/uploads\/2022\/05\/diaaa.jpg\"><img decoding=\"async\" loading=\"lazy\" class=\"alignnone size-full wp-image-32264 alignleft\" src=\"http:\/\/granadacostanacional.es\/wp-content\/uploads\/2022\/05\/diaaa.jpg\" alt=\"diaaa\" width=\"244\" height=\"207\" \/><\/a>amos a la necesidad de concienciaci\u00f3n de erradicar el tabaco en beneficio de la promoci\u00f3n de la salud.<a href=\"http:\/\/granadacostanacional.es\/wp-content\/uploads\/2022\/05\/logo-copec1.jpg\"><img decoding=\"async\" loading=\"lazy\" class=\"alignnone size-medium wp-image-32276\" src=\"http:\/\/granadacostanacional.es\/wp-content\/uploads\/2022\/05\/logo-copec1-300x204.jpg\" alt=\"logo copec1\" width=\"300\" height=\"204\" \/><\/a><\/p>\n<p style=\"text-align: justify;\">El D\u00eda Mundial Sin Tabaco se celebra en todo el mundo el 31 de mayo de cada a\u00f1o. Esta conmemoraci\u00f3n nace con el objetivo anual de informa al p\u00fablico de las consecuencias nocivas que provoca el consumo de tabaco. La actual campa\u00f1a de la Organizaci\u00f3n Mundial de La Salud (OMS) denuncia\u00a0las pr\u00e1cticas comerciales de las empresas dedicadas a la producci\u00f3n y comercializaci\u00f3n de actividades tabacaleras y los desencadenantes\u00a0\u00a0 perjudiciales que las compa\u00f1\u00edas causan al medio ambiente,\u00a0sin olvidar los residuos que generan y\u00a0contribuyen al cambio clim\u00e1tico.<\/p>\n<div style=\"text-align: justify;\">Esta industria, cuyas emisiones de gases de efecto invernadero equivalen a 84 millones de toneladas anuales de di\u00f3xido de carbono, agrava de manera innecesaria la carencia de recursos con la consistente devastaci\u00f3n del ecosistema.<\/div>\n<div style=\"text-align: justify;\">En esta campa\u00f1a 2022, se exhorta a gobiernos e instancias normativas a que endurezcan la legislaci\u00f3n, y sobre todo a que apliquen y refuercen los dispositivos existentes para obligar a los productores a hacerse responsables de los costos ambientales y econ\u00f3micos de los residuos derivados de productos de tabaco.<\/div>\n<div style=\"text-align: justify;\"><\/div>\n<div style=\"text-align: justify;\">Desde el Colegio Oficial de Pedagog\u00eda de Catalu\u00f1a apostamos por propuestas educativas\u00a0 que ayuden a la concienciaci\u00f3n del no consumo de tabaco y en los beneficios saludables que comporta una vida sin humo, como prevenci\u00f3n y promoci\u00f3n de h\u00e1bitos saludables, uni\u00e9ndonos a la recomendaci\u00f3n de la\u00a0OMS en reivindicar\u00a0el derecho a la salud y a una vida sana para proteger a las futuras generaciones.<\/div>\n<div style=\"text-align: justify;\"><\/div>\n<div style=\"text-align: justify;\">Dra.To\u00f1y Castillo.<\/div>\n<div style=\"text-align: justify;\">Coordinadora del grupo de investigaci\u00f3n de Pedagog\u00eda y Salud del Colegio Oficial de Pedagog\u00eda de Catalu\u00f1a.<\/div>\n<div style=\"text-align: center;\"><a href=\"http:\/\/granadacostanacional.es\/wp-content\/uploads\/2022\/05\/3-1.jpg\"><img decoding=\"async\" loading=\"lazy\" class=\"alignnone size-full wp-image-32265\" src=\"http:\/\/granadacostanacional.es\/wp-content\/uploads\/2022\/05\/3-1.jpg\" alt=\"3\" width=\"225\" height=\"225\" \/><\/a><\/div>\n","protected":false},"excerpt":{"rendered":"<p>Bajo el lema: &#8220;El tabaco envenena nuestro Planeta y el impacto ambiental&#8221; se centra la campa\u00f1a de sensibilizaci\u00f3n del\u00a0D\u00eda Mundial&hellip;<\/p>\n","protected":false},"author":4,"featured_media":32264,"comment_status":"open","ping_status":"open","sticky":false,"template":"","format":"standard","meta":{"om_disable_all_campaigns":false,"_mi_skip_tracking":false,"_monsterinsights_sitenote_active":false,"_monsterinsights_sitenote_note":"","_monsterinsights_sitenote_category":0,"footnotes":""},"categories":[25,36,35,22,19,30],"tags":[],"aioseo_notices":[],"_links":{"self":[{"href":"https:\/\/granadacostaglobal.es\/index.php?rest_route=\/wp\/v2\/posts\/32262"}],"collection":[{"href":"https:\/\/granadacostaglobal.es\/index.php?rest_route=\/wp\/v2\/posts"}],"about":[{"href":"https:\/\/granadacostaglobal.es\/index.php?rest_route=\/wp\/v2\/types\/post"}],"author":[{"embeddable":true,"href":"https:\/\/granadacostaglobal.es\/index.php?rest_route=\/wp\/v2\/users\/4"}],"replies":[{"embeddable":true,"href":"https:\/\/granadacostaglobal.es\/index.php?rest_route=%2Fwp%2Fv2%2Fcomments&post=32262"}],"version-history":[{"count":0,"href":"https:\/\/granadacostaglobal.es\/index.php?rest_route=\/wp\/v2\/posts\/32262\/revisions"}],"wp:featuredmedia":[{"embeddable":true,"href":"https:\/\/granadacostaglobal.es\/index.php?rest_route=\/"}],"wp:attachment":[{"href":"https:\/\/granadacostaglobal.es\/index.php?rest_route=%2Fwp%2Fv2%2Fmedia&parent=32262"}],"wp:term":[{"taxonomy":"category","embeddable":true,"href":"https:\/\/granadacostaglobal.es\/index.php?rest_route=%2Fwp%2Fv2%2Fcategories&post=32262"},{"taxonomy":"post_tag","embeddable":true,"href":"https:\/\/granadacostaglobal.es\/index.php?rest_route=%2Fwp%2Fv2%2Ftags&post=32262"}],"curies":[{"name":"wp","href":"https:\/\/api.w.org\/{rel}","templated":true}]}}