{"id":32253,"date":"2022-05-24T17:49:57","date_gmt":"2022-05-24T16:49:57","guid":{"rendered":"http:\/\/granadacostanacional.es\/?p=32253"},"modified":"2022-05-24T17:49:57","modified_gmt":"2022-05-24T16:49:57","slug":"entrevista-a-paco-perez-restaurante-el-penon-de-salobrena","status":"publish","type":"post","link":"https:\/\/granadacostaglobal.es\/?p=32253","title":{"rendered":"ENTREVISTA A PACO P\u00c9REZ RESTAURANTE EL PE\u00d1\u00d3N DE SALOBRE\u00d1A"},"content":{"rendered":"<p style=\"text-align: justify;\">Hoy nos encontramos en el restaurante el Pe\u00f1\u00f3n de Salobre\u00f1a, buque insignia de la Costa Tropical, con uno de los propietarios en tercera generaci\u00f3n, nuestro amigo Paco P\u00e9rez G\u00f3mez.<\/p>\n<p style=\"text-align: justify;\">\n<p style=\"text-align: justify;\"><strong>Buenos D\u00edas Paco, nos gustar\u00eda que nos contaras a modo de introducci\u00f3n la historia de este restaurante.<\/strong><\/p>\n<p style=\"text-align: justify;\">Buenos d\u00edas Carlos, como ya dec\u00edas antes, nos encontramos la tercera generaci\u00f3n a cargo de este restaurante, el cual inaugur\u00f3 mi abuelo el <em>Azules <\/em>hace ya algo m\u00e1s de 70 a\u00f1os. En un principio era un chiringuito para pescadores que faenaban en esta zona, y a mi abuelo se le ocurri\u00f3 la idea de darles unas bebidas fr\u00edas, ellos cocinaban en la playa, pero en aquella \u00e9poca conseguir una bebida fr\u00eda era algo dif\u00edcil y pens\u00f3 en tener neveras con hielo. As\u00ed empez\u00f3 aquel peque\u00f1o negocio con un \u201cchambao\u201d de palos y ca\u00f1averas. Con el tiempo se hicieron varias restructuraciones hasta llegar a lo que nos encontramos a d\u00eda de hoy.<\/p>\n<p style=\"text-align: justify;\">\n<p style=\"text-align: justify;\"><strong>Acabas de hablarnos de tu abuelo <em>El Azules, \u00bf<\/em>estaba \u00e9l s\u00f3lo en sus comienzos?<\/strong><\/p>\n<p style=\"text-align: justify;\">No, se encontraba junto a mi abuela. Mi abuelo se llamaba Jos\u00e9 Antonio G\u00f3mez Pineda, le dec\u00edan el Azules por sus ojos.<\/p>\n<p style=\"text-align: justify;\">El inicio real fue en un negocio enfrente del lugar en el que nos encontramos ahora mismo. Se comenz\u00f3 con una choza de palos y ca\u00f1averas, era lo que hab\u00eda en aquel tiempo. Ellos empezaron a ver que los labradores pasaban por la zona en sus tareas diarias al igual que los pescadores, y vieron que ser\u00eda rentable tener unas bebidas frescas para ellos.<\/p>\n<p style=\"text-align: justify;\">Hay muchas an\u00e9cdotas de aquella \u00e9poca, una de ellas era muy t\u00edpica y era la hora de la tapa. Sal\u00eda mi abuela Adriana, le dec\u00eda a mi abuelo que no hab\u00eda tapas, entonces se cog\u00eda un bote con una red, faenaba aqu\u00ed cerca del restaurante y se sacaban montones de salmonetes que posteriormente se fre\u00edan y esa era la tapa del d\u00eda. Estamos hablado de casi los a\u00f1os 60.<\/p>\n<p style=\"text-align: justify;\">Sobre estos a\u00f1os ya empezaba a llegar algo de turismo y por estas fechas es cuando mis abuelos ya solicitaron al Ayuntamiento tener aqu\u00ed el chiringuito porque realmente los permisos no llegaron hasta el a\u00f1o 68, todos estos negocios eran chambaos ilegales. El primer impuesto de actividades econ\u00f3micas se pag\u00f3 en el a\u00f1o 68, \u00e9poca en la que empezaron a venir los primeros belgas, a la llegada de los reyes de B\u00e9lgica vino un boom de turismo y ah\u00ed es cuando se dieron cuenta de la buena gastronom\u00eda de la zona.<\/p>\n<p style=\"text-align: justify;\">\n<p style=\"text-align: justify;\"><strong>Tengo entendido, que tu abuela Adriana anteriormente fue una mujer de negocios.<\/strong><\/p>\n<p style=\"text-align: justify;\">Mi abuela podr\u00edamos decir que era costurera y hac\u00eda sus peque\u00f1os dise\u00f1os de moda. De hecho, hubo una firma muy importante en Francia que se la quer\u00eda llevar en aquella \u00e9poca, pero estamos hablando de una \u00e9poca muy dif\u00edcil donde exist\u00edan muchos miedos y decidi\u00f3 quedarse donde estaba, que es lo que conoc\u00eda.<\/p>\n<p style=\"text-align: justify;\">\n<p style=\"text-align: justify;\"><strong>Cuando ya empez\u00f3 a estar el negocio en el lugar que nos encontramos hoy d\u00eda, hacia el a\u00f1o 64, \u00bfC\u00f3mo era aquella \u00e9poca por el chiringuito?<\/strong><\/p>\n<p style=\"text-align: justify;\">Era m\u00e1s peque\u00f1o de lo que hoy d\u00eda vemos. Por las ma\u00f1anas muy temprano, los d\u00edas festivos, la gente de los pueblos de los alrededores se desplazaban a la playa de Salobre\u00f1a y lo primero que hac\u00edan era venir al Pe\u00f1\u00f3n a tomar las primeras copas de an\u00eds. Tambi\u00e9n ven\u00edan diferentes trabajadores de la zona.<\/p>\n<p style=\"text-align: justify;\">Tambi\u00e9n aprovecharon los marineros que faenaban, hac\u00edan justamente la venta directa debajo del local, llegaba el producto y se negociaba.<\/p>\n<p style=\"text-align: justify;\">\n<p style=\"text-align: justify;\"><strong>Podemos decir que lo fundamental del Pe\u00f1\u00f3n siempre ha sido su pescado, pero desde un principio hasta ahora ten\u00e9is un plato estrella que creo que es el pulpo.<\/strong><\/p>\n<p style=\"text-align: justify;\">En definitiva, es un restaurante de playa, un restaurante marinero, muchas de las elaboraciones que tenemos van en base al pescado. Con el tiempo hemos tenido que ir desarroll\u00e1ndonos en la cocina y hemos tenido que hacer otro tipo de platos, pero realmente la base es el pescado, la paella y como bien has dicho, uno de los platos estrella es el pulpo.<\/p>\n<p style=\"text-align: justify;\">El \u201cpulpo Salobre\u00f1a\u201d es una receta en la que elaboramos el pulpo con una salsa muy espec\u00edfica de aqu\u00ed, a la que que no est\u00e1 todo el mundo acostumbrado. Es uno de los platos estrella de la costa.<\/p>\n<p style=\"text-align: justify;\"><a href=\"http:\/\/granadacostanacional.es\/wp-content\/uploads\/2022\/05\/20220516_122753.jpg\"><img decoding=\"async\" loading=\"lazy\" class=\"aligncenter size-large wp-image-32255\" src=\"http:\/\/granadacostanacional.es\/wp-content\/uploads\/2022\/05\/20220516_122753-1024x768.jpg\" alt=\"20220516_122753\" width=\"1024\" height=\"768\" \/><\/a><\/p>\n<p style=\"text-align: justify;\"><strong>Tus abuelos, \u00bfCu\u00e1ntos a\u00f1os han regentado este establecimiento?<\/strong><\/p>\n<p style=\"text-align: justify;\">Pues empezaron en el a\u00f1o 54, y han estado regent\u00e1ndolo unos 40 a\u00f1os aproximadamente, durante ese tiempo ya entr\u00f3 a formar parte del negocio la segunda generaci\u00f3n, que conviv\u00eda con la primera. Mi t\u00edo Antonio G\u00f3mez Villascusa, mi madre Adriana G\u00f3mez Villascusa y Jes\u00fas G\u00f3mez Villascusa, son la segunda generaci\u00f3n y han estado conviviendo con la primera generaci\u00f3n e incluso con la tercera, porque yo en esa \u00e9poca ya estaba trabajando.<\/p>\n<p style=\"text-align: justify;\">\n<p style=\"text-align: justify;\"><strong>Desde los a\u00f1os 70, hasta el a\u00f1o 2000 han sido los a\u00f1os m\u00e1s importantes de desarrollo del Pe\u00f1\u00f3n de Salobre\u00f1a, durante tantos a\u00f1os de esa \u00e9poca, parte de la Dictadura y de los primeros a\u00f1os de la Democracia, por aqu\u00ed habr\u00e1n pasado infinidad de personajes muy importantes\u2026<\/strong><\/p>\n<p style=\"text-align: justify;\">Efectivamente, por aqu\u00ed ha pasado gente muy importante, desde <strong>Alfredo Kraus, Paloma G\u00f3mez Borrero, Alfredo Amestoy, Lolita Flores<\/strong> y su sastre el molvice\u00f1o <strong>Tom\u00e1s Garc\u00eda<\/strong>, varios ministros, el ministro de industria que era en su momento <strong>Montilla<\/strong>, y pas\u00f3 tambi\u00e9n el ministro de defensa que era <strong>Alonso<\/strong>, en definitiva, hemos tenido numerosas personalidades aqu\u00ed. El restaurante y su ubicaci\u00f3n llama mucho la atenci\u00f3n a todo tipo de personas.<\/p>\n<p style=\"text-align: justify;\">\n<p style=\"text-align: justify;\"><strong>Esta gran cantidad de historias y personajes dar\u00eda para escribir unas memorias.<\/strong><\/p>\n<p style=\"text-align: justify;\">Es una idea muy interesante, El Pe\u00f1\u00f3n surgi\u00f3 antes de la llegada de la Democracia y a\u00fan sigue vigente y relevante, por lo que hay mucho que contar.<\/p>\n<p style=\"text-align: justify;\">\n<p style=\"text-align: justify;\"><strong>Cuando estas personalidades han llegado al restaurante, \u00bfqu\u00e9 les ha llamado la atenci\u00f3n?<\/strong><\/p>\n<p style=\"text-align: justify;\">Siempre les ha impactado llegar a una terraza como esta y ver tan cerca el mar, y que tuvi\u00e9semos esa cocina t\u00edpica marinera sin perder la esencia de lo que es la gastronom\u00eda antigua de esta zona, eso siempre les ha impactado.<\/p>\n<p style=\"text-align: justify;\">\n<p style=\"text-align: justify;\"><strong>Tus t\u00edos aparte de tener este restaurante, han sido pioneros de otros negocios aqu\u00ed en la Costa Tropical.<\/strong><\/p>\n<p style=\"text-align: justify;\">Por ejemplo, mi t\u00edo Antonio que tiene el <strong>Hotel Avenida<\/strong> aqu\u00ed en Salobre\u00f1a, digamos que es un peque\u00f1o hotel con encanto, necesario en pueblos como este porque mantiene ese t\u00edpico movimiento familiar que no es tan estricto como lo pueden ser los grandes resorts, y eso es importante para pueblos como Salobre\u00f1a, que quieren mantener esa esencia.<\/p>\n<p style=\"text-align: justify;\">En los a\u00f1os 80 se hizo una gran inversi\u00f3n en lo que fue el complejo Mar Azul, all\u00ed tene\u00edamos una helader\u00eda, un restaurante y una marisquer\u00eda, y mi t\u00edo Jes\u00fas estaba al cargo de la marisquer\u00eda, tra\u00eda el mejor marisco que hab\u00eda en toda la zona.<\/p>\n<p style=\"text-align: justify;\">\n<p style=\"text-align: justify;\"><strong>Podr\u00edamos decir que sois una familia que hab\u00e9is estado aportando todo lo que hab\u00e9is podido al desarrollo tur\u00edstico de aqu\u00ed, de la Costa Tropical.<\/strong><\/p>\n<p style=\"text-align: justify;\">Podr\u00edamos decir que s\u00ed, porque mucha gente fuera de esta zona y fuera de esta provincia ha conocido Salobre\u00f1a porque alguien le ha dicho que fuera a comer a un restaurante que estaba en tal sitio\u2026 en este caso es el Pe\u00f1\u00f3n. Cuando han llegado aqu\u00ed a comer ya han hecho la visita al pueblo y les ha encantado.<\/p>\n<p style=\"text-align: justify;\">El boca a boca de nuestros negocios restauradores ha sido importante para el desarrollo tur\u00edstico de Salobre\u00f1a.<\/p>\n<p style=\"text-align: justify;\"><a href=\"http:\/\/granadacostanacional.es\/wp-content\/uploads\/2022\/05\/20220516_125744.jpg\"><img decoding=\"async\" loading=\"lazy\" class=\"aligncenter size-large wp-image-32256\" src=\"http:\/\/granadacostanacional.es\/wp-content\/uploads\/2022\/05\/20220516_125744-1024x595.jpg\" alt=\"20220516_125744\" width=\"1024\" height=\"595\" \/><\/a><\/p>\n<p style=\"text-align: justify;\"><strong>\u00bfCu\u00e1ndo os incorpor\u00e1is de lleno la tercera generaci\u00f3n en este establecimiento, t\u00fa y tus dos primos?<\/strong><\/p>\n<p style=\"text-align: justify;\">Hace siete a\u00f1os parte de lo que quedaba de la segunda generaci\u00f3n decidi\u00f3 jubilarse, y dar paso a esta tercera generaci\u00f3n, que la componemos mi prima Judith, mi primo Dani y yo.<\/p>\n<p style=\"text-align: justify;\">\n<p style=\"text-align: justify;\"><strong>\u00bfC\u00f3mo es la relaci\u00f3n de tres primos en un negocio tan importante como este?<\/strong><\/p>\n<p style=\"text-align: justify;\">La relaci\u00f3n es muy buena, porque como ha sido una sociedad familiar donde desde peque\u00f1os hemos estado siempre en contacto, tenemos una relaci\u00f3n muy buena y eso se nota despu\u00e9s a la hora de llevar un negocio. Las cosas son claras y directas, siempre cara a cara discutimos y hablamos, y eso es lo m\u00e1s importante en un negocio como este, si la parte de arriba tiene una buena relaci\u00f3n, tiene capacidad de tomar cada cosa como realmente es, no se genera ning\u00fan tipo de problema.<\/p>\n<p style=\"text-align: justify;\">\n<p style=\"text-align: justify;\"><strong>Vuestros padres que est\u00e1n todav\u00eda activos, \u00bfsiguen por aqu\u00ed dentro, vienen y colaboran?<\/strong><\/p>\n<p style=\"text-align: justify;\">De vez en cuando vienen por aqu\u00ed y si ven algo que no les gusta, lo primero que hacen es dec\u00edrnoslo, siempre es bueno tener un apoyo y un contraste de ideas.<\/p>\n<p style=\"text-align: justify;\">\n<p style=\"text-align: justify;\"><strong>\u00bfC\u00f3mo ves en la actualidad el desarrollo de la playa de Salobre\u00f1a?<\/strong><\/p>\n<p style=\"text-align: justify;\">Mi opini\u00f3n sobre Salobre\u00f1a es que estamos en un pueblo con mucho encanto, la gente que visita el pueblo y ven todo lo que hay por aqu\u00ed se quedan maravillados, pocos sitios se ver\u00e1n como este. El Ayuntamiento de Salobre\u00f1a va a hacer un gran esfuerzo, est\u00e1 buscando cadenas hoteleras y eso es lo que va a marcar el punto de inflexi\u00f3n entre una zona rural y una zona de \u00e1mbito tur\u00edstica.<\/p>\n<p style=\"text-align: justify;\">Lo que ocurre es que cuando llegue el turismo con mucha fuerza, debemos intentar que no sea un turismo que nos rompa la esencia del pueblo, que siga manteni\u00e9ndose as\u00ed de marinero, que no se nos convierta en un Mallorca o unas Canarias, donde se va perdiendo toda la esencia, tanto la gastronom\u00eda como la cultura. Pienso que hay que intentar mantener una zona tur\u00edstica, pero con nuestra esencia.<\/p>\n<p style=\"text-align: justify;\">\n<p style=\"text-align: justify;\"><strong>Tanto la playa de Salobre\u00f1a, como el propio pueblo ha servido de escenario para diferentes pel\u00edculas a nivel nacional e internacional.<\/strong><\/p>\n<p style=\"text-align: justify;\">Es lo que est\u00e1bamos hablando, un pueblo con tanto encanto es raro que no venga nadie a tomar im\u00e1genes para una pel\u00edcula o una serie de televisi\u00f3n. Esto es buen\u00edsimo para nosotros, pues nos damos a conocer en Espa\u00f1a e incluso internacionalmente.<\/p>\n<p style=\"text-align: justify;\">\n<p style=\"text-align: justify;\"><strong>En esta parte de la playa de Salobre\u00f1a hacia La Caleta, \u00bfhay bastante pesca submarina?<\/strong><\/p>\n<p style=\"text-align: justify;\">Hace a\u00f1os se echaron unos arrecifes artificiales al mar en esta zona, que hizo que el ecosistema marino se regenerara porque estaba un poco tocado por la pesca industrial y eso ha hecho que haya un poco m\u00e1s de pesca submarina, que empiecen incluso escuelas de buceo, a dar un paseo alrededor del pe\u00f1\u00f3n para ver la fauna y la flora marina.<\/p>\n<p style=\"text-align: justify;\">Aqu\u00ed tenemos aguas muy limpias, cristalinas, de bastante calidad, muy raro es ver espuma en alg\u00fan punto localizado, son aguas generalmente tranquilas y no muy profundas.<\/p>\n<p style=\"text-align: justify;\">Las playas son bastante c\u00f3modas, la que va desde el pe\u00f1\u00f3n a la guardia es de \u201cchinorro\u201d y luego tenemos arena m\u00e1s fina que va desde el pe\u00f1\u00f3n hasta pr\u00e1cticamente el r\u00edo Guadalfeo.<\/p>\n<p style=\"text-align: justify;\">En definitiva, esto nos ayuda a tener un turismo diferente, en concreto el turismo de buceo es de muy alta calidad.<\/p>\n<p style=\"text-align: justify;\"><a href=\"http:\/\/granadacostanacional.es\/wp-content\/uploads\/2022\/05\/20220516_125424.jpg\"><img decoding=\"async\" loading=\"lazy\" class=\"aligncenter size-large wp-image-32257\" src=\"http:\/\/granadacostanacional.es\/wp-content\/uploads\/2022\/05\/20220516_125424-1024x768.jpg\" alt=\"20220516_125424\" width=\"1024\" height=\"768\" \/><\/a><\/p>\n<p style=\"text-align: center;\"><strong>Paco P\u00e9rez repasando el libro de firmas de El Pe\u00f3n<\/strong><\/p>\n<p style=\"text-align: justify;\"><strong>Vuestro establecimiento se enclava entre dos playas, la de la Caleta y la de la Charca, \u00bfcrees que est\u00e1n bien gestionadas? \u00bfc\u00f3mo repercute eso al negocio?<\/strong><\/p>\n<p style=\"text-align: justify;\">La verdad es que creo que s\u00ed se est\u00e1n haciendo bien las cosas, este a\u00f1o se han concedido bastantes banderas azules por la zona y eso refleja el trabajo que se est\u00e1 realizando por mantenerlas en \u00f3ptimas condiciones. Podr\u00edamos decir que Salobre\u00f1a y la Costa Tropical tienen las playas para p\u00fablico de Granada y Ja\u00e9n<\/p>\n<p style=\"text-align: justify;\">\n<p style=\"text-align: justify;\"><strong>\u00bfC\u00f3mo dividir\u00edas el turismo que viene aqu\u00ed al Pe\u00f1\u00f3n de Salobre\u00f1a?<\/strong><\/p>\n<p style=\"text-align: justify;\">Tenemos dos tipos de turismo, el nacional y el internacional. El nacional es gente de la zona, gente de Ja\u00e9n, C\u00f3rdoba, Granada e incluso Madrid, pero realmente la parte m\u00e1s importante de nuestra clientela es de esta zona, Granada, Ja\u00e9n, C\u00f3rdoba y Almer\u00eda. Y luego tenemos el turismo de verano, que es gente de toda Espa\u00f1a y todas partes del mundo, son gente que vienen a visitar el pueblo y a lo mejor se quedan de vacaciones aqu\u00ed 10 o 15 d\u00edas.<\/p>\n<p style=\"text-align: justify;\">Tenemos otro turismo que es el internacional residente, aqu\u00ed hay una zona residencial como es el Monte de los Almendros donde hay muchos clientes nuestros de fuera de Espa\u00f1a: alemanes, ingleses, daneses, etc. Y esta es la parte que realmente mantiene a Salobre\u00f1a en la \u00e9poca de invierno. Es un cliente que reside aqu\u00ed.<\/p>\n<p style=\"text-align: justify;\">En esta zona el turismo de verano est\u00e1 asegurado, pero el cliente de invierno es m\u00e1s complicado, as\u00ed que se agradece tener cerca esta comunidad.<\/p>\n<p style=\"text-align: justify;\">\n<p style=\"text-align: justify;\"><strong>Me gustar\u00eda hacerte una pregunta m\u00e1s concreta, ya que nos encontramos en el subtr\u00f3pico de Europa, \u00bfqu\u00e9 aport\u00e1is para publicitar los frutos subtropicales que tenemos?<\/strong><\/p>\n<p style=\"text-align: justify;\">Tenemos una seria de frutos que nos diferencian con el resto de Europa, intentamos elaborar una serie de platos con muchos de ellos, ahora mismo acabamos de sacar un carpaccio de quisquilla de Motril con una espuma de chirimoya, una combinaci\u00f3n que incluso a nosotros mismos nos ha sorprendido, un plato para probarlo.<\/p>\n<p style=\"text-align: justify;\">Los frutos tropicales nos dimos cuenta en los a\u00f1os 70 y a\u00f1os 80, que sorprend\u00edan a toda la clientela internacional, y parte de la nacional, aunque muchos ya los conoc\u00edan. En ese momento empezamos a elaborar una serie de platos en combinaci\u00f3n con la paella y la fritura que se daba en aquella \u00e9poca con estos frutos tropicales, como por ejemplo una ensalada tropical de la zona, que lleva aguacate, mango, papaya\u2026 Intentamos mantener estos productos durante todo el a\u00f1o.<\/p>\n<p style=\"text-align: justify;\">Tambi\u00e9n tenemos la famosa lonja de Motril, donde tenemos un producto tan variado como es la quisquilla de Motril, el pulpo, la sardina, el boquer\u00f3n, etc. Un abanico tan amplio de pescado que tenemos pr\u00e1cticamente de todo, en nuestras vitrinas tenemos langostas vivas, cigalas, bogavantes y ostras.<\/p>\n<p style=\"text-align: justify;\">\n<p style=\"text-align: justify;\"><strong>En resumidas cuentas, podr\u00edamos decir que vuestra cocina est\u00e1 basada en pescado, marisco y frutos tropicales.<\/strong><\/p>\n<p style=\"text-align: justify;\">Efectivamente est\u00e1 basada en pescado, en marisco, en los frutos tropicales pues tenemos aqu\u00ed la huerta en nuestra Costa Tropical y tenemos la suerte de tener un puerto pesquero a 10 km de Salobre\u00f1a, lo que nos lleva a comprar el material all\u00ed directamente y tener el producto fresco que nos demanda la gente.<\/p>\n<p style=\"text-align: justify;\">Tambi\u00e9n estamos incorporando a nuestros platos, las nuevas hortalizas que se van desarrollando como son los pimientos pininis, los tomates cherry, etc. Todo este tipo de hortalizas nuevas siempre intentamos probarlas y combinarlas con nuestros platos.<\/p>\n<p style=\"text-align: justify;\">En l\u00edneas generales podemos decir que la gente que viene a la Costa Tropical viene principalmente por su despensa. Van buscando un sitio donde realmente le podamos dar esos productos, productos que en otros sitios no tienen.<\/p>\n<p style=\"text-align: justify;\">\n<p style=\"text-align: justify;\"><strong>Con lo cual, el principal museo de la costa Tropical es su despensa.<\/strong><\/p>\n<p style=\"text-align: justify;\">Efectivamente, el principal atractivo de la Costa Tropical es el producto, y la excepcional calidad que este tiene, como por ejemplo la quisquilla de Motril, propia de estas costas donde alcanza una calidad excepcional. Es el producto el que atrae el turismo hasta aqu\u00ed.<\/p>\n<p style=\"text-align: justify;\">\n<p style=\"text-align: justify;\"><strong>Se trata de una magnifica entrevista, para que la gente vaya comprendiendo cada d\u00eda mejor lo que es la Costa Tropical y lo que son sus restaurantes y sobre todo la l\u00ednea que han seguido estos a lo largo de tantos a\u00f1os para poder mantenerse tres generaciones, porque vosotros no sois un restaurante nuevo con la idea de ganar un dinero y cerrar, sino que vosotros llev\u00e1is en los genes la hosteler\u00eda y os gusta vuestra profesi\u00f3n.<\/strong><\/p>\n<p style=\"text-align: justify;\">Eso est\u00e1 clar\u00edsimo, sino nunca hubi\u00e9semos llegado a una tercera generaci\u00f3n. Para que llegue a una tercera generaci\u00f3n, tanto un restaurante como cualquier tipo de empresa, lo tienes que disfrutar, sino se romper\u00eda, hay pocos negocios que lleguen tan lejos, por lo tanto, es b\u00e1sico que te guste lo que haces. A veces lo que m\u00e1s disfrutas es vender un buen producto y que el cliente se vaya satisfecho.<\/p>\n<p style=\"text-align: justify;\">\n<p style=\"text-align: justify;\"><strong>Como decimos, este es un negocio familiar que va ya por su tercera generaci\u00f3n. \u00bfRecomiendas a los j\u00f3venes adentrarse en este mundillo?<\/strong><\/p>\n<p style=\"text-align: justify;\">Este es un negocio muy sacrificado, pero que tambi\u00e9n te da muchas satisfacciones. Yo llevo dedic\u00e1ndome a esto toda la vida con mis primos y familia, y todos estamos contentos. Lo que m\u00e1s se nota a largo plazo es el d\u00eda a d\u00eda, cuando no hay descanso de contabilidad, compras, trato con clientes e inconvenientes diarios que surgen.<\/p>\n<p style=\"text-align: justify;\">\n<p style=\"text-align: justify;\"><strong>Nos gustar\u00eda que nos dieras a conocer los diferentes platos de la comida diaria que ten\u00e9is, que siempre que se viene aqu\u00ed se pueden tener, como por ejemplo el pulpo que se elabora a la entrada en una barca.<\/strong><\/p>\n<p style=\"text-align: justify;\">Uno de los platos estrella del restaurante es el espeto de sardinas y el pulpo a la brasa, estos dos productos han estado con nosotros pr\u00e1cticamente las 3 generaciones y tambi\u00e9n el pulpo en su salsa, el \u201cpulpo Salobre\u00f1a\u201d.<\/p>\n<p style=\"text-align: justify;\">Luego hacia los a\u00f1os 70, se elaboraron una serie de platos como son los arroces, despu\u00e9s se hicieron platos como la zarzuela de pescado y marisco que ya son platos m\u00e1s elaborados y ahora mismo nos estamos metiendo en la gama de platos que demanda el cliente a nivel nacional como ceviches, tartar, carpaccio, etc.<\/p>\n<p style=\"text-align: justify;\">En cuanto a postres, siempre intentamos que nuestra reposter\u00eda sea casera. A veces cuando por espacio o por tiempo no podemos, intentamos surtirnos de empresas que nos traigan ese dulce, pero intentamos evitarlo, nosotros apostamos siempre por un postre hecho en casa. Tambi\u00e9n se ofrecen postres con diferentes frutas que tenemos en la despensa de la Costa Tropical, como puede ser el mango o la chirimoya.<\/p>\n<p style=\"text-align: justify;\">\n<p style=\"text-align: justify;\"><strong>\u00bfQu\u00e9 mensaje le mandar\u00edas t\u00fa a nuestros dirigentes, para que ellos trabajen en promocionar cada d\u00eda mejor la Costa Tropical y, concretamente, Salobre\u00f1a?<\/strong><\/p>\n<p style=\"text-align: justify;\">El pueblo de Salobre\u00f1a es uno de los enclaves m\u00e1s bonitos y estrat\u00e9gicamente mejor situado para m\u00ed de la Costa Tropical, tenemos el aeropuerto de M\u00e1laga a unos 90 km, tenemos Granada que est\u00e1 pr\u00e1cticamente al mismo tiempo y tenemos Sierra Nevada. Tenemos el producto, tenemos la huerta, la pescader\u00eda, como digo yo que es el puerto de Motril. Es un sitio para visitar y para perderse.<\/p>\n<p style=\"text-align: justify;\">\n<p style=\"text-align: justify;\"><strong>As\u00ed que en las ferias de turismo se deber\u00eda llevar un paquete hablando de los aeropuertos, de Sierra Nevada y de la Costa Tropical con todos sus encantos.<\/strong><\/p>\n<p style=\"text-align: justify;\">Efectivamente, porque realmente lo que tenemos es un conjunto del que nos podemos aprovechar y lo tenemos ah\u00ed, es simplemente dar ese peque\u00f1o paso.<\/p>\n<p style=\"text-align: justify;\">\n<p style=\"text-align: justify;\"><strong>\u00bfC\u00f3mo ha sido la etapa desde el a\u00f1o 2020 hasta ahora?<\/strong><\/p>\n<p style=\"text-align: justify;\">La situaci\u00f3n fue una sorpresa. Con el cierre forzado hubo que recurrir a ayudas y con la segunda ola la clientela no se hab\u00eda recuperado, as\u00ed que hubo que volver a cerrar.<\/p>\n<p style=\"text-align: justify;\">Por suerte la situaci\u00f3n actualmente ha cambiado mucho, la gente tiene m\u00e1s confianza, sale a la calle y a restaurantes, vuelve el turismo extranjero, al cual ech\u00e1bamos de menos. Hemos vuelto a niveles de hace tres a\u00f1os y se prev\u00e9 una buena campa\u00f1a de verano.<\/p>\n<p style=\"text-align: justify;\">\n<p style=\"text-align: justify;\"><strong>\u00bfQu\u00e9 apoyo recibisteis desde las instituciones?<\/strong><\/p>\n<p style=\"text-align: justify;\">Con el primer estado de alarma, la situaci\u00f3n con respecto a los empleados fue algo m\u00e1s f\u00e1cil de manejar, pues el Gobierno Central dio facilidades con los ERTES. Sin embargo, tuvimos que hacer frente al resto de pagos que iban surgiendo, y la situaci\u00f3n fue muy distinta en la segunda ola. En esta, el cierre no fue forzado por las autoridades, sino que lo tuvimos que hacer por la situaci\u00f3n de miedo que ten\u00eda la gente, as\u00ed que no se recibieron tantas ayudas en el plano laboral. Por lo tanto, hemos tenido que recurrir a otras formas de financiaci\u00f3n, como los pr\u00e9stamos ICO.<\/p>\n<p style=\"text-align: justify;\">\n<p style=\"text-align: justify;\"><strong>\u00bfC\u00f3mo afrontasteis la reapertura?<\/strong><\/p>\n<p style=\"text-align: justify;\">Nosotros ten\u00edamos miedo al principio. Con una plantilla de 15 miembros de forma regular y de 25 personas en fines de semana normales (aunque el pasado fin de semana tuvimos una plantilla de 32 personas), abrir nuestras puertas tiene grandes implicaciones. As\u00ed que esperamos hasta la Semana Santa de 2021, y desde entonces el trabajo podr\u00edamos considerarlo normal.<\/p>\n<p style=\"text-align: justify;\">\n<p style=\"text-align: justify;\"><strong>\u00bfQu\u00e9 clase de turismo os encontrasteis en esa etapa?<\/strong><\/p>\n<p style=\"text-align: justify;\">En cuanto abrimos, y por la situaci\u00f3n que a\u00fan se viv\u00eda, el turista espa\u00f1ol que normalmente viajaba a otros pa\u00edses empez\u00f3 a visitar el territorio nacional, as\u00ed que nos encontramos con viajeros y comensales aut\u00f3ctonos, pero de gran calidad.<\/p>\n<p style=\"text-align: justify;\">\n<p style=\"text-align: justify;\"><strong>\u00bfCu\u00e1l crees que es la situaci\u00f3n a escasos meses de empezar la temporada de verano de 2022?<\/strong><\/p>\n<p style=\"text-align: justify;\">Dir\u00eda que hablamos de una situaci\u00f3n de pr\u00e1ctica normalidad. Est\u00e1 llegando el turismo a los hoteles, aqu\u00ed en Salobre\u00f1a tenemos el Monte de los Almendros, donde se alojan muchos extranjeros, y que se est\u00e1 volviendo a poblar de habitantes. Se est\u00e1 recobrando ese turismo internacional, mientras que en el nacional la situaci\u00f3n se est\u00e1 afianzando bastante bien.<\/p>\n<p style=\"text-align: justify;\">\n<p style=\"text-align: justify;\"><strong>\u00bfTiene la Costa Tropical el reconocimiento que merece?<\/strong><\/p>\n<p style=\"text-align: justify;\">La Costa Tropical est\u00e1 teniendo mucho tir\u00f3n ahora mismo, y creo que todos los negocios est\u00e1n funcionando bien. La gente tiene ganas de hacer cosas que no han podido durante estos dos a\u00f1os: salir a comer con la familia, a tomar unas copas, etc. Si no est\u00e1 la zona al cien por cien, s\u00ed que estar\u00eda al ochenta.<\/p>\n<p style=\"text-align: justify;\">\n<p style=\"text-align: justify;\"><strong>\u00bfC\u00f3mo est\u00e1 afectando la subida de los precios a la hosteler\u00eda?<\/strong><\/p>\n<p style=\"text-align: justify;\">La verdad es que se nota a nivel general, todos los productos han subido de precio, y nosotros hemos tenido que hacer lo mismo con la carta. El margen que ten\u00edamos anteriormente se estaba acortando cada vez m\u00e1s y a la vez nosotros tenemos que hacer frente a cada vez mayores gastos en sueldos, seguros sociales, productos, etc. Sin embargo, siempre mantendremos nuestra filosof\u00eda de accesibilidad para todos los p\u00fablicos.<\/p>\n<p style=\"text-align: justify;\">\n<p style=\"text-align: justify;\"><strong>\u00bfQu\u00e9 deber\u00edan hacer las instituciones ante este tipo de situaciones?<\/strong><\/p>\n<p style=\"text-align: justify;\">Sobre todo, actuar con rapidez, atajar los problemas y no dejarnos desamparados durante tanto tiempo, como por ejemplo con la huelga de camioneros. Tambi\u00e9n deber\u00edan conceder ayudas con m\u00e1s facilidad a sectores especialmente perjudicados, como el de los servicios. Otros pa\u00edses de nuestro entorno son m\u00e1s eficaces en ese sentido y se nota.<\/p>\n<p style=\"text-align: justify;\">\n<p style=\"text-align: justify;\"><strong>\u00bfAlgo que quieras a\u00f1adir?<\/strong><\/p>\n<p style=\"text-align: justify;\">Me gustar\u00eda dar las gracias por esta acogida que hemos tenido tras el periodo de oscuridad vivido. Sentimos vuestra energ\u00eda y ganas de retomar la normalidad, salir a disfrutar de los sabores que ofrecemos en esta magn\u00edfica ubicaci\u00f3n. Aqu\u00ed estaremos esper\u00e1ndoos a todos.<\/p>\n<p style=\"text-align: justify;\">Tambi\u00e9n doy las gracias a las generaciones anteriores que nos han dejado este restaurante, porque para mis primos y para m\u00ed es un orgullo pertenecer a esta familia que, con su esfuerzo diario, trabajo y ganas han llevado un peque\u00f1o chambado de palos a lo que realmente es hoy.<\/p>\n<p style=\"text-align: justify;\">Por \u00faltimo, agradecer a Granada Costa esta entrevista y la visita a nuestro restaurante, pues de esta forma nos podr\u00e1n conocer un poco m\u00e1s y ahondar en nuestras ra\u00edces.<\/p>\n<p>&nbsp;<\/p>\n<p style=\"text-align: right;\"><strong>Entrevista por Carlos \u00c1lvaro Segura<\/strong><\/p>\n<p>&nbsp;<\/p>\n","protected":false},"excerpt":{"rendered":"<p>Hoy nos encontramos en el restaurante el Pe\u00f1\u00f3n de Salobre\u00f1a, buque insignia de la Costa Tropical, con uno de los&hellip;<\/p>\n","protected":false},"author":3,"featured_media":32254,"comment_status":"open","ping_status":"open","sticky":false,"template":"","format":"standard","meta":{"om_disable_all_campaigns":false,"_mi_skip_tracking":false,"_monsterinsights_sitenote_active":false,"_monsterinsights_sitenote_note":"","_monsterinsights_sitenote_category":0,"footnotes":""},"categories":[21],"tags":[],"aioseo_notices":[],"_links":{"self":[{"href":"https:\/\/granadacostaglobal.es\/index.php?rest_route=\/wp\/v2\/posts\/32253"}],"collection":[{"href":"https:\/\/granadacostaglobal.es\/index.php?rest_route=\/wp\/v2\/posts"}],"about":[{"href":"https:\/\/granadacostaglobal.es\/index.php?rest_route=\/wp\/v2\/types\/post"}],"author":[{"embeddable":true,"href":"https:\/\/granadacostaglobal.es\/index.php?rest_route=\/wp\/v2\/users\/3"}],"replies":[{"embeddable":true,"href":"https:\/\/granadacostaglobal.es\/index.php?rest_route=%2Fwp%2Fv2%2Fcomments&post=32253"}],"version-history":[{"count":0,"href":"https:\/\/granadacostaglobal.es\/index.php?rest_route=\/wp\/v2\/posts\/32253\/revisions"}],"wp:featuredmedia":[{"embeddable":true,"href":"https:\/\/granadacostaglobal.es\/index.php?rest_route=\/"}],"wp:attachment":[{"href":"https:\/\/granadacostaglobal.es\/index.php?rest_route=%2Fwp%2Fv2%2Fmedia&parent=32253"}],"wp:term":[{"taxonomy":"category","embeddable":true,"href":"https:\/\/granadacostaglobal.es\/index.php?rest_route=%2Fwp%2Fv2%2Fcategories&post=32253"},{"taxonomy":"post_tag","embeddable":true,"href":"https:\/\/granadacostaglobal.es\/index.php?rest_route=%2Fwp%2Fv2%2Ftags&post=32253"}],"curies":[{"name":"wp","href":"https:\/\/api.w.org\/{rel}","templated":true}]}}