{"id":32240,"date":"2022-05-21T10:33:02","date_gmt":"2022-05-21T09:33:02","guid":{"rendered":"http:\/\/granadacostanacional.es\/?p=32240"},"modified":"2022-05-21T10:33:02","modified_gmt":"2022-05-21T09:33:02","slug":"el-proyecto-global-de-cultura-granada-costa-convoca-el-i-certamen-de-relato-valle-del-almanzora","status":"publish","type":"post","link":"https:\/\/granadacostaglobal.es\/?p=32240","title":{"rendered":"EL PROYECTO GLOBAL DE CULTURA GRANADA COSTA CONVOCA EL I CERTAMEN DE RELATO \u201cVALLE DEL ALMANZORA\u201d"},"content":{"rendered":"<p style=\"text-align: justify;\"><strong>El Proyecto Global de Cultura Granada Costa convoca el I certamen de relato \u201cValle del Almanzora\u201d, relatos cuyos argumentos reales o novelados y sus personajes tengan por escenario el Valle del Almanzora (Almer\u00eda).<\/strong><\/p>\n<p style=\"text-align: justify;\"><strong>Pueblos del Valle del Almanzora<\/strong>: Albanchez, Albox, Alc\u00f3ntar, Arboleas, Armu\u00f1a de Almanzora, Bacares, Bayarque, Cantoria, Chercos, C\u00f3bdar, Fines, Laroya, L\u00edjar, L\u00facar, Macael, Olula del R\u00edo, Oria, Partaloa, Purchena, Ser\u00f3n,\u00a0\u00a0 Sierro, Somont\u00edn, Sufl\u00ed, Taberno, T\u00edjola, Urr\u00e1cal, Zurgena.<\/p>\n<p style=\"text-align: justify;\">Desde el Proyecto Global de Cultura Granada Costa, a trav\u00e9s de su Academia de las Ciencias, Bellas Artes y Buenas Letras, y con motivo de difundir la cultura y tener conocimientos de bellos rincones de nuestra geograf\u00eda espa\u00f1ola, se convoca el I Certamen de Relato Valle del Almanzora.<\/p>\n<p style=\"text-align: justify;\">\n<p style=\"text-align: justify;\">1) Podr\u00e1n participar todos los hombre y mujeres de cualquier nacionalidad que lo deseen, siempre que est\u00e9n suscritos al Proyecto Global de Cultura Granada Costa, con un solo relato, escrito en castellano. El tema ser\u00e1 el Valle del Almanzora.<\/p>\n<p style=\"text-align: justify;\">2) El relato deber\u00e1 ser in\u00e9dito y escrito en formato DIN A4 por quintuplicado, a doble espacio y por una sola cara. Con un m\u00ednimo de 30 p\u00e1ginas y un m\u00e1ximo de 60.<\/p>\n<p style=\"text-align: justify;\">3) Cada autor presentar\u00e1 un \u00fanico trabajo que ser\u00e1 firmado con un pseud\u00f3nimo, el cual figurar\u00e1 en la cara exterior de un sobre cerrado, en cuyo interior deber\u00e1 ir el nombre y direcci\u00f3n del autor, n\u00famero de tel\u00e9fono y correo electr\u00f3nico. Se acompa\u00f1ar\u00e1 de un certificado del propio autor, en el cual se acredite que el relato es in\u00e9dito y de su propiedad.<\/p>\n<p style=\"text-align: justify;\">4) Todos los trabajos deben remitirse a: Proyecto Global de Cultura Granada Costa. Avenida de Andaluc\u00eda, 18. 2\u00aa Planta. 18611 Molv\u00edzar, Costa Tropical, Granada (Espa\u00f1a).<\/p>\n<p style=\"text-align: justify;\">5) Premios: El primer premio consistir\u00e1 en la edici\u00f3n de un libro de 110 p\u00e1ginas con ilustraciones y portada a color, donde figurar\u00e1 el relato ganador, y galard\u00f3n acreditativo. El ganador del primer premio recibir\u00e1 200 ejemplares de la obra. Este libro se repartir\u00e1 de forma gratuita entre los socios del Proyecto Global de Cultura Granada Costa.<\/p>\n<p style=\"text-align: justify;\">Otros premios: Tres finalistas con diploma y libro conjunto con los relatos con que participen en el certamen. Recibir\u00e1n cada uno 30 ejemplares de este libro.<\/p>\n<p style=\"text-align: justify;\">6) El d\u00eda 1 de diciembre de 2022 finalizar\u00e1 el plazo de admisi\u00f3n de los trabajos.<\/p>\n<p style=\"text-align: justify;\">7) El fallo del jurado se har\u00e1 p\u00fablico el d\u00eda 30 de diciembre de 2022 en la p\u00e1gina web del Proyecto de Cultura Granada Costa: http:\/\/granadacostanacional.es\/. El premio se entregar\u00e1 en el primer trimestre de 2023 en el Valle del Almanzora.<\/p>\n<p style=\"text-align: justify;\">Para m\u00e1s informaci\u00f3n, tienen a su disposici\u00f3n el correo electr\u00f3nico fundacion@granadacosta.net<\/p>\n<p style=\"text-align: justify;\">8) El fallo ser\u00e1 inapelable quedando las obras premiadas en propiedad del Proyecto Global de Cultura Granada Costa reserv\u00e1ndose el derecho de editarla o difundirla en nuestros medios de comunicaci\u00f3n. Las no premiadas ser\u00e1n destruidas.<\/p>\n<p style=\"text-align: justify;\">9) Los ganadores\/as se comprometen a asistir a recoger su premio.<\/p>\n<p style=\"text-align: justify;\">10) El jurado estar\u00e1 compuesto por un grupo de acad\u00e9micos de la Academia de las Ciencias, Bellas Artes y Buenas Letras Granada Costa, presidido por Don Francisco Ponce Carrasco, periodista, escritor y Vocal de la Academia. El Secretario de Actas ser\u00e1 Don Carlos \u00c1lvaro Segura Venegas, abogado y Vicepresidente de la Academia.<\/p>\n","protected":false},"excerpt":{"rendered":"<p>El Proyecto Global de Cultura Granada Costa convoca el I certamen de relato \u201cValle del Almanzora\u201d, relatos cuyos argumentos reales&hellip;<\/p>\n","protected":false},"author":3,"featured_media":20268,"comment_status":"open","ping_status":"open","sticky":false,"template":"","format":"standard","meta":{"om_disable_all_campaigns":false,"_mi_skip_tracking":false,"_monsterinsights_sitenote_active":false,"_monsterinsights_sitenote_note":"","_monsterinsights_sitenote_category":0,"footnotes":""},"categories":[21],"tags":[],"aioseo_notices":[],"_links":{"self":[{"href":"https:\/\/granadacostaglobal.es\/index.php?rest_route=\/wp\/v2\/posts\/32240"}],"collection":[{"href":"https:\/\/granadacostaglobal.es\/index.php?rest_route=\/wp\/v2\/posts"}],"about":[{"href":"https:\/\/granadacostaglobal.es\/index.php?rest_route=\/wp\/v2\/types\/post"}],"author":[{"embeddable":true,"href":"https:\/\/granadacostaglobal.es\/index.php?rest_route=\/wp\/v2\/users\/3"}],"replies":[{"embeddable":true,"href":"https:\/\/granadacostaglobal.es\/index.php?rest_route=%2Fwp%2Fv2%2Fcomments&post=32240"}],"version-history":[{"count":0,"href":"https:\/\/granadacostaglobal.es\/index.php?rest_route=\/wp\/v2\/posts\/32240\/revisions"}],"wp:featuredmedia":[{"embeddable":true,"href":"https:\/\/granadacostaglobal.es\/index.php?rest_route=\/"}],"wp:attachment":[{"href":"https:\/\/granadacostaglobal.es\/index.php?rest_route=%2Fwp%2Fv2%2Fmedia&parent=32240"}],"wp:term":[{"taxonomy":"category","embeddable":true,"href":"https:\/\/granadacostaglobal.es\/index.php?rest_route=%2Fwp%2Fv2%2Fcategories&post=32240"},{"taxonomy":"post_tag","embeddable":true,"href":"https:\/\/granadacostaglobal.es\/index.php?rest_route=%2Fwp%2Fv2%2Ftags&post=32240"}],"curies":[{"name":"wp","href":"https:\/\/api.w.org\/{rel}","templated":true}]}}