{"id":32161,"date":"2022-05-13T10:59:01","date_gmt":"2022-05-13T09:59:01","guid":{"rendered":"http:\/\/granadacostanacional.es\/?p=32161"},"modified":"2022-05-13T10:59:01","modified_gmt":"2022-05-13T09:59:01","slug":"feliz-dia-de-la-pedagogia-ya-que-sin-pedagogia-sin-pedagogia-poco-aprenderiamos-del-vivir-y-la-vida","status":"publish","type":"post","link":"https:\/\/granadacostaglobal.es\/?p=32161","title":{"rendered":"Feliz d\u00eda de la pedagog\u00eda ya que sin pedagog\u00eda&#8230; Sin pedagog\u00eda poco aprender\u00edamos del vivir y la vida"},"content":{"rendered":"<p class=\"justificar\" style=\"text-align: justify;\"><a href=\"http:\/\/granadacostanacional.es\/wp-content\/uploads\/2022\/05\/1b2ac4bc-eaee-499b-91fb-13ebed4637cd.jpg\"><img decoding=\"async\" loading=\"lazy\" class=\"size-medium wp-image-32176 alignleft\" src=\"http:\/\/granadacostanacional.es\/wp-content\/uploads\/2022\/05\/1b2ac4bc-eaee-499b-91fb-13ebed4637cd-224x300.jpg\" alt=\"1b2ac4bc-eaee-499b-91fb-13ebed4637cd\" width=\"224\" height=\"300\" \/><\/a>El pasado 10 de marzo en el marco de la reuni\u00f3n del Consejo de Colegios Oficiales de Pedagogos y Psicopedagogos de Espa\u00f1a, equipos decanales de pedagog\u00eda de las Universidades y pro colegios oficiales, dieron luz verde a instaurar el D\u00cdA DE LA PEDAGOG\u00cdA coincidiendo con la creaci\u00f3n del Consejo.<br \/>\nUna efem\u00e9ride que se celebra en diferentes pa\u00edses y que, a partir de \u00e9ste 13 de mayo de 2022, tambi\u00e9n tendr\u00e1 su d\u00eda destacado en Espa\u00f1a, fortaleciendo y poniendo en valor a sus profesionales: PEDAGOGOS\/AS y PSICOPEDAGOGOS\/AS.<\/p>\n<p style=\"text-align: justify;\"><span style=\"color: #800000;\">El D\u00cdA DE LA PEDAGOG\u00cdA<\/span> de 2022 ha de ser un d\u00eda para reivindicar reconocer a PEDAGOGOS\/AS y PSICOPEDAGOGOS\/AS como profesionales esenciales para la sociedad.<\/p>\n<blockquote class=\"wp-embedded-content\" data-secret=\"nEYl2zzmtP\"><p><a href=\"https:\/\/cgcopyp.org\/index.php\/archivos\/470\">D\u00cdA DE LA PEDAGOG\u00cdA<\/a><\/p><\/blockquote>\n<p><iframe class=\"wp-embedded-content\" sandbox=\"allow-scripts\" security=\"restricted\" style=\"position: absolute; clip: rect(1px, 1px, 1px, 1px);\" title=\"\u00abD\u00cdA DE LA PEDAGOG\u00cdA\u00bb \u2014 Consejo General de Colegios Oficiales de Pedagogos y Psicopedagogos\" src=\"https:\/\/cgcopyp.org\/index.php\/archivos\/470\/embed#?secret=hL66tJVb8n#?secret=nEYl2zzmtP\" data-secret=\"nEYl2zzmtP\" width=\"600\" height=\"338\" frameborder=\"0\" marginwidth=\"0\" marginheight=\"0\" scrolling=\"no\"><\/iframe><\/p>\n<p style=\"text-align: justify;\"><a href=\"http:\/\/granadacostanacional.es\/wp-content\/uploads\/2022\/05\/dia-de-la-pedagogia.jpg\"><img decoding=\"async\" loading=\"lazy\" class=\"alignnone size-medium wp-image-32162\" src=\"http:\/\/granadacostanacional.es\/wp-content\/uploads\/2022\/05\/dia-de-la-pedagogia-297x300.jpg\" alt=\"dia de la pedagogia\" width=\"297\" height=\"300\" \/><\/a>\u00a0Los Carteles est\u00e1n elaborados por El Consejo General de Colegios\u00a0 Oficiales de Pedagog\u00eda y Psicologia de Espa\u00f1a<\/p>\n<p style=\"text-align: justify;\"><a href=\"http:\/\/granadacostanacional.es\/wp-content\/uploads\/2022\/05\/1.png\"><img decoding=\"async\" loading=\"lazy\" class=\"size-medium wp-image-32168 aligncenter\" src=\"http:\/\/granadacostanacional.es\/wp-content\/uploads\/2022\/05\/1-300x168.png\" alt=\"1\" width=\"300\" height=\"168\" \/><\/a><\/p>\n<p><a href=\"http:\/\/granadacostanacional.es\/wp-content\/uploads\/2022\/05\/Captura-2.png\"><img decoding=\"async\" loading=\"lazy\" class=\"size-medium wp-image-32169 alignleft\" src=\"http:\/\/granadacostanacional.es\/wp-content\/uploads\/2022\/05\/Captura-2-300x257.png\" alt=\"Captura 2\" width=\"300\" height=\"257\" \/><\/a><a href=\"http:\/\/granadacostanacional.es\/wp-content\/uploads\/2022\/05\/Captura.3PNG.png\"><img decoding=\"async\" loading=\"lazy\" class=\"alignnone size-medium wp-image-32170 alignleft\" src=\"http:\/\/granadacostanacional.es\/wp-content\/uploads\/2022\/05\/Captura.3PNG-300x173.png\" alt=\"Captura.3PNG\" width=\"300\" height=\"173\" \/><\/a><\/p>\n<p>&nbsp;<\/p>\n<p>&nbsp;<\/p>\n<p><a href=\"http:\/\/granadacostanacional.es\/wp-content\/uploads\/2022\/05\/Captura4-PNG.png\"><img decoding=\"async\" loading=\"lazy\" class=\"alignnone wp-image-32173\" src=\"http:\/\/granadacostanacional.es\/wp-content\/uploads\/2022\/05\/Captura4-PNG-300x102.png\" alt=\"Captura4 PNG\" width=\"424\" height=\"144\" \/><\/a><\/p>\n<p>&nbsp;<\/p>\n<p><a href=\"http:\/\/granadacostanacional.es\/wp-content\/uploads\/2022\/05\/dia-de-la-pedagogia-6.jpg\"><img decoding=\"async\" loading=\"lazy\" class=\" wp-image-32175 aligncenter\" src=\"http:\/\/granadacostanacional.es\/wp-content\/uploads\/2022\/05\/dia-de-la-pedagogia-6-300x126.jpg\" alt=\"dia de la pedagogia 6\" width=\"386\" height=\"162\" \/><\/a><\/p>\n<p><span style=\"color: #800000;\"><strong>\u00a0<\/strong><\/span><\/p>\n<p><span style=\"color: #800000;\"><strong>Feliz d\u00eda de la pedagog\u00eda ya que sin pedagog\u00eda&#8230; Sin pedagog\u00eda poco aprender\u00edamos del vivir y la vida .<\/strong><\/span><\/p>\n<p>Dra. To\u00f1y Castillo Coordinadora del Grupo de Pedagog\u00eda y Salud del Col.legi Oficial de Pedagogia de Catalunya.<\/p>\n<p style=\"text-align: center;\"><a href=\"https:\/\/pedagogs.cat\/reg\/ca\/5439\">https:\/\/pedagogs.cat\/reg\/ca\/5439<\/a><\/p>\n<p style=\"text-align: center;\"><a href=\"https:\/\/pedagogs.cat\/\">https:\/\/pedagogs.cat\/<\/a><\/p>\n<p>&nbsp;<\/p>\n","protected":false},"excerpt":{"rendered":"<p>El pasado 10 de marzo en el marco de la reuni\u00f3n del Consejo de Colegios Oficiales de Pedagogos y Psicopedagogos&hellip;<\/p>\n","protected":false},"author":4,"featured_media":32162,"comment_status":"open","ping_status":"open","sticky":false,"template":"","format":"standard","meta":{"om_disable_all_campaigns":false,"_mi_skip_tracking":false,"_monsterinsights_sitenote_active":false,"_monsterinsights_sitenote_note":"","_monsterinsights_sitenote_category":0,"footnotes":""},"categories":[25,21,35,22,19,30],"tags":[],"aioseo_notices":[],"_links":{"self":[{"href":"https:\/\/granadacostaglobal.es\/index.php?rest_route=\/wp\/v2\/posts\/32161"}],"collection":[{"href":"https:\/\/granadacostaglobal.es\/index.php?rest_route=\/wp\/v2\/posts"}],"about":[{"href":"https:\/\/granadacostaglobal.es\/index.php?rest_route=\/wp\/v2\/types\/post"}],"author":[{"embeddable":true,"href":"https:\/\/granadacostaglobal.es\/index.php?rest_route=\/wp\/v2\/users\/4"}],"replies":[{"embeddable":true,"href":"https:\/\/granadacostaglobal.es\/index.php?rest_route=%2Fwp%2Fv2%2Fcomments&post=32161"}],"version-history":[{"count":0,"href":"https:\/\/granadacostaglobal.es\/index.php?rest_route=\/wp\/v2\/posts\/32161\/revisions"}],"wp:featuredmedia":[{"embeddable":true,"href":"https:\/\/granadacostaglobal.es\/index.php?rest_route=\/"}],"wp:attachment":[{"href":"https:\/\/granadacostaglobal.es\/index.php?rest_route=%2Fwp%2Fv2%2Fmedia&parent=32161"}],"wp:term":[{"taxonomy":"category","embeddable":true,"href":"https:\/\/granadacostaglobal.es\/index.php?rest_route=%2Fwp%2Fv2%2Fcategories&post=32161"},{"taxonomy":"post_tag","embeddable":true,"href":"https:\/\/granadacostaglobal.es\/index.php?rest_route=%2Fwp%2Fv2%2Ftags&post=32161"}],"curies":[{"name":"wp","href":"https:\/\/api.w.org\/{rel}","templated":true}]}}