{"id":32107,"date":"2022-05-11T09:43:31","date_gmt":"2022-05-11T08:43:31","guid":{"rendered":"http:\/\/granadacostanacional.es\/?p=32107"},"modified":"2022-05-11T09:43:31","modified_gmt":"2022-05-11T08:43:31","slug":"pasar-el-abuelo-al-archivo","status":"publish","type":"post","link":"https:\/\/granadacostaglobal.es\/?p=32107","title":{"rendered":"PASAR EL ABUELO AL ARCHIVO"},"content":{"rendered":"<p style=\"text-align: justify;\">Hace unos d\u00edas recib\u00ed la visita de mi amigo Juan. Se present\u00f3 en casa sin avisarme con la disculpa de que quer\u00eda felicitarme personalmente por mi 90 cumplea\u00f1os, cosa extra\u00f1a porque siempre lo hizo a trav\u00e9s del tel\u00e9fono. Como nos conocemos hace a\u00f1os intu\u00ed que algo de importancia quer\u00eda contarme. Nos metimos en mi refugio, una sala espaciosa separada de la casa por un patio que hace de biblioteca, de despacho donde desarrollo todas mis actividades administrativas, donde doy forma a mis proyectos, leo, pienso y escribo, abro la caja de los recuerdos y pongo alas a mis sue\u00f1os y esperanzas. S\u00e9 que algunas mentes romas y brutas pensar\u00e1n, \u00bfsue\u00f1os, esperanzas a los 90 a\u00f1os? Precisamente a mi edad es cuando no deben faltar esas dos cosas. Sin sue\u00f1os, sin esperanza y sin entusiasmo la vida se convierte en un infierno, en \u201cun muerto que come\u201d, como he dicho en alguna que otra ocasi\u00f3n.<\/p>\n<p style=\"text-align: justify;\">\u00a0Fue precisamente la falta de entusiasmo en la cara de mi amigo Juan lo que dilat\u00f3 el conflicto interior que le martirizaba, su rostro aparec\u00eda surcado por la preocupaci\u00f3n. As\u00ed que despu\u00e9s de una primera conversaci\u00f3n banal me fui directamente al grano y le pregunt\u00e9 qu\u00e9 le pasaba, pues su aspecto no era el de otras veces, en\u00e9rgico, seguro, vital y entusiasta. Como estaba deseoso de descargarse pues me cont\u00f3 esto que yo cuento resumido:<\/p>\n<p style=\"text-align: justify;\">En los primeros d\u00edas de enero con motivo de la celebraci\u00f3n de la Epifan\u00eda se juntaron los hijos con las nueras y nietos en una comida. Al t\u00e9rmino de \u00e9sta el tema de la conversaci\u00f3n fue Juan, el abuelo que ya estaba muy mayor y, seg\u00fan sus hijos y sus mujeres deb\u00eda dedicarse ya a descansar pues ya hab\u00eda trabajado bastante (Juan ha cumplido 83 a\u00f1os). Descansar significa dejar la administraci\u00f3n de sus fincas de frutos tropicales y repartir la hacienda y ellos se encargar\u00edan de que a los abuelos no les faltara nada.<\/p>\n<p style=\"text-align: justify;\">Juan escuch\u00f3 en silencio sin decir nada, conteni\u00e9ndose por la rabia que le estaba royendo las entra\u00f1as. Cuando los hijos y las nueras terminaron su exposici\u00f3n, Juan s\u00f3lo dijo que lo pensar\u00eda. Se levant\u00f3 y se meti\u00f3 en el aseo cerca de donde estaban reunidos y, no pudo evitar o\u00edr la voz de un nieto que dijo con sorna<strong>: \u201cya quer\u00e9is mandar al abuelo al archivo\u201d.<\/strong><\/p>\n<p style=\"text-align: justify;\"><strong>\u00a0<\/strong>Esto fue en s\u00edntesis lo que me cont\u00f3 mi amigo Juan, causa de su pena y de su desesperaci\u00f3n. Estas situaciones no son extraordinarias sino muy comunes. Despu\u00e9s de escuchar a Juan los dos guardamos un largo silencio y finalmente le pregunt\u00e9 qu\u00e9 pensaba hacer. Me contest\u00f3 tan r\u00e1pido que me dio a entender que ya hab\u00eda tomado una rotunda decisi\u00f3n y as\u00ed era, dijo:<\/p>\n<p style=\"text-align: justify;\">\u201cLes dar\u00e9 las gracias por ese inter\u00e9s que se hab\u00edan tomado por mi descanso y por el bienestar de los abuelos, pero que en absoluto me sent\u00eda cansado y por tanto seguir\u00e9 como hasta ahora, activo y desempe\u00f1ando todas mis tareas, yendo al campo y gestionando mi peque\u00f1o patrimonio. El descanso vendr\u00e1 cuando me muera. Por tanto, quiero morir en pleno trabajo, sabiendo que otros continuar\u00e1n lo que yo ya no puedo hacer y, contento al pensar que se hizo lo que fue posible hacer. Pero mientras tanto me creo con las suficientes fuerzas y capacidades para gobernar mi casa y mi vida. Adem\u00e1s, intento seguir lo que me dijo aquel pintor franc\u00e9s, Chagall: \u201cmientras tengamos vida, debemos pintar con nuestros propios colores del amor y la esperanza\u201d. En esto estoy, pintar con mis propios colores y no con los que otros intenten que pinte y arrumbarme al pasado, a la nada. Esta nueva sociedad piensa que los mayores no podemos tener sue\u00f1os y esperanzas de futuro. Por lo que a m\u00ed respecta no pienso caminar hacia atr\u00e1s.<\/p>\n<p style=\"text-align: justify;\">\u00a0Me parecieron muy sabias sus palabras y muy acertada su decisi\u00f3n de no rendirse. <strong>\u201cel archivo del abuelo puede esperar<\/strong>\u201d. Seguidamente descorchamos una botella de vino a modo de celebraci\u00f3n y nos dimos unos tragos. El mundo se ve\u00eda de otro color. La alegr\u00eda hab\u00eda vuelto a su cara y volv\u00eda a ser el Juan de siempre. Y como es \u201cmuy le\u00eddo\u201d, como por aqu\u00ed se dice al que lee y sabe, pues me solt\u00f3 una serie de citas acordes con el tema; este de Leonardo Da Vinci: \u201cEl hierro se enmohece por desuso, el agua estancada pierde su pureza y cuando hace fr\u00edo se congela; as\u00ed llega la inactividad los poderes de la mente\u201d.<\/p>\n<p style=\"text-align: justify;\">\u00a0Ni m\u00e1s ni menos es lo que quer\u00edan hacer mis hijos y mis nueras conmigo, que me congelara, que me enmoheciera y\u2026 vi brotar de nuevo la alegr\u00eda, el entusiasmo, la esperanza y las ganas de vivir en la cara de mi amigo Juan. Me acord\u00e9 entonces de aquellas de Ausias March: \u201cEl hombre nunca encuentra el fin, solamente nuevos puntos de partida\u201d.<\/p>\n<p style=\"text-align: justify;\">\u00a0Sin duda, Juan hab\u00eda encontrado de nuevo un punto de partida.<\/p>\n<p style=\"text-align: justify;\">Y para terminar me quedo con la frase del poeta liban\u00e9s, Khalil Gibr\u00e1n que siempre me trae una nueva esperanza: \u201cEn el coraz\u00f3n de todos los inviernos vive una primavera palpitante, y detr\u00e1s de cada noche viene una aurora sonriente\u201d.<\/p>\n<p>&nbsp;<\/p>\n<p style=\"text-align: right;\"><strong>\u00a0\u00a0\u00a0\u00a0\u00a0\u00a0\u00a0\u00a0 JOS\u00c9 ANTONIO BUSTOS<\/strong><\/p>\n","protected":false},"excerpt":{"rendered":"<p>Hace unos d\u00edas recib\u00ed la visita de mi amigo Juan. Se present\u00f3 en casa sin avisarme con la disculpa de&hellip;<\/p>\n","protected":false},"author":3,"featured_media":16054,"comment_status":"open","ping_status":"open","sticky":false,"template":"","format":"standard","meta":{"om_disable_all_campaigns":false,"_mi_skip_tracking":false,"_monsterinsights_sitenote_active":false,"_monsterinsights_sitenote_note":"","_monsterinsights_sitenote_category":0,"footnotes":""},"categories":[30],"tags":[],"aioseo_notices":[],"_links":{"self":[{"href":"https:\/\/granadacostaglobal.es\/index.php?rest_route=\/wp\/v2\/posts\/32107"}],"collection":[{"href":"https:\/\/granadacostaglobal.es\/index.php?rest_route=\/wp\/v2\/posts"}],"about":[{"href":"https:\/\/granadacostaglobal.es\/index.php?rest_route=\/wp\/v2\/types\/post"}],"author":[{"embeddable":true,"href":"https:\/\/granadacostaglobal.es\/index.php?rest_route=\/wp\/v2\/users\/3"}],"replies":[{"embeddable":true,"href":"https:\/\/granadacostaglobal.es\/index.php?rest_route=%2Fwp%2Fv2%2Fcomments&post=32107"}],"version-history":[{"count":0,"href":"https:\/\/granadacostaglobal.es\/index.php?rest_route=\/wp\/v2\/posts\/32107\/revisions"}],"wp:featuredmedia":[{"embeddable":true,"href":"https:\/\/granadacostaglobal.es\/index.php?rest_route=\/"}],"wp:attachment":[{"href":"https:\/\/granadacostaglobal.es\/index.php?rest_route=%2Fwp%2Fv2%2Fmedia&parent=32107"}],"wp:term":[{"taxonomy":"category","embeddable":true,"href":"https:\/\/granadacostaglobal.es\/index.php?rest_route=%2Fwp%2Fv2%2Fcategories&post=32107"},{"taxonomy":"post_tag","embeddable":true,"href":"https:\/\/granadacostaglobal.es\/index.php?rest_route=%2Fwp%2Fv2%2Ftags&post=32107"}],"curies":[{"name":"wp","href":"https:\/\/api.w.org\/{rel}","templated":true}]}}