{"id":32086,"date":"2022-05-04T19:00:47","date_gmt":"2022-05-04T18:00:47","guid":{"rendered":"http:\/\/granadacostanacional.es\/?p=32086"},"modified":"2022-05-04T19:00:47","modified_gmt":"2022-05-04T18:00:47","slug":"entrevista-a-la-actriz-ruth-gabriel","status":"publish","type":"post","link":"https:\/\/granadacostaglobal.es\/?p=32086","title":{"rendered":"ENTREVISTA A LA ACTRIZ RUTH GABRIEL"},"content":{"rendered":"<p style=\"text-align: justify;\">\u00a0\u00a0\u00a0\u00a0\u00a0\u00a0\u00a0\u00a0\u00a0\u00a0\u00a0\u00a0\u00a0\u00a0\u00a0 <strong>Queridos lectores del Granada Costa, en esta ocasi\u00f3n les traigo a la actriz Ruth Gabriel Bueno (San Fernando en C\u00e1diz, 10 de julio de 1975). En la actualidad esta en plena representaci\u00f3n teatral de la obra magistral y maravillosa de Federico Garc\u00eda Lorca\u00a0 <em>La Casa de Bernarda Alba, <\/em>en el Teatro Espa\u00f1ol de Madrid desde el 6 de mayo hasta el 5 de junio, interpretando el papel de Magdalena, bajo las \u00f3rdenes de Jos\u00e9 Carlos Plaza, y junto a un reparto de lujo que lo componen; Ana Fern\u00e1ndez, Mona Mart\u00ednez, Zaira Montes, Rosario Prado, Montse Peidro, Marina Salas y Consuelo Trujillo.\u00a0 <\/strong><\/p>\n<p style=\"text-align: justify;\"><strong>\u00a0\u00a0\u00a0\u00a0\u00a0\u00a0\u00a0\u00a0\u00a0\u00a0\u00a0\u00a0\u00a0\u00a0\u00a0 Nuestra entrevistada es hija del actor Ismael Abell\u00e1n\u00a0 y de la actriz y escritora Ana Mar\u00eda Bueno de la Pe\u00f1a, m\u00e1s conocida por Ana Rosetti. Aunque naci\u00f3 en C\u00e1diz, su infancia la vivi\u00f3 en Madrid. Los que andemos rondando los cincuenta o m\u00e1s, seguramente nos acordaremos de que fue parte del reparto de aquel programa infantil que nos ense\u00f1\u00f3 muchas cosas, como fue <em>Barrio S\u00e9samo, <\/em>donde comenz\u00f3 con el nombre art\u00edstico de Ruth Abell\u00e1n (1984-1987), ya con catorce a\u00f1os se traslad\u00f3 a los Estados Unidos para estudiar en la Escuela Americana de Arte Dram\u00e1tico de Pasadena y gan\u00f3 el certamen de teatro escolar del Sur de California. Luego sigui\u00f3 aprendiendo sobre la profesi\u00f3n en Florencia en el teatro cl\u00e1sico del Oriuolo con Gianni Sussini, teatro y danza (<em>\u201cLa inteligencia del cuerpo\u201d) <\/em>con Rafaella Rossellini y Luis Emilio Bruni y cant\u00f3 en el coro del Duomo de Florencia. Ya de regreso a Madrid ampli\u00f3 su formaci\u00f3n y conocimientos con clases de baile y esgrima, y trabajo de go-go y camarera. <\/strong><\/p>\n<p style=\"text-align: justify;\"><strong>\u00a0\u00a0\u00a0\u00a0\u00a0\u00a0\u00a0\u00a0\u00a0\u00a0\u00a0\u00a0\u00a0\u00a0\u00a0 El nombre de Ruth Gabriel lo estren\u00f3 con su primera pel\u00edcula <em>D\u00edas contados <\/em>de Imanol Uribe en 1994. Por esta espl\u00e9ndida interpretaci\u00f3n le fue concedido el Premio Goya a la mejor actriz revelaci\u00f3n, aunque tambi\u00e9n estuvo designada al Premio como actriz protagonista por el mismo papel, ganando por ese papel el Premio Ondas, el Ojo Cr\u00edtico, y el de Mejor Actriz en el Courmayeur Noir Film Festival. A partir de ese momento su carrera empez\u00f3 a despegar tanto en cine, teatro y televisi\u00f3n, cosechando otros premios y reconocimientos como el de Mejor Actriz en La Mostra de Cine de Valencia por su pel\u00edcula <em>\u201cMalamuerte\u201d. <\/em><\/strong><\/p>\n<p style=\"text-align: justify;\"><strong><em>\u00a0\u00a0\u00a0\u00a0\u00a0\u00a0\u00a0\u00a0\u00a0\u00a0\u00a0\u00a0\u00a0\u00a0\u00a0 <\/em><\/strong><strong>\u00a0Sobre su trayectoria desde los siete a\u00f1os nada menos, podemos destacar que ha trabajado en <em>La cometa blanca, Barrio S\u00e9samo, C\u00f3micos, Nostromo, Querido maestro, Antivicio, La Mari, Historia Estrella, 7 Vidas, El comisario, Bandolera, Olmos y Robles, Centro m\u00e9dico, Perd\u00f3name Se\u00f1or, El Continental y Amar es para siempre.<\/em><\/strong><\/p>\n<p style=\"text-align: justify;\"><strong><em>\u00a0\u00a0\u00a0\u00a0\u00a0\u00a0\u00a0\u00a0\u00a0\u00a0\u00a0\u00a0\u00a0\u00a0\u00a0 <\/em><\/strong><strong>Dentro de la gran pantalla ha trabajado bajo las \u00f3rdenes de excelentes directores y directoras de nuestro s\u00e9ptimo arte, como son; Imanol Uribe, Antonio Eceiza, Luis Felipe Rocha, Enrico Coletti, Agust\u00ed Villaronga, Betty Kaplan, \u00c1lvaro Olavarria, Alberto Ortiza, Rafael Alc\u00e1zar, Manuel Estudillo, Miquel Garc\u00eda Borda, Vicente P\u00e9rez Herrero, Emilio Ruiz Barrachina y Gerardo Herrero. En pel\u00edculas como<em> D\u00edas contados, Felicidades tovarich, Se\u00f1ales de fuego, A tres bandas, 99.9, Do\u00f1a B\u00e1rbara, Sinf\u00edn, Besos de gato, Historia de Estrella, Lazos rotos, La mujer de la f\u00e1brica de hielo, El disc\u00edpulo, Zona hostil <\/em>y <em>El asesino de los caprichos. <\/em><\/strong><\/p>\n<p style=\"text-align: justify;\"><strong><em>\u00a0\u00a0\u00a0\u00a0\u00a0\u00a0\u00a0\u00a0\u00a0\u00a0\u00a0\u00a0\u00a0\u00a0\u00a0 <\/em><\/strong><strong>Aunque no se ha prodigado mucho sobre un escenario sabemos que le apasiona el calor del p\u00fablico, y representar cl\u00e1sicos de la literatura universal como buena actriz que es. Ha representado <em>Verano, Una vida robada, Crimen y castigo <\/em>de Fiodor Dostoievski<em>, Fuente Ovejuna <\/em>de Lope de Vega<em>, El gran teatro del mundo <\/em>de Calder\u00f3n de la Barca<em>, Linda vista,\u00a0 <\/em>y por segunda vez <em>La casa de Bernarda Alba<\/em> de Federico Garc\u00eda Lorca<em>, <\/em>tras haber actuado en dicha obra har\u00e1 nada menos que diecis\u00e9is a\u00f1os, regresa ahora de nuevo como Magdalena y nada menos que el Teatro Espa\u00f1ol durante un mes entero para disfrute de los madrile\u00f1os y de todos aquellos que est\u00e9n de paso por ah\u00ed. <\/strong><\/p>\n<p style=\"text-align: justify;\"><strong>\u00a0\u00a0\u00a0\u00a0\u00a0\u00a0\u00a0\u00a0\u00a0\u00a0\u00a0\u00a0\u00a0\u00a0\u00a0 Como productora en la empresa Zampa Audiovisual S.L. tiene t\u00edtulos como el cortometraje <em>La lecci\u00f3n, <\/em>y los documentales \u201c<em>Jerez y el Misterio del Palo Cortado\u201d, \u201cJa\u00e9n, Virgen y extra\u201d <\/em>y <em>\u201cGoya, el ojo que escucha\u201d <\/em>Que acaba de ser seleccionado para el Festival de Cannes en la secci\u00f3n Cannes Classic.<\/strong><\/p>\n<p style=\"text-align: justify;\"><strong><em>\u00a0\u00a0\u00a0\u00a0\u00a0\u00a0\u00a0\u00a0\u00a0\u00a0\u00a0\u00a0\u00a0\u00a0\u00a0 <\/em><\/strong><strong>Tambi\u00e9n es profesora de interpretaci\u00f3n y de comunicaci\u00f3n habiendo creado ECO (Estrategias de Comunicaci\u00f3n Oral) un programa de aprendizaje de comunicaci\u00f3n que ha colaborado con IMCINE, FICG, Latido Films, Saint Andrews University, MAFIZ, CIMA Impulsa, Festival de Cine de Avil\u00e9s, entre otros, adem\u00e1s de numerosas tutor\u00edas personalizadas. <\/strong><\/p>\n<p style=\"text-align: justify;\"><strong>\u00a0\u00a0\u00a0\u00a0\u00a0\u00a0\u00a0\u00a0\u00a0\u00a0\u00a0\u00a0\u00a0\u00a0\u00a0 En su faceta de escritora forma parte de la antolog\u00eda Madrid Capital con su poemario <em>After Hours <\/em>y tiene el premio Aljarafesa por su poema <em>Madre Agua. <\/em><\/strong><\/p>\n<p style=\"text-align: justify;\"><strong><em>\u00a0<\/em><\/strong><\/p>\n<p style=\"text-align: justify;\"><strong><em>\u00a0\u00a0\u00a0\u00a0\u00a0\u00a0\u00a0\u00a0\u00a0\u00a0\u00a0\u00a0\u00a0\u00a0\u00a0 <\/em><\/strong><strong>Sin m\u00e1s pre\u00e1mbulos daremos comienzo a la presente entrevista, con la que conoceremos a esta simp\u00e1tica y polifac\u00e9tica artista, que ha sabido seguir los pasos de sus padres a lo largo de tantos a\u00f1os, e incluso super\u00e1ndolos si eso es posible en cierta medida con su buen hacer y profesionalidad, y los innumerables premios y reconocimientos logrados en tantos a\u00f1os de carrera.\u00a0 <\/strong><\/p>\n<p style=\"text-align: justify;\"><strong>\u00a0<\/strong><\/p>\n<p style=\"text-align: justify;\"><strong>\u00a0\u00a0\u00a0\u00a0\u00a0\u00a0\u00a0\u00a0\u00a0\u00a0\u00a0\u00a0\u00a0\u00a0\u00a0 &#8211; En primer lugar, quiero agradecerte el tiempo que nos dispensas para responder a las siguientes preguntas. La primera como es ya costumbre, aunque comenzaste desde ni\u00f1a en <em>Barrio S\u00e9samo<\/em> y viniendo de padres artistas, \u00bfen qu\u00e9 momento de tu tierna edad y c\u00f3mo te viste llamada al mundo de la far\u00e1ndula y en qu\u00e9 instante decidiste que ser\u00eda tu profesi\u00f3n?<\/strong><\/p>\n<p style=\"text-align: justify;\"><strong>\u00a0<\/strong><\/p>\n<p style=\"text-align: justify;\">-Sinceramente no recuerdo no haber querido ser actriz en ning\u00fan momento de mi vida. S\u00ed es cierto que hay dos pel\u00edculas que me marcaron y me hicieron convencerme de que eso era exactamente lo que quer\u00eda hacer en mi vida. Por un lado \u201cEn el estanque dorado\u201d; Cuando v\u00ed a Katherine Hepburn ya mayor disfrutando de un papel tan fascinante, loco, fuerte, y con esa mezcla que parece madre, hero\u00edna y loca al mismo tiempo, pens\u00e9 que yo quer\u00eda hacer eso por el resto de mi vida, hasta que me muriera.<\/p>\n<p style=\"text-align: justify;\">Por otro lado: \u201cCr\u00eda cuervos\u201d S\u00e9 que puede sonar muy preocupante decir que me sent\u00ed muy identificada con el personaje que interpretaba Ana Torrent, teniendo en cuenta que era una ni\u00f1a que quer\u00eda envenenar a varias personas en su casa, pero lo cierto es que me fascin\u00f3. Creo que fue porque Saura sabe crear muy bien el universo de los pensamientos m\u00e1s retorcidos de los ni\u00f1os, esa inocencia que no tiene nada de dulce ni de cursi, sino algo m\u00e1s profundo y real, y quiz\u00e1 por eso me vi yo en esa ni\u00f1a.<\/p>\n<p style=\"text-align: justify;\"><strong>\u00a0<\/strong><\/p>\n<p style=\"text-align: justify;\"><strong>\u00a0\u00a0\u00a0\u00a0\u00a0\u00a0\u00a0\u00a0\u00a0\u00a0\u00a0\u00a0\u00a0\u00a0\u00a0 -Aunque tus padres son artistas, cuando supieron que quer\u00edas seguir sus pasos. \u00bfTe apoyaron de forma incondicional o hubieran preferido que te decantaras por otra profesi\u00f3n?<\/strong><\/p>\n<p style=\"text-align: justify;\"><strong>\u00a0\u00a0\u00a0\u00a0\u00a0\u00a0\u00a0\u00a0\u00a0\u00a0\u00a0\u00a0\u00a0\u00a0\u00a0 <\/strong><\/p>\n<p style=\"text-align: justify;\"><strong>\u00a0\u00a0\u00a0\u00a0\u00a0\u00a0\u00a0\u00a0\u00a0\u00a0\u00a0\u00a0\u00a0\u00a0\u00a0 <\/strong>-Ellos vieron inmediatamente que yo sent\u00eda pasi\u00f3n por la interpretaci\u00f3n y me alimentaban llev\u00e1ndome a ver pel\u00edculas y obras de teatro que aunque no siempre entend\u00eda del todo pero consegu\u00edan fascinarme. Siempre han pensado en m\u00ed como una persona capaz de discernir mis gustos y mis pasiones y si algo me han regalado en la vida ha sido valor, confianza y la certeza de que si no haces lo que verdaderamente te apasaiona, no solamente eres infeliz, sino que puedes incluso terminar haciendo infeliz a tu entorno.<\/p>\n<p style=\"text-align: justify;\"><strong>\u00a0<\/strong><\/p>\n<p style=\"text-align: justify;\"><strong>\u00a0<a href=\"http:\/\/granadacostanacional.es\/wp-content\/uploads\/2022\/05\/MGP6181-C-marcosGpunto.jpg\"><img decoding=\"async\" loading=\"lazy\" class=\"aligncenter size-large wp-image-32088\" src=\"http:\/\/granadacostanacional.es\/wp-content\/uploads\/2022\/05\/MGP6181-C-marcosGpunto-1024x576.jpg\" alt=\"_MGP6181 (C) marcosGpunto\" width=\"1024\" height=\"576\" \/><\/a><\/strong><\/p>\n<p style=\"text-align: justify;\"><strong>\u00a0\u00a0\u00a0\u00a0\u00a0\u00a0\u00a0\u00a0\u00a0\u00a0\u00a0\u00a0\u00a0\u00a0\u00a0 -Cuando entraste a formar parte del elenco de <em>Barrio S\u00e9samo<\/em>, \u00bfc\u00f3mo te sentiste siendo tan peque\u00f1a?, seguro que muy nerviosa al principio. \u00bfFue dif\u00edcil con esa edad estar delante de una pantalla y recordar los guiones? Imagino que tus padres te ayudar\u00edan much\u00edsimo entonces. \u00bfQu\u00e9 nos puedes contar de aquel tiempo y del significado que ha supuesto para tantas generaciones?<\/strong><\/p>\n<p style=\"text-align: justify;\"><strong>\u00a0<\/strong><\/p>\n<p style=\"text-align: justify;\">-Yo empec\u00e9 con \u201cLa Cometa Blanca\u201d, as\u00ed que hice la prueba con bastante seguridad. Me preguntaron si hab\u00eda hecho algo antes y les interpret\u00e9 todos los episodios que hab\u00eda grabado haciendo de todos los personajes. Mis padres o\u00edan a la gente mueri\u00e9ndose de la risa y estaban asustados pensando que iba a salir destrozada pensando que se hab\u00edan re\u00eddo de m\u00ed, porque en el fondo yo era muy t\u00edmida y sensible, pero recuerdo haber sido feliz haciendo re\u00edr a la gente.<br \/>\nLuego las grabaciones se hicieron duras: en aquel entonces los ni\u00f1os trabajaban igual que los adultos y yo apenas iba al colegio, lo que influ\u00eda muy negativamente en mis notas. Siempre ten\u00eda que presentarme a los ex\u00e1menes de recuperaci\u00f3n y consegu\u00ed no repetir nunca curso, poque entre todos los aprendizajes que me dio la TV el m\u00e1s importante fue el de trabajar la memoria.<\/p>\n<p style=\"text-align: justify;\"><strong>\u00a0<\/strong><\/p>\n<p style=\"text-align: justify;\"><strong>\u00a0\u00a0\u00a0\u00a0\u00a0\u00a0\u00a0\u00a0\u00a0\u00a0\u00a0\u00a0\u00a0\u00a0\u00a0 -Has estudiado en EEUU, en Florencia y en Madrid, de cara a perfeccionar tus dotes interpretativas. Ser\u00eda muy duro para una chavala con esa edad irse especialmente a EEUU o a Italia, que seg\u00fan parece all\u00ed se traslado tu madre. \u00bfQu\u00e9 recuerdos guardas de esos desplazamientos, estudios y el problema del idioma?<\/strong><\/p>\n<p style=\"text-align: justify;\"><strong>\u00a0<\/strong><\/p>\n<p style=\"text-align: justify;\"><strong>\u00a0\u00a0\u00a0\u00a0\u00a0\u00a0\u00a0\u00a0\u00a0\u00a0\u00a0\u00a0\u00a0\u00a0\u00a0 <\/strong>-Lo bueno de haberlo hecho tan joven es que a\u00fan ten\u00eda una vena algo \u00a1Kamikaze! No, ahora en serio: A m\u00ed me vino muy bien, sobretodo el primer viaje a los Estados Unidos, porque pude pasar una adolescencia an\u00f3nima, en vez de ser la ni\u00f1a del Barrio S\u00e9samo. Despu\u00e9s de eso me di cuenta de la importancia de viajar, de conocer otros lugares, otras culturas y otras ideas. Es imprescindible para crecer y ser mejores personas.<\/p>\n<p style=\"text-align: justify;\"><strong>\u00a0\u00a0\u00a0\u00a0\u00a0\u00a0\u00a0\u00a0\u00a0\u00a0\u00a0\u00a0\u00a0\u00a0\u00a0 <\/strong><\/p>\n<p style=\"text-align: justify;\"><strong>\u00a0<\/strong><\/p>\n<p style=\"text-align: justify;\"><strong>-Entre esos estudios en Madrid aprendiste baile y esgrima, esto \u00faltimo te ayudar\u00eda bastante para <em>Bandolera.<\/em> De tantos castings que habr\u00e1s tenido que realizar, \u00bfcu\u00e1les fueron los que m\u00e1s te marcaron profesionalmente y en alg\u00fan momento entre rechazos y aprobaciones, tuviste dudas de si la carrera de artista ser\u00eda lo tuyo finalmente?<\/strong><\/p>\n<p style=\"text-align: justify;\"><strong>\u00a0<\/strong><\/p>\n<p style=\"text-align: justify;\"><strong>\u00a0\u00a0\u00a0\u00a0\u00a0\u00a0\u00a0\u00a0\u00a0\u00a0\u00a0\u00a0\u00a0\u00a0\u00a0 <\/strong>-Bueno, en Bandolera yo era una profesora dulce y d\u00f3cil y no tuve que usar la esgrima, pero lo pas\u00e9 estupendamente. De los castings tengo algunos recuerdos bastante duros, pero a los que he aprendido a no hacer caso. La historia de mi infancia era presentarme a castings con el texto bien trabajado y memorizado y que luego me dijeran que estaban buscando una ni\u00f1a rubia. Tambi\u00e9n he pasado por \u00e9l: \u201cLa necesitamos m\u00e1s joven\u201d y un mont\u00f3n de cosas m\u00e1s, pero como todo esto lo he vivido desde peque\u00f1a no dejo que me derrumbe.<\/p>\n<p style=\"text-align: justify;\"><strong>\u00a0<\/strong><\/p>\n<p style=\"text-align: justify;\"><strong>\u00a0<\/strong><\/p>\n<p style=\"text-align: justify;\"><strong>\u00a0\u00a0\u00a0\u00a0\u00a0\u00a0\u00a0\u00a0\u00a0\u00a0\u00a0\u00a0\u00a0\u00a0\u00a0 -En una entrevista reciente nos coment\u00f3 Marta Hazas, que se pensaba rodar una serie sobre el personaje de <em>El Zorro, <\/em>y le pregunt\u00e9 aprovechando sus conocimientos en esgrima como es tu caso, si le apetecer\u00eda enfrentarse a \u00e9l, y ganarle en un duelo. Me dijo que la encantar\u00eda participar en la serie y vencerle en una contienda. En el caso de Ruth, \u00bfse ver\u00eda capaz tambi\u00e9n de enfrentarse al m\u00edtico Zorro, ganarle y dejarle despu\u00e9s su marca personal?<\/strong><\/p>\n<p style=\"text-align: justify;\"><strong>\u00a0<\/strong><\/p>\n<p style=\"text-align: justify;\">-Bueno, que gane o no depende m\u00e1s del gui\u00f3n que de mis talentos personales, \u00a1me temo! Pero s\u00ed te puedo asegurar que me divertir\u00eda much\u00edsimo.<\/p>\n<p style=\"text-align: justify;\"><strong>\u00a0<\/strong><\/p>\n<p style=\"text-align: justify;\"><strong>\u00a0\u00a0\u00a0\u00a0\u00a0\u00a0\u00a0\u00a0\u00a0\u00a0\u00a0\u00a0\u00a0\u00a0\u00a0 -Ya de joven con nada menos que dieciocho a\u00f1os te lleg\u00f3 un personaje que marcar\u00eda tu carrera elev\u00e1ndola hasta cimas insospechadas, como fue el de <em>D\u00edas contados <\/em>en el papel de Charo. \u00bfQu\u00e9 sentiste tras recibir tantos reconocimientos, Premios y especialmente el Premio Goya a la Mejor Actriz revelaci\u00f3n? Imagino que estar\u00edas en una nube de la que no querr\u00edas bajarte, pues a esa edad verse uno tan arriba nos puede hacer perder la perspectiva. <\/strong><\/p>\n<p style=\"text-align: justify;\"><strong>\u00a0<\/strong><\/p>\n<p style=\"text-align: justify;\"><strong>\u00a0\u00a0\u00a0\u00a0\u00a0\u00a0\u00a0\u00a0\u00a0\u00a0\u00a0\u00a0\u00a0\u00a0\u00a0 <\/strong>-A D\u00edas Contados y le llamo \u201cLa peli que me pari\u00f3\u201d. Y los premios supusieron para m\u00ed, sobretodo, una bienvenida a la profesi\u00f3n. Fueron varios los premios que recib\u00ed gracias al voto de compa\u00f1eros de la industria y eso me hizo sentir acogida y enormemente feliz.<\/p>\n<p style=\"text-align: justify;\"><strong>\u00a0<\/strong><\/p>\n<p style=\"text-align: justify;\"><strong>\u00a0<a href=\"http:\/\/granadacostanacional.es\/wp-content\/uploads\/2022\/05\/RUTH_.jpg\"><img decoding=\"async\" loading=\"lazy\" class=\"aligncenter size-large wp-image-32089\" src=\"http:\/\/granadacostanacional.es\/wp-content\/uploads\/2022\/05\/RUTH_-1024x683.jpg\" alt=\"RUTH_\" width=\"1024\" height=\"683\" \/><\/a><\/strong><\/p>\n<p style=\"text-align: justify;\"><strong>\u00a0\u00a0\u00a0\u00a0\u00a0\u00a0\u00a0\u00a0\u00a0\u00a0\u00a0\u00a0\u00a0\u00a0\u00a0 -Te has visto bajo las \u00f3rdenes de grand\u00edsimos directores, directoras y junto a excelentes compa\u00f1eros de profesi\u00f3n. De todos ellos o ellas, \u00bfcu\u00e1les te ense\u00f1aron m\u00e1s del mundo de esta profesi\u00f3n hermosa y sacrificada, y con qui\u00e9nes te gustar\u00eda volver a coincidir nuevamente en un futuro?<\/strong><\/p>\n<p style=\"text-align: justify;\"><strong>\u00a0<\/strong><\/p>\n<p style=\"text-align: justify;\"><strong>\u00a0\u00a0\u00a0\u00a0\u00a0\u00a0\u00a0\u00a0\u00a0\u00a0\u00a0\u00a0\u00a0\u00a0\u00a0 <\/strong>-Cada proyecto supone un reto, y todas las personas involucradas forman parte de este crecimiento. No cambiar\u00eda ning\u00fan proyecto ni ning\u00fan o ninguna compa\u00f1era, porque de todas las personas que me han rodeado he sacado un aprendizaje especial. S\u00ed es cierto que en algunos casos he sentido que se creaban conflictos innecesarios, mientras que con otras personas es una gozada disfrutar y compartir de eso que tenemos en com\u00fan, que es el amor incondicional a nuestra labor, la disciplina y la b\u00fasqueda de la excelencia.<\/p>\n<p style=\"text-align: justify;\"><strong>\u00a0<\/strong><\/p>\n<p style=\"text-align: justify;\"><strong>\u00a0\u00a0\u00a0\u00a0\u00a0\u00a0\u00a0\u00a0\u00a0\u00a0\u00a0\u00a0\u00a0\u00a0\u00a0 <\/strong><\/p>\n<p style=\"text-align: justify;\"><strong>\u00a0\u00a0\u00a0\u00a0\u00a0\u00a0\u00a0\u00a0\u00a0\u00a0\u00a0\u00a0\u00a0\u00a0\u00a0 -De todos los personajes que has tenido que interpretar y son muchos, \u00bfcu\u00e1les te resultaron m\u00e1s complicados y dif\u00edciles dada su complejidad, aunque despu\u00e9s te enriquecieron m\u00e1s como actriz y persona, y qu\u00e9 personajes te gustar\u00eda verte un d\u00eda interpretando?<\/strong><\/p>\n<p style=\"text-align: justify;\"><strong>\u00a0<\/strong><\/p>\n<p style=\"text-align: justify;\"><strong>\u00a0\u00a0\u00a0\u00a0\u00a0\u00a0\u00a0\u00a0\u00a0\u00a0\u00a0\u00a0\u00a0\u00a0\u00a0 <\/strong>-No cabe duda de que Charo, de D\u00edas Contados fue un personaje complejo y delicado, pero afortunadamente tanto desde direcci\u00f3n como desde producci\u00f3n tuvieron claro que se ten\u00eda que trabajar con rigor y mucho mimo. Finalmente lo que ayuda a crear un buen proyecto son los ensayos en com\u00fan, poner a todo el equipo t\u00e9cnico y art\u00edstico en sinton\u00eda, atar bien los cabos y luego lanzarse a rodar con seguridad y valent\u00eda. As\u00ed pas\u00f3 tambi\u00e9n con \u201cZona Hostil\u201d, donde tuvimos semanas de entrenamiento con militares para poder ponernos en sus zapatos, sentir el uniforme, el lenguaje corporal, el sentido del deber, las jerarqu\u00edas y sus valores como si fueran propios lo que llen\u00f3 la pel\u00edcula de mucha naturalidad y verdad.<\/p>\n<p style=\"text-align: justify;\"><strong>\u00a0<\/strong><\/p>\n<p style=\"text-align: justify;\"><strong>\u00a0\u00a0\u00a0\u00a0\u00a0\u00a0\u00a0\u00a0\u00a0\u00a0\u00a0\u00a0\u00a0\u00a0\u00a0 -Han existido innumerables momentos en la historia del teatro y de la far\u00e1ndula en general, a lo largo de a\u00f1os y siglos. Pero a Ruth Gabriel, \u00bfa cu\u00e1l le hubiera gustado asistir para vivirlo en primera persona con los artistas que estuvieron y por qu\u00e9?<\/strong><\/p>\n<p style=\"text-align: justify;\"><strong>\u00a0\u00a0\u00a0\u00a0\u00a0\u00a0\u00a0\u00a0\u00a0\u00a0\u00a0\u00a0\u00a0\u00a0\u00a0 <\/strong><\/p>\n<p style=\"text-align: justify;\">-Una obra de teatro que me marc\u00f3 en mi infacia fue \u201cEl P\u00fablico\u201d de Federico Garc\u00eda Lorca, dirigida por Lluis Pascual para el Centro Dram\u00e1tico Nacional. All\u00ed estaban mi padre, Ismael Abell\u00e1n, y mi t\u00eda, Susi S\u00e1nchez. Yo vi la funci\u00f3n decenas de veces, llegando incluso a escaparme de casa para presentarme all\u00ed para verla una y otra y otra y otra vez m\u00e1s, poque estaba totalmente fascinada. Ni siquiera s\u00e9 cu\u00e1l de los personajes me hubiera gustado interpretar, solo s\u00e9 que so\u00f1aba con estar all\u00ed, en una obra que supuso un evento Lorquiano bell\u00edsimo, y que quer\u00eda trabajar con maestros como Lluis Pasqual. A d\u00eda de hoy sigue siendo un sue\u00f1o por cumplir, pero me siento afortunada por haber encontrado a mi maestro teatral m\u00e1s personal: Jos\u00e9 Carlos Plaza.<\/p>\n<p style=\"text-align: justify;\"><strong>\u00a0<\/strong><\/p>\n<p style=\"text-align: justify;\"><strong>\u00a0<\/strong><\/p>\n<p style=\"text-align: justify;\"><strong>\u00a0\u00a0\u00a0\u00a0\u00a0\u00a0\u00a0\u00a0\u00a0\u00a0\u00a0\u00a0\u00a0\u00a0\u00a0 -Actualmente est\u00e1is representando en el Teatro Espa\u00f1ol de Madrid, una de las obras lorquinas por excelencia como es <em>La Casa de Bernarda Alba, <\/em>obra en la que estuviste tambi\u00e9n en el 2006. Aunque imagino que haciendo otro personaje, dado el tiempo transcurrido. \u00bfC\u00f3mo y qu\u00e9 sentiste al saber que podr\u00edas representar dicha obra ah\u00ed siendo para ti la primera vez, y c\u00f3mo es trabajar con un elenco tan talentoso tanto en la direcci\u00f3n como dentro del reparto?<\/strong><\/p>\n<p style=\"text-align: justify;\"><strong>\u00a0<\/strong><\/p>\n<p style=\"text-align: justify;\"><strong>\u00a0\u00a0\u00a0\u00a0\u00a0\u00a0\u00a0\u00a0\u00a0\u00a0\u00a0\u00a0\u00a0\u00a0\u00a0 <\/strong>-Pues curiosamente vuelvo a interpretar a Magdalena. El teatro tiene estas licencias. Y si te soy sincera mi Magdalena del 2006 estuvo muy bien, pero no pod\u00eda llegar a las capas a las que puedo llegar ahora en el 2022. Estos personajes tan profundos y complejos requieren el peso de la edad, de la vivencia. Detr\u00e1s de cada palabra que escribe Lorca hay un universo entero dif\u00edcil de entender sin haber traspasado la vida a fondo y haber alcanzado una madurez personal que no se salva con la t\u00e9cnica. Y eso que Jos\u00e9 Carlos Plaza nos exige trabajar muy t\u00e9cnicamente y recurrir al cuerpo y la palabra con precisi\u00f3n, pero para hacer bien estos personajes hay algo que va m\u00e1s all\u00e1 de la t\u00e9cnica e incluso del talento. Y ese algo es la vida.<\/p>\n<p style=\"text-align: justify;\"><strong>\u00a0<\/strong><\/p>\n<p style=\"text-align: justify;\"><strong>\u00a0\u00a0\u00a0\u00a0\u00a0\u00a0\u00a0\u00a0\u00a0\u00a0\u00a0\u00a0\u00a0\u00a0\u00a0 -Seg\u00fan la agenda estar\u00e9is all\u00ed desde el 6 de mayo hasta el 5 de junio. \u00bfSe prev\u00e9 hacer una gira nacional de la obra, por si a alg\u00fan lector que lea la entrevista no pueda asistir a Madrid, para que as\u00ed tenga la esperanza de poder veros sobre un escenario de su ciudad o provincia?<\/strong><\/p>\n<p style=\"text-align: justify;\"><strong>\u00a0<\/strong><\/p>\n<p style=\"text-align: justify;\"><strong>\u00a0\u00a0\u00a0\u00a0\u00a0\u00a0\u00a0\u00a0\u00a0\u00a0\u00a0\u00a0\u00a0\u00a0\u00a0 <\/strong>-Nosotras estrenamos el 27 de abril del 2021 en Alicante y hemos hecho alrededor de 80 bolos ya por toda Espa\u00f1a. Nuestra \u00faltima parada es de momento el Teatro Espa\u00f1ol en Madrid, pero nos negamos a descartar que en la temporada de oto\u00f1o surja el milagro y podamos seguir juntas disfrutando de este viaje, con esta compa\u00f1\u00eda de ensue\u00f1o y con esta obra que tanto nos est\u00e1 haciendo crecer.<\/p>\n<p style=\"text-align: justify;\"><strong>\u00a0<\/strong><\/p>\n<p style=\"text-align: justify;\"><strong>\u00a0\u00a0\u00a0\u00a0\u00a0\u00a0\u00a0\u00a0\u00a0\u00a0\u00a0\u00a0\u00a0\u00a0\u00a0 -Sabemos que todos los artistas en mayor o menor medida, tienen man\u00edas o supersticiones antes de subirse a un escenario. En el que caso de Ruth Gabriel, \u00bfexiste alguna que pueda ser confesable sin que por ella se tenga que ruborizar?<\/strong><\/p>\n<p style=\"text-align: justify;\"><strong>\u00a0<\/strong><\/p>\n<p style=\"text-align: justify;\"><strong>\u00a0\u00a0\u00a0\u00a0\u00a0\u00a0\u00a0\u00a0\u00a0\u00a0\u00a0\u00a0\u00a0\u00a0\u00a0 <\/strong>-\u00a1Sin problema! Cada proyecto me inspira unos u otros rituales, pero hay algunos que no cambian: Me encanta, por ejemplo, crear mi espacio en el camerino: poner las fotos de la gente que me hace sentir protegida, mis velitas, inciensos, estiramientos, calentamiento de voz\u2026 y repasar el texto con compa\u00f1eras o compa\u00f1eros, aunque tengamos la certeza de que nos lo sabemos de memoria, pero como para asegurarnos al 100%. Como quien se asegura de que ha apagado la llave del gas o que ha cogido las llaves antes de cerrar la puerta.<\/p>\n<p style=\"text-align: justify;\"><strong>\u00a0<\/strong><\/p>\n<p style=\"text-align: justify;\"><strong>\u00a0<\/strong><\/p>\n<p style=\"text-align: justify;\"><strong>\u00a0\u00a0\u00a0\u00a0\u00a0\u00a0\u00a0\u00a0\u00a0\u00a0\u00a0\u00a0\u00a0\u00a0\u00a0 \u00a0-Seguimos arrastrando aunque ya en menor medida la crisis del Covid, aunque estamos padeciendo otras de otro nivel. En el caso de Ruth Gabriel, c\u00f3mo fueron aqu\u00e9llos d\u00edas de confinamiento y su vida posterior, tanto en el \u00e1mbito familiar, de amistades o en el campo laboral, con cancelaciones y aplazamientos sufridos. \u00bfQu\u00e9 nos podr\u00edas contar de ese periodo de incertidumbre y grandes p\u00e9rdidas?<\/strong><\/p>\n<p style=\"text-align: justify;\"><strong>\u00a0<\/strong><\/p>\n<p style=\"text-align: justify;\"><strong>\u00a0\u00a0\u00a0\u00a0\u00a0\u00a0\u00a0\u00a0\u00a0\u00a0\u00a0\u00a0\u00a0\u00a0\u00a0 <\/strong>-En mi caso mi primera respuesta fue devastadora. Estaba asustada, desconcertada y ca\u00ed en picado. Pero al tener adolescentes en casa enseguida me di cuenta de que ten\u00eda que coger fuerza y transmit\u00edrsela a ellos. De pronto se conviri\u00f3 en una de las \u00e9pocas m\u00e1s productivas a nivel profesional que he tenido en mi vida, gracias a un programa de formaci\u00f3n que tengo sobre Estrategias de Comunicaci\u00f3n Oral (ECO) y que traslad\u00e9 a formato on line. De pronto estaba haciendo un mont\u00f3n de talleres internacionales gracias a este formato, mi \u00e1nimo mejor\u00f3 y lo mejor es que pude tambi\u00e9n compartir y contagiar el entusiasmo con el toque de esperanza de que en cuanto todo esto hubiera acabado estar\u00edamos preparados a nivel formativo para cualquier cosa.<\/p>\n<p style=\"text-align: justify;\"><strong>\u00a0<\/strong><\/p>\n<p style=\"text-align: justify;\"><strong>\u00a0<\/strong><\/p>\n<p style=\"text-align: justify;\"><strong>\u00a0<\/strong><\/p>\n<p style=\"text-align: justify;\"><strong>\u00a0\u00a0\u00a0\u00a0\u00a0\u00a0\u00a0\u00a0\u00a0\u00a0\u00a0\u00a0\u00a0\u00a0\u00a0 Sin m\u00e1s, quiero agradecerte Ruth Gabriel Bueno, el tiempo que nos has dispensado con tu simpat\u00eda, a\u00fan sabiendo de lo apretada de tu agenda entre ensayos y representaciones de <em>La Casa de Bernarda Alba <\/em>en el Teatro Espa\u00f1ol de Madrid. Os deseo mucha mierda y que el p\u00fablico os siga all\u00ed a donde vay\u00e1is, con esa obra magistral del gran dramaturgo que fue Federico Garc\u00eda Lorca. Esperando tengas a bien el responder a una serie de preguntas tipo test, con las que nos ayudar\u00e1s a conocer tus gustos y aficiones. <\/strong><\/p>\n<p style=\"text-align: justify;\"><strong>\u00a0<\/strong><\/p>\n<p style=\"text-align: justify;\"><strong>\u00a0\u00a0\u00a0\u00a0\u00a0\u00a0\u00a0\u00a0\u00a0\u00a0\u00a0\u00a0\u00a0\u00a0\u00a0 \u00a1Muchas gracias, Ruth Gabriel! <\/strong><\/p>\n<p style=\"text-align: justify;\"><strong>\u00a0<\/strong><\/p>\n<p style=\"text-align: justify;\"><strong>\u00a0<\/strong><\/p>\n<p style=\"text-align: justify;\"><strong>\u00a0\u00a0\u00a0\u00a0\u00a0\u00a0\u00a0\u00a0\u00a0\u00a0\u00a0\u00a0\u00a0\u00a0\u00a0 <u>PREGUNTAS TIPO TEST: <\/u><\/strong><\/p>\n<p style=\"text-align: justify;\"><strong>\u00a0<\/strong><\/p>\n<p style=\"text-align: justify;\"><strong>\u00a0\u00a0\u00a0\u00a0\u00a0\u00a0\u00a0\u00a0\u00a0\u00a0\u00a0\u00a0\u00a0\u00a0\u00a0 \u00bfUn personaje hist\u00f3rico? <\/strong>Me intrigan las diferentes versiones de la historia de Malinche.<\/p>\n<p style=\"text-align: justify;\">\u00a0\u00a0\u00a0\u00a0\u00a0\u00a0\u00a0\u00a0\u00a0\u00a0\u00a0\u00a0\u00a0\u00a0\u00a0 <strong>\u00bfUna \u00e9poca? <\/strong>Los a\u00f1os 60.<\/p>\n<p style=\"text-align: justify;\"><strong>\u00a0\u00a0\u00a0\u00a0\u00a0\u00a0\u00a0\u00a0\u00a0\u00a0\u00a0\u00a0\u00a0\u00a0\u00a0 \u00bfUn pintor? <\/strong>Maruja Mallo.<\/p>\n<p style=\"text-align: justify;\"><strong>\u00a0\u00a0\u00a0\u00a0\u00a0\u00a0\u00a0\u00a0\u00a0\u00a0\u00a0\u00a0\u00a0\u00a0\u00a0 \u00bfUn escultor? <\/strong>Joaqu\u00edn Berao es conocido como joyero, pero sus esculturas son una aut\u00e9ntica joya.<\/p>\n<p style=\"text-align: justify;\"><strong>\u00a0\u00a0\u00a0\u00a0\u00a0\u00a0\u00a0\u00a0\u00a0\u00a0\u00a0\u00a0\u00a0\u00a0\u00a0 \u00bfUn escritor? <\/strong>Demasiado dif\u00edcil. Hay momentos para todo.<\/p>\n<p style=\"text-align: justify;\"><strong>\u00a0\u00a0\u00a0\u00a0\u00a0\u00a0\u00a0\u00a0\u00a0\u00a0\u00a0\u00a0\u00a0\u00a0\u00a0 \u00bfUn poeta? <\/strong>Mar\u00eda Victoria Atencia.<\/p>\n<p style=\"text-align: justify;\"><strong>\u00a0\u00a0\u00a0\u00a0\u00a0\u00a0\u00a0\u00a0\u00a0\u00a0\u00a0\u00a0\u00a0\u00a0\u00a0 \u00bfUn libro? <\/strong>La insoportable levedad del ser.<\/p>\n<p style=\"text-align: justify;\"><strong>\u00a0\u00a0\u00a0\u00a0\u00a0\u00a0\u00a0\u00a0\u00a0\u00a0\u00a0\u00a0\u00a0\u00a0\u00a0 \u00bfUna pel\u00edcula? <\/strong>Cr\u00eda cuervos, la Cinta Blanca\u2026 algo me pasa con las pel\u00edculas sobre ni\u00f1os que dan un poco de miedito\u2026<\/p>\n<p style=\"text-align: justify;\">\u00a0\u00a0\u00a0\u00a0\u00a0\u00a0\u00a0\u00a0\u00a0\u00a0\u00a0\u00a0\u00a0\u00a0\u00a0 <strong>\u00bfUn director de cine, teatro o televisi\u00f3n?<\/strong> De cine: \u00a1Viva Carla Sim\u00f3n, su talento y la huella que est\u00e1 dejando en la historia del cine espa\u00f1ol! De teatro: Morir\u00e9 adorando a mi maestro, Jos\u00e9 Carlos Plaza.<\/p>\n<p style=\"text-align: justify;\"><strong>\u00a0\u00a0\u00a0\u00a0\u00a0\u00a0\u00a0\u00a0\u00a0\u00a0\u00a0\u00a0\u00a0\u00a0\u00a0 \u00bfUn actor? <\/strong>Javier Bardem.<\/p>\n<p style=\"text-align: justify;\"><strong>\u00a0\u00a0\u00a0\u00a0\u00a0\u00a0\u00a0\u00a0\u00a0\u00a0\u00a0\u00a0\u00a0\u00a0\u00a0 \u00bfUna actriz? <\/strong>Katherine Hepburn.<\/p>\n<p style=\"text-align: justify;\"><strong>\u00a0\u00a0\u00a0\u00a0\u00a0\u00a0\u00a0\u00a0\u00a0\u00a0\u00a0\u00a0\u00a0\u00a0\u00a0 \u00bfUn compositor? <\/strong>Solo por lo que hizo en \u201cLa Misi\u00f3n\u201d Ennio Morricone me tiene el coraz\u00f3n ganado de por vida.<\/p>\n<p style=\"text-align: justify;\"><strong>\u00a0\u00a0\u00a0\u00a0\u00a0\u00a0\u00a0\u00a0\u00a0\u00a0\u00a0\u00a0\u00a0\u00a0\u00a0 \u00bfUn cantante? <\/strong>Idir.<\/p>\n<p style=\"text-align: justify;\"><strong>\u00a0\u00a0\u00a0\u00a0\u00a0\u00a0\u00a0\u00a0\u00a0\u00a0\u00a0\u00a0\u00a0\u00a0\u00a0 \u00bfUn m\u00fasico? <\/strong>Franco Battiato.<\/p>\n<p style=\"text-align: justify;\"><strong>\u00a0\u00a0\u00a0\u00a0\u00a0\u00a0\u00a0\u00a0\u00a0\u00a0\u00a0\u00a0\u00a0\u00a0\u00a0 \u00bfUna flor? <\/strong>La Azucena: El s\u00edmbolo del arc\u00e1ngel San Gabriel.<\/p>\n<p style=\"text-align: justify;\"><strong>\u00a0\u00a0\u00a0\u00a0\u00a0\u00a0\u00a0\u00a0\u00a0\u00a0\u00a0\u00a0\u00a0\u00a0\u00a0 \u00bfUn animal? <\/strong>El caballo.<\/p>\n<p style=\"text-align: justify;\"><strong>\u00a0\u00a0\u00a0\u00a0\u00a0\u00a0\u00a0\u00a0\u00a0\u00a0\u00a0\u00a0\u00a0\u00a0\u00a0 \u00bfUna estaci\u00f3n del a\u00f1o? <\/strong>El verano.<\/p>\n<p style=\"text-align: justify;\"><strong>\u00a0\u00a0\u00a0\u00a0\u00a0\u00a0\u00a0\u00a0\u00a0\u00a0\u00a0\u00a0\u00a0\u00a0\u00a0 \u00bfUn lugar donde residir? <\/strong>Donde est\u00e9 la gente a la que amo.<\/p>\n<p style=\"text-align: justify;\"><strong>\u00a0\u00a0\u00a0\u00a0\u00a0\u00a0\u00a0\u00a0\u00a0\u00a0\u00a0\u00a0\u00a0\u00a0\u00a0 \u00bfUn lugar que te gustar\u00eda visitar antes de morir? <\/strong>Indonesia.<\/p>\n<p style=\"text-align: justify;\"><strong>\u00a0\u00a0\u00a0\u00a0\u00a0\u00a0\u00a0\u00a0\u00a0\u00a0\u00a0\u00a0\u00a0\u00a0\u00a0 \u00bfUn color? <\/strong>El coral.<\/p>\n<p style=\"text-align: right;\"><strong>Entrevista por Ricardo Campos Urbaneja<\/strong><\/p>\n","protected":false},"excerpt":{"rendered":"<p>\u00a0\u00a0\u00a0\u00a0\u00a0\u00a0\u00a0\u00a0\u00a0\u00a0\u00a0\u00a0\u00a0\u00a0\u00a0 Queridos lectores del Granada Costa, en esta ocasi\u00f3n les traigo a la actriz Ruth Gabriel Bueno (San Fernando en&hellip;<\/p>\n","protected":false},"author":3,"featured_media":32087,"comment_status":"open","ping_status":"open","sticky":false,"template":"","format":"standard","meta":{"om_disable_all_campaigns":false,"_mi_skip_tracking":false,"_monsterinsights_sitenote_active":false,"_monsterinsights_sitenote_note":"","_monsterinsights_sitenote_category":0,"footnotes":""},"categories":[21],"tags":[],"aioseo_notices":[],"_links":{"self":[{"href":"https:\/\/granadacostaglobal.es\/index.php?rest_route=\/wp\/v2\/posts\/32086"}],"collection":[{"href":"https:\/\/granadacostaglobal.es\/index.php?rest_route=\/wp\/v2\/posts"}],"about":[{"href":"https:\/\/granadacostaglobal.es\/index.php?rest_route=\/wp\/v2\/types\/post"}],"author":[{"embeddable":true,"href":"https:\/\/granadacostaglobal.es\/index.php?rest_route=\/wp\/v2\/users\/3"}],"replies":[{"embeddable":true,"href":"https:\/\/granadacostaglobal.es\/index.php?rest_route=%2Fwp%2Fv2%2Fcomments&post=32086"}],"version-history":[{"count":0,"href":"https:\/\/granadacostaglobal.es\/index.php?rest_route=\/wp\/v2\/posts\/32086\/revisions"}],"wp:featuredmedia":[{"embeddable":true,"href":"https:\/\/granadacostaglobal.es\/index.php?rest_route=\/"}],"wp:attachment":[{"href":"https:\/\/granadacostaglobal.es\/index.php?rest_route=%2Fwp%2Fv2%2Fmedia&parent=32086"}],"wp:term":[{"taxonomy":"category","embeddable":true,"href":"https:\/\/granadacostaglobal.es\/index.php?rest_route=%2Fwp%2Fv2%2Fcategories&post=32086"},{"taxonomy":"post_tag","embeddable":true,"href":"https:\/\/granadacostaglobal.es\/index.php?rest_route=%2Fwp%2Fv2%2Ftags&post=32086"}],"curies":[{"name":"wp","href":"https:\/\/api.w.org\/{rel}","templated":true}]}}