{"id":32084,"date":"2022-05-04T18:04:36","date_gmt":"2022-05-04T17:04:36","guid":{"rendered":"http:\/\/granadacostanacional.es\/?p=32084"},"modified":"2022-05-04T18:04:36","modified_gmt":"2022-05-04T17:04:36","slug":"compromiso-de-la-literatura-contra-putin-y-las-injusticias-sociales","status":"publish","type":"post","link":"https:\/\/granadacostaglobal.es\/?p=32084","title":{"rendered":"Compromiso de la literatura contra Putin y las injusticias sociales"},"content":{"rendered":"<p style=\"text-align: justify;\">En esta Semana Santa raro ha sido no ver nuestras calles llenas de procesiones, \u00bfpero y las procesiones que llevan por dentro los que no llegan a fin de mes y pasan las m\u00e1s calamitosas situaciones de desamparo ante la carest\u00eda de la vida? Ellos, los que pertenecen a la indigencia tienen su pasi\u00f3n y dolor por dentro. Y no les quiero decir los que matan o hacen guerras con absoluta impunidad por muchas sanciones impuestas que se les impongan sin garante para la protecci\u00f3n de las vidas, y con amenazas de armamento nuclear.\u00a0 Porque como dir\u00eda Jos\u00e9 Luis Sampedro no se deber\u00eda gobernar a trav\u00e9s del miedo. Por tanto qu\u00e9 pensar\u00eda Jes\u00fas, qu\u00e9 opinar\u00eda de toda la crueldad humana, que llevamos sufriendo con las distintas pandemias de virus letales. Ni que decir tiene que el universo y la sociedad en la que vivimos se va destruyendo poco a poco sin pensar en los que vienen detr\u00e1s. Vivimos en un mundo de mentiras representado por el poder m\u00e1s c\u00ednico en todos sus \u00e1mbitos. No soy pesimista pero me alarma que haya pocos indicios de mejora. No hay m\u00e1s que mirar a nuestro alrededor, casi todo se vulnera y no se respeta. Vivimos en el mundo de la posverdad y del espect\u00e1culo como dir\u00eda el fil\u00f3sofo Guy Debord. El mundo, que es experto en v\u00edctimas de guerras y sufrimientos, cu\u00e1ndo sus gobernantes se preocupar\u00edan por los m\u00e1s desfavorecidos, por aquellas personas que lo est\u00e1n perdiendo todo, hasta las ganas de vivir.<\/p>\n<p style=\"text-align: justify;\">Con la mayor\u00eda de esc\u00e1ndalos econ\u00f3micos y pol\u00edticos corruptos en el ejercicio de sus cargos&#8230;\u00bfpor qu\u00e9 favorecer tantas prebendas? Por tanto enga\u00f1o y negligencia s\u00f3lo queda el camino de la resistencia y reivindicar los derechos que nos pertenecen pero no a cualquier precio de desacato, acoso o mecanismos de espionaje. Por el amparo de las personas m\u00e1s vulnerables, por los nuevos pobres, esos que acuden por primera vez al auxilio social, a C\u00e1ritas, al Banco de Alimentos, a la Cruz Roja o\u00a0 a cualquiera de las instituciones que tratan de llegar donde las prometidas ayudas no alcanzan, s\u00f3lo queda facilitar los modos de exigirlos. La burocracia teje su tela de ara\u00f1a sobre la miseria y, mientras los funcionarios analizan documentos, el hambre, la falta de respeto, el maltrato, la violencia hacia la mujer y otras personas, y la injusticia se acomodan y visitan los hogares, y consumen la esperanza de un futuro mejor\u00a0 de miles de ni\u00f1os, j\u00f3venes, mujeres y personas de la tercera edad que ven peligrar su seguridad y equilibrio emocional. Si Jes\u00fas o el comprometido Quijote volvieran, no les importar\u00edan tanto las im\u00e1genes de los templos ni los despiadados caballeros, que tendr\u00e1n que esperar un a\u00f1o m\u00e1s para salir a las calles a flagelar la conciencia y emocionar a los devotos semanales, o en busca de aventuras de las m\u00e1s variopintas para combatir al miedo. M\u00e1s bien acudir\u00edan a los barrios, para apoyar a las personas m\u00e1s vulnerables, que no llegan a final de mes y que sufren cualquier tipo de desamparo por parte de las Administraciones. Observar\u00edan sus rostros con terror o cansados, los coger\u00edan de las manos y los mirar\u00edan a los ojos para insuflarles un poco de esperanza ante tanta ignominia, severidad o retraso de la justicia y la insensatez de la persecuci\u00f3n. Al menos, eso har\u00eda una fe y literatura comprometidas tan necesarias, en nuestros d\u00edas a las que tanto amor y ense\u00f1anza debemos.<\/p>\n<p style=\"text-align: right;\"><strong>Francisco Velasco Rey<\/strong><\/p>\n","protected":false},"excerpt":{"rendered":"<p>En esta Semana Santa raro ha sido no ver nuestras calles llenas de procesiones, \u00bfpero y las procesiones que llevan&hellip;<\/p>\n","protected":false},"author":3,"featured_media":0,"comment_status":"open","ping_status":"open","sticky":false,"template":"","format":"standard","meta":{"om_disable_all_campaigns":false,"_mi_skip_tracking":false,"_monsterinsights_sitenote_active":false,"_monsterinsights_sitenote_note":"","_monsterinsights_sitenote_category":0,"footnotes":""},"categories":[30],"tags":[],"aioseo_notices":[],"_links":{"self":[{"href":"https:\/\/granadacostaglobal.es\/index.php?rest_route=\/wp\/v2\/posts\/32084"}],"collection":[{"href":"https:\/\/granadacostaglobal.es\/index.php?rest_route=\/wp\/v2\/posts"}],"about":[{"href":"https:\/\/granadacostaglobal.es\/index.php?rest_route=\/wp\/v2\/types\/post"}],"author":[{"embeddable":true,"href":"https:\/\/granadacostaglobal.es\/index.php?rest_route=\/wp\/v2\/users\/3"}],"replies":[{"embeddable":true,"href":"https:\/\/granadacostaglobal.es\/index.php?rest_route=%2Fwp%2Fv2%2Fcomments&post=32084"}],"version-history":[{"count":0,"href":"https:\/\/granadacostaglobal.es\/index.php?rest_route=\/wp\/v2\/posts\/32084\/revisions"}],"wp:attachment":[{"href":"https:\/\/granadacostaglobal.es\/index.php?rest_route=%2Fwp%2Fv2%2Fmedia&parent=32084"}],"wp:term":[{"taxonomy":"category","embeddable":true,"href":"https:\/\/granadacostaglobal.es\/index.php?rest_route=%2Fwp%2Fv2%2Fcategories&post=32084"},{"taxonomy":"post_tag","embeddable":true,"href":"https:\/\/granadacostaglobal.es\/index.php?rest_route=%2Fwp%2Fv2%2Ftags&post=32084"}],"curies":[{"name":"wp","href":"https:\/\/api.w.org\/{rel}","templated":true}]}}