{"id":32081,"date":"2022-05-04T18:01:09","date_gmt":"2022-05-04T17:01:09","guid":{"rendered":"http:\/\/granadacostanacional.es\/?p=32081"},"modified":"2022-05-04T18:01:09","modified_gmt":"2022-05-04T17:01:09","slug":"solo-se-vive-una-vez","status":"publish","type":"post","link":"https:\/\/granadacostaglobal.es\/?p=32081","title":{"rendered":"SOLO SE VIVE UNA VEZ"},"content":{"rendered":"<p style=\"text-align: justify;\">El ser humano y su obstinaci\u00f3n por destruir cuanto le rodea.<\/p>\n<p style=\"text-align: justify;\">Estimados lectores he observado demasiados cambios en un corto periodo de tiempo en nuestra vuelta a la normalidad, sobre todo en el comportamiento de las personas. Millones de ciudadanos a nivel mundial se est\u00e1n dando cuenta de lo importante que es cooperar para dar un cambio radical a este planeta plagado e infectado de intereses.<\/p>\n<p style=\"text-align: justify;\">Conduci\u00e9ndonos a la destrucci\u00f3n del \u00fanico y rese\u00f1o &#8220;\u00fanico planeta\u201d donde realmente existe vida humana.<\/p>\n<p style=\"text-align: justify;\">Somos los \u00fanicos seres vivos con capacidad de razonamiento, dise\u00f1ar, crear, investigar e inventar.<\/p>\n<p style=\"text-align: justify;\">A la vez y desafortunadamente tambi\u00e9n utilizamos dichas creaciones para destruir. Intento comprender al ser humano como una persona m\u00e1s de la cadena evolutiva, mas me es imposible. Cada persona es \u00fanica al igual que lo es nuestro planeta. \u00bfNos hemos preguntado cuanto soportar\u00e1?<\/p>\n<p style=\"text-align: justify;\">La tierra que nos cobija no nos exige nada. Somos nosotros quienes deber\u00edamos estar agradecidos.<\/p>\n<p style=\"text-align: justify;\">Cuando despunta el sol volvemos a nacer nuevamente. Entonces, \u00bfpor qu\u00e9 nos aprovechamos de ella tan ego\u00edstamente? Respiramos gracias al ox\u00edgeno que el planeta nos ofrece, s\u00ed, porque de lo contrario yo no estar\u00eda escribiendo estas letras. La poca responsabilidad ha hecho que cada vez la tierra se deteriore a pasos agigantados.<\/p>\n<p style=\"text-align: justify;\">Otro de los mayores males y el peor de ellos son los conflictos b\u00e9licos. Haciendo temblar los cimientos. La mezquindad, la falta de amor al pr\u00f3jimo, arrastr\u00e1ndonos a un desenlace lleno de incertidumbre. El planeta no entiende de leyes o armas nucleares.<\/p>\n<p style=\"text-align: justify;\">Me hago una pregunta&#8230; Cuando partamos al m\u00e1s all\u00e1, \u00bfcargaremos con todo cuanto hemos atesorado? Yo creo que no. Una vez cerrados los ojos y el coraz\u00f3n hayan dejado de latir, lo \u00fanico que portaremos ser\u00e1 una caja de madera al gusto de cada uno. Una vestimenta que en ocasiones ni tan siquiera habr\u00edamos elegido.<\/p>\n<p style=\"text-align: justify;\">Una vez bajo tierra esas prendas no perdurar\u00e1n, el paso del tiempo se encargar\u00e1 de que terminen pudi\u00e9ndose al igual que la piel que cubre nuestros huesos.<\/p>\n<p style=\"text-align: justify;\">Luchemos con determinaci\u00f3n para cambiar nuestra forma de pensar.<\/p>\n<p style=\"text-align: justify;\">En el futuro podremos mirar a nuestro alrededor agradeciendo que vuelve a brillar el sol. Para demostrarnos, como escrib\u00ed con anterioridad &#8220;que volvemos a renacer&#8221;. Si dedicamos un solo minuto de nuestro tiempo, estoy convencida que cada uno de nosotros idealizar\u00eda un lugar especial para disfrutar o simplemente desconectar. Algo tan sencillo nos deber\u00eda de hacer reaccionar. \u00a0Pongamos entonces de nuestra parte y podremos decir que nuestra forma de ver la vida habr\u00e1 dado un giro de 365 grados al igual que cada d\u00eda del a\u00f1o.<\/p>\n<p>&nbsp;<\/p>\n<p style=\"text-align: right;\"><b>Mar\u00eda Manrique\u00a0P\u00e9rez<\/b><\/p>\n","protected":false},"excerpt":{"rendered":"<p>El ser humano y su obstinaci\u00f3n por destruir cuanto le rodea. Estimados lectores he observado demasiados cambios en un corto&hellip;<\/p>\n","protected":false},"author":3,"featured_media":31517,"comment_status":"open","ping_status":"open","sticky":false,"template":"","format":"standard","meta":{"om_disable_all_campaigns":false,"_mi_skip_tracking":false,"_monsterinsights_sitenote_active":false,"_monsterinsights_sitenote_note":"","_monsterinsights_sitenote_category":0,"footnotes":""},"categories":[30],"tags":[],"aioseo_notices":[],"_links":{"self":[{"href":"https:\/\/granadacostaglobal.es\/index.php?rest_route=\/wp\/v2\/posts\/32081"}],"collection":[{"href":"https:\/\/granadacostaglobal.es\/index.php?rest_route=\/wp\/v2\/posts"}],"about":[{"href":"https:\/\/granadacostaglobal.es\/index.php?rest_route=\/wp\/v2\/types\/post"}],"author":[{"embeddable":true,"href":"https:\/\/granadacostaglobal.es\/index.php?rest_route=\/wp\/v2\/users\/3"}],"replies":[{"embeddable":true,"href":"https:\/\/granadacostaglobal.es\/index.php?rest_route=%2Fwp%2Fv2%2Fcomments&post=32081"}],"version-history":[{"count":0,"href":"https:\/\/granadacostaglobal.es\/index.php?rest_route=\/wp\/v2\/posts\/32081\/revisions"}],"wp:featuredmedia":[{"embeddable":true,"href":"https:\/\/granadacostaglobal.es\/index.php?rest_route=\/"}],"wp:attachment":[{"href":"https:\/\/granadacostaglobal.es\/index.php?rest_route=%2Fwp%2Fv2%2Fmedia&parent=32081"}],"wp:term":[{"taxonomy":"category","embeddable":true,"href":"https:\/\/granadacostaglobal.es\/index.php?rest_route=%2Fwp%2Fv2%2Fcategories&post=32081"},{"taxonomy":"post_tag","embeddable":true,"href":"https:\/\/granadacostaglobal.es\/index.php?rest_route=%2Fwp%2Fv2%2Ftags&post=32081"}],"curies":[{"name":"wp","href":"https:\/\/api.w.org\/{rel}","templated":true}]}}