{"id":31920,"date":"2022-04-18T10:34:38","date_gmt":"2022-04-18T09:34:38","guid":{"rendered":"http:\/\/granadacostanacional.es\/?p=31920"},"modified":"2022-04-18T10:34:38","modified_gmt":"2022-04-18T09:34:38","slug":"la-cueva-de-los-espejuelos-de-arboleas","status":"publish","type":"post","link":"https:\/\/granadacostaglobal.es\/?p=31920","title":{"rendered":"LA CUEVA DE LOS ESPEJUELOS DE\u00a0ARBOLEAS"},"content":{"rendered":"<p style=\"text-align: justify;\"><a href=\"http:\/\/granadacostanacional.es\/wp-content\/uploads\/2022\/04\/image001-1.png\"><img decoding=\"async\" loading=\"lazy\" class=\"aligncenter wp-image-31921\" src=\"http:\/\/granadacostanacional.es\/wp-content\/uploads\/2022\/04\/image001-1.png\" alt=\"image001\" width=\"500\" height=\"609\" \/><\/a><\/p>\n<p style=\"text-align: justify;\">Las caracter\u00edsticas geol\u00f3gicas de las elevaciones que circundan el cauce del r\u00edo Almanzora en la provincia de Almer\u00eda, como es el caso de la sierra de Limaria en perteneciente al t\u00e9rmino municipal de Arboleas han propiciado, entre otras, la aparici\u00f3n de un potencial mineral\u00f3gico que ya fue apreciado y usado desde hace siglos.<\/p>\n<p style=\"text-align: justify;\">Se trata de un yacimiento de <strong>Lapis Specularis,<\/strong> conocida como cueva de Los Espejuelos.<\/p>\n<p style=\"text-align: justify;\">El espejuelo es un yeso selen\u00edtico que se encuentra en otras zonas de la Pen\u00ednsula Ib\u00e9rica, como la provincia de Toledo, Cuenca y Almer\u00eda, b\u00e1sicamente.<\/p>\n<p style=\"text-align: justify;\">Ya desde el S.I d.C. fue muy valorado por sus propiedades como la transparencia que facilitaba acristalar ventanas, la poca dureza que permit\u00eda ser triturado y usado como yeso en construcciones y escayola para moldes.<\/p>\n<p style=\"text-align: justify;\">Constancia de ese uso son los restos arqueol\u00f3gicos hallados en las inmediaciones de cer\u00e1mica Terra Sigilata caracter\u00edstica de la etapa alto imperial romana y los indicios, en la misma cueva de labores propias de extracci\u00f3n y manipulaci\u00f3n del material.<\/p>\n<p style=\"text-align: justify;\">Actualmente el estado de conservaci\u00f3n del enclave es excelente y ello ha favorecido que las administraciones tanto local como provincial plantearan una acci\u00f3n llevada a cabo por profesionales de la ingenier\u00eda y la arqueolog\u00eda que ha posibilitado la inscripci\u00f3n de la mencionada mina como Bien de Inter\u00e9s Cultural del Patrimonio Hist\u00f3rico de Andaluc\u00eda.<\/p>\n<p style=\"text-align: justify;\">Pero ser\u00e1 <strong>Crist\u00f3bal Garc\u00eda Granados<\/strong>, edil del consistorio arboleano quien pueda dar mayor informaci\u00f3n acerca de este logro.<\/p>\n<p style=\"text-align: justify;\"><a href=\"http:\/\/granadacostanacional.es\/wp-content\/uploads\/2022\/04\/image002.jpg\"><img decoding=\"async\" loading=\"lazy\" class=\"aligncenter wp-image-31922 size-large\" src=\"http:\/\/granadacostanacional.es\/wp-content\/uploads\/2022\/04\/image002-768x1024.jpg\" alt=\"image002\" width=\"768\" height=\"1024\" \/><\/a><\/p>\n<p style=\"text-align: center;\"><strong><em>\u00a0 \u00a0Alcalde de Arboleas, Crist\u00f3bal Garc\u00eda Granados<\/em><\/strong><\/p>\n<p><strong>1,-Crist\u00f3bal, \u00bfpuede darnos algunos datos acerca de su persona que nos permitan acercarnos a conocerle mejor y su relaci\u00f3n con la Cueva de Los Espejuelos?<\/strong><\/p>\n<p style=\"text-align: justify;\">Soy nacido en Arboleas, estudi\u00e9 Ingenier\u00eda T\u00e9cnica Industrial, casado con hijos. He sido alcalde del municipio de 1983 hasta 2003 y\u00a0 desde 2011 a la actualidad.<\/p>\n<p style=\"text-align: justify;\">Siempre me ha preocupado el inter\u00e9s general del municipio y su desarrollo. Ello ha hecho que busque las v\u00edas para que Arboleas pueda tener todo lo que contribuya a desarrollar su econom\u00eda local.<\/p>\n<p style=\"text-align: justify;\"><strong>2.- \u00bfQu\u00e9 ha supuesto la actuaci\u00f3n sobre la misma y d\u00f3nde radica la importancia de su puesta en valor?<\/strong><\/p>\n<p style=\"text-align: justify;\">Haciendo un poco de historia, me debo remontar a 1983, cuando me mostraron la entrada de la mina que, evidentemente no supon\u00eda ning\u00fan atractivo tur\u00edstico.<\/p>\n<p style=\"text-align: justify;\">Pero no era el momento, hab\u00eda otras prioridades para el t\u00e9rmino municipal, como la falta de luz el\u00e9ctrica en los n\u00facleos anejos, el agua corriente, los deficientes caminos\u2026Ese era un compromiso al que deb\u00eda dar soluci\u00f3n y en \u00e9l trabajamos los equipos de gobierno a lo largo de m\u00e1s de una d\u00e9cada.<\/p>\n<p style=\"text-align: justify;\">En 2011 volv\u00ed a la pol\u00edtica activa y, cuando las necesidades no eran tan prioritarias, pues ya se hab\u00edan logrado cubrir gran parte de los objetivos iniciales, era obligado tomar otras perspectivas de desarrollo municipal entre las que se inclu\u00edan , por ejemplo, aprovechar los recursos del entorno para atraer a un sector m\u00e1s din\u00e1mico, como el tur\u00edstico. Y ah\u00ed entra en juego el mostrar la obra de la naturaleza tan peculiar, \u00fanica y considerada \u00a0de \u00a0gran valor por la aportaci\u00f3n tan importante que hizo a sociedades como la romana. Se trata de \u00a0la Cueva de los Espejuelo<\/p>\n<p style=\"text-align: justify;\"><strong>3.- Sabemos que los karts funcionan como si fuesen esponjas que recogen y almacenan el agua de lluvia que luego sale a trav\u00e9s de surgencias\u00a0 o\u00a0 manantiales porque se producen en terrenos semides\u00e9rticos que forman un complejo de cuevas, ca\u00f1ones, dolinas\u2026<\/strong><\/p>\n<p style=\"text-align: justify;\"><strong>\u00bfEstima que hay alguna similitud con los ya conocidos karts de yeso de Sorbas, que tan visitados son,\u00a0 la cueva de los Espejuelos?<\/strong><\/p>\n<p style=\"text-align: justify;\">T\u00fa misma lo has comentado al decir que los karts se producen por las filtraciones de aguas mientras que el material de la Cueva es una selenita formada de forma natural y m\u00e1s pura, que es el lapis specularis.<\/p>\n<p style=\"text-align: justify;\"><strong>\u00bfY con la Geoda de Pulp\u00ed?<\/strong><\/p>\n<p style=\"text-align: justify;\">En este caso, el material es el mismo pues la geoda posee, tambi\u00e9n, enormes cristales de selenita, que es la mencionada variedad transparente o transl\u00facida de yeso.<\/p>\n<p style=\"text-align: justify;\">Sin embargo, a \u00e9sta le falta el relato hist\u00f3rico, por su reciente descubrimiento.<\/p>\n<p style=\"text-align: justify;\"><a href=\"http:\/\/granadacostanacional.es\/wp-content\/uploads\/2022\/04\/image003.png\"><img decoding=\"async\" loading=\"lazy\" class=\"aligncenter wp-image-31923\" src=\"http:\/\/granadacostanacional.es\/wp-content\/uploads\/2022\/04\/image003.png\" alt=\"image003\" width=\"600\" height=\"464\" \/><\/a><\/p>\n<p style=\"text-align: justify;\">\n<p style=\"text-align: justify;\"><strong>5.- Desde mi \u00e9poca de estudiante en el IES Cura Valera de H-Overa ya tuve conocimiento de la existencia de esta sima, o cueva de la sierra de Limaria como nos la dieron a conocer. De ello deduzco que ya se conoc\u00eda pues era utilizada por los pastores. Mi pregunta es \u00bfcu\u00e1ndo y c\u00f3mo se toma conciencia de la importancia hist\u00f3rica de esta peculiar cueva?<\/strong><\/p>\n<p style=\"text-align: justify;\">En \u00e9poca romana, cuando se lleva a cabo la II Guerra P\u00fanica y Escipi\u00f3n el africano conquista parte de este territorio ya se conoce la importancia del yeso especular del Cerro de Limaria, que pasa a ser explotado junto a otros filones<strong> met\u00e1licos de la zona.<\/strong><\/p>\n<p style=\"text-align: justify;\"><strong>\u00a0<\/strong><\/p>\n<p style=\"text-align: justify;\"><strong>6.- \u00bfQu\u00e9 pasos y acciones concretas de han debido llevar a cabo desde el ayuntamiento para que se inicien los trabajos de acondicionamiento, reconocimiento de su importancia y puesta en valor?<\/strong><\/p>\n<p style=\"text-align: justify;\"><a href=\"http:\/\/granadacostanacional.es\/wp-content\/uploads\/2022\/04\/image004.png\"><img decoding=\"async\" loading=\"lazy\" class=\"aligncenter wp-image-31924\" src=\"http:\/\/granadacostanacional.es\/wp-content\/uploads\/2022\/04\/image004.png\" alt=\"image004\" width=\"600\" height=\"375\" \/><\/a><\/p>\n<p style=\"text-align: center;\"><strong><em>(Lapis especularis)<\/em><\/strong><\/p>\n<p>Debo destacar que las actuaciones que se han\u00a0 hecho para poner en valor esta cueva de los Espejuelos han corrido \u00edntegras a cargo de las arcas municipales pues no hemos contado con ninguna ayuda de otras administraciones provinciales o regionales. En consecuencia, los trabajos se han hecho con mucha dificultad por la falta de financiaci\u00f3n.<\/p>\n<p style=\"text-align: justify;\"><strong>7.- \u00bfCu\u00e1l es la historia real de Los Espejuelos?<\/strong><\/p>\n<p style=\"text-align: justify;\">\u00a0Como ya he comentado se sabe su importancia desde la \u00e9poca de los romanos que explotaron el yacimiento por las caracter\u00edsticas \u00f3ptimas que pose\u00edan para usarlos como cerramientos transl\u00facidos de ventanas. Durante much\u00edsimo tiempo se realizaron trabajos como lo demuestran el aspecto que presentan las paredes, donde a\u00fan se pueden\u00a0 percibir las actuaciones realizadas.<\/p>\n<p style=\"text-align: justify;\"><a href=\"http:\/\/granadacostanacional.es\/wp-content\/uploads\/2022\/04\/image005.png\"><img decoding=\"async\" loading=\"lazy\" class=\"aligncenter wp-image-31925\" src=\"http:\/\/granadacostanacional.es\/wp-content\/uploads\/2022\/04\/image005.png\" alt=\"image005\" width=\"300\" height=\"422\" \/><\/a><\/p>\n<p style=\"text-align: center;\"><strong><em>(Sistema de alumbrado en la mina)<\/em><\/strong><\/p>\n<p style=\"text-align: justify;\">En el siglo XX (1903) ces\u00f3 la actividad, probablemente porque no era rentable a nivel comercial por la aparici\u00f3n del cristal, y se procedi\u00f3 a dinamitarla para su enterramiento, aunque una parte se salv\u00f3 y qued\u00f3 que buen estado. No obstante se convirti\u00f3 en refugio de pastores.<\/p>\n<p style=\"text-align: justify;\">Hace unos a\u00f1os, el ayuntamiento tuvo que adquirirlo. Son aproximadamente unos 180.000metros cuadrados que ya son propiedad municipal gracia a lo cual se va trabajando en poner al descubierto lo que se puede para que pueda ser visitada.<\/p>\n<p style=\"text-align: justify;\"><a href=\"http:\/\/granadacostanacional.es\/wp-content\/uploads\/2022\/04\/image006.png\"><img decoding=\"async\" loading=\"lazy\" class=\"aligncenter wp-image-31926\" src=\"http:\/\/granadacostanacional.es\/wp-content\/uploads\/2022\/04\/image006.png\" alt=\"image006\" width=\"600\" height=\"395\" \/><\/a><\/p>\n<p style=\"text-align: justify;\">\n<p style=\"text-align: center;\"><strong>(Simulaci\u00f3n de casa romana)<\/strong><\/p>\n<p style=\"text-align: justify;\"><strong>8.- \u00bfQu\u00e9 otro valor cultural ofrece este encantador municipio ba\u00f1ado por el Almanzora y al que se accede desde la carretera atravesando un atractivo puente?<\/strong><\/p>\n<p style=\"text-align: justify;\">Quien se decida a visitarnos va a encontrar una esbelta torre vig\u00eda que sobresale desde lejos. Posee planta octogonal que data de los siglos XI-XII \u00e9poca de los almohades, y que se ha construido precisamente sobre los restos de una mezquita.<\/p>\n<p style=\"text-align: justify;\">Contamos adem\u00e1s con el Museo Gilabert de construcci\u00f3n contempor\u00e1nea, donde se pueden ver obras del escultor Pedro Gilabert, un hombre que pose\u00eda una peculiar visi\u00f3n art\u00edstica trabajando artesanalmente la madera en su estado m\u00e1s natural y genuino.<\/p>\n<p style=\"text-align: justify;\">Y por supuesto, la Iglesia parroquial que data del siglo XVIII&#8230;<\/p>\n<p style=\"text-align: justify;\">Por otro lado, tenemos sin desarrollar el yacimiento arg\u00e1rico.<\/p>\n<p style=\"text-align: justify;\"><strong>9.- Esta zona tiene fama de ser patria chica de\u00a0 personas de reconocido renombre y prestigiosos profesionales y culturales. Cite alguno, por favor.<\/strong><\/p>\n<p style=\"text-align: justify;\">Efectivamente, hay nombres vinculados a nuestro pueblo. Sin mirar demasiado atr\u00e1s, docentes, m\u00e9dicos, artistas, que dar\u00edan una larga lista de personas que honran al pueblo donde nacieron con su buen hacer.<\/p>\n<p style=\"text-align: justify;\">Pero voy a dar algunos como el reconocido escultor Luis Ramos, el tallador de madera Pedro Gilabert y do\u00f1a Consuelo Gonz\u00e1lez, pintora del mundo musulm\u00e1n, afincada en el pueblo, aunque ella es madrile\u00f1a.<\/p>\n<p style=\"text-align: justify;\"><strong>10..- A prop\u00f3sito del nombre del municipio hay dos versiones que yo sepa, la de los que defienden que Arboleas debe su nombre al \u00e1rabe al-Burayax (La Torecilla) y, por otro lado, hay quienes defienden que se debe a un cient\u00edfico \u00e1rabe que ejerci\u00f3 en Granada, pero cuya cuna este pueblo, en el que naci\u00f3 all\u00e1 por el siglo XIV conocido como al-Arbuli que escribi\u00f3 \u201cTratado de los Alimentos\u201d. \u00bfCu\u00e1l cree que es la versi\u00f3n m\u00e1s cierta?<\/strong><\/p>\n<p style=\"text-align: justify;\">Me vas a permitir que aluda a una opci\u00f3n, que bajo mi punto de vista puede considerarse m\u00e1s acertada, a tenor de las caracter\u00edsticas geogr\u00e1ficas del pueblo que se sit\u00faa en el margen r\u00edo y es el vocablo \u201c<strong>arboleja\u201d.<\/strong>Esta palabra designa la acci\u00f3n de \u201ctierra que quita y da el r\u00edo\u201d. En realidad en determinados tramos del curso del Almanzora se ve ensanchamientos que se producen en un lado, y cuando sale el r\u00edo puede cambiarlos a la orilla contraria. Y esa palabra puede ser la que d\u00e9 lugar, en su evoluci\u00f3n a Arboleas.<\/p>\n<p style=\"text-align: justify;\"><strong>11.- Pero no quiero dejar esta entrevista sin preguntar al alcalde de este lugar m\u00e1gico cu\u00e1l cree que ha sido la raz\u00f3n por la cual tantos ciudadanos brit\u00e1nicos han elegido Arboleas para residir de forma permanente, hasta el extremo de ser mayor\u00eda.<\/strong><\/p>\n<p style=\"text-align: justify;\">Hay m\u00faltiples factores: acogimiento, respeto, integraci\u00f3n, tranquilidad, clima\u2026en definitiva, la magia de la convivencia en paz porque han encontrado lo que ven\u00edan buscando.<\/p>\n<p style=\"text-align: justify;\"><a href=\"http:\/\/granadacostanacional.es\/wp-content\/uploads\/2022\/04\/image007.png\"><img decoding=\"async\" loading=\"lazy\" class=\"aligncenter wp-image-31927\" src=\"http:\/\/granadacostanacional.es\/wp-content\/uploads\/2022\/04\/image007.png\" alt=\"image007\" width=\"600\" height=\"280\" \/><\/a><\/p>\n<p style=\"text-align: center;\"><strong><em>(Visitantes camino de la cueva.)<\/em><\/strong><\/p>\n<p style=\"text-align: justify;\"><strong>Mi m\u00e1s sincero agradecimiento por la colaboraci\u00f3n para que esta iniciativa de dar a conocer nuestra zona almeriense sea la realidad que pretendemos. Muchas gracias a Crist\u00f3bal por su tiempo y su magn\u00edfico apoyo y me voy a permitir, en su nombre, invitar a las personas curiosas de historia y \u00e1vidas\u00a0 de buen tiempo que vengan a conocer este lugar tan \u00fanico de la cuenca del Almanzora.<\/strong><\/p>\n<p style=\"text-align: justify;\">\n<p style=\"text-align: right;\"><strong><a href=\"http:\/\/granadacostanacional.es\/wp-content\/uploads\/2021\/06\/Ana-Martinez-Parra.jpg\"><img decoding=\"async\" loading=\"lazy\" class=\"aligncenter size-medium wp-image-28693\" src=\"http:\/\/granadacostanacional.es\/wp-content\/uploads\/2021\/06\/Ana-Martinez-Parra-300x174.jpg\" alt=\"Ana Martinez Parra\" width=\"300\" height=\"174\" \/><\/a>Entrevista por Ana Mart\u00ednez Parra<\/strong><\/p>\n","protected":false},"excerpt":{"rendered":"<p>Las caracter\u00edsticas geol\u00f3gicas de las elevaciones que circundan el cauce del r\u00edo Almanzora en la provincia de Almer\u00eda, como es&hellip;<\/p>\n","protected":false},"author":3,"featured_media":31929,"comment_status":"open","ping_status":"open","sticky":false,"template":"","format":"standard","meta":{"om_disable_all_campaigns":false,"_mi_skip_tracking":false,"_monsterinsights_sitenote_active":false,"_monsterinsights_sitenote_note":"","_monsterinsights_sitenote_category":0,"footnotes":""},"categories":[21],"tags":[],"aioseo_notices":[],"_links":{"self":[{"href":"https:\/\/granadacostaglobal.es\/index.php?rest_route=\/wp\/v2\/posts\/31920"}],"collection":[{"href":"https:\/\/granadacostaglobal.es\/index.php?rest_route=\/wp\/v2\/posts"}],"about":[{"href":"https:\/\/granadacostaglobal.es\/index.php?rest_route=\/wp\/v2\/types\/post"}],"author":[{"embeddable":true,"href":"https:\/\/granadacostaglobal.es\/index.php?rest_route=\/wp\/v2\/users\/3"}],"replies":[{"embeddable":true,"href":"https:\/\/granadacostaglobal.es\/index.php?rest_route=%2Fwp%2Fv2%2Fcomments&post=31920"}],"version-history":[{"count":0,"href":"https:\/\/granadacostaglobal.es\/index.php?rest_route=\/wp\/v2\/posts\/31920\/revisions"}],"wp:featuredmedia":[{"embeddable":true,"href":"https:\/\/granadacostaglobal.es\/index.php?rest_route=\/"}],"wp:attachment":[{"href":"https:\/\/granadacostaglobal.es\/index.php?rest_route=%2Fwp%2Fv2%2Fmedia&parent=31920"}],"wp:term":[{"taxonomy":"category","embeddable":true,"href":"https:\/\/granadacostaglobal.es\/index.php?rest_route=%2Fwp%2Fv2%2Fcategories&post=31920"},{"taxonomy":"post_tag","embeddable":true,"href":"https:\/\/granadacostaglobal.es\/index.php?rest_route=%2Fwp%2Fv2%2Ftags&post=31920"}],"curies":[{"name":"wp","href":"https:\/\/api.w.org\/{rel}","templated":true}]}}