{"id":31860,"date":"2022-04-11T09:14:24","date_gmt":"2022-04-11T08:14:24","guid":{"rendered":"http:\/\/granadacostanacional.es\/?p=31860"},"modified":"2022-04-11T09:14:24","modified_gmt":"2022-04-11T08:14:24","slug":"mayores-de-huetor-tajar-fabrican-pasos-de-semana-santa-con-materiales-reciclados-que-encuentran-en-casa","status":"publish","type":"post","link":"https:\/\/granadacostaglobal.es\/?p=31860","title":{"rendered":"Mayores de Hu\u00e9tor T\u00e1jar fabrican pasos  de Semana Santa con materiales reciclados que encuentran en casa"},"content":{"rendered":"<ul>\n<li style=\"text-align: justify;\"><strong>Se trata de una original iniciativa puesta en marcha por los Servicios Sociales Comunitarios Hu\u00e9tor T\u00e1jar- Montefr\u00edo dentro del servicio de ayuda a domicilio para evitar el deterioro cognitivo de estos mayores, que apenas salen de casa<\/strong><\/li>\n<\/ul>\n<p style=\"text-align: justify;\"><strong>\u00a0<\/strong><\/p>\n<p style=\"text-align: justify;\">\n<p style=\"text-align: justify;\">Un grupo de mayores del municipio granadino de Hu\u00e9tor T\u00e1jar han fabricado sus propios pasos de Semana Santa empleando para ello materiales reciclados que encuentran en sus propias casas, en el marco de un original taller puesto en marcha por los Servicios Sociales Comunitarios Hu\u00e9tor T\u00e1jar- Montefr\u00edo para evitar el deterioro cognitivo de estas personas, que apenas salen de casa.<\/p>\n<p style=\"text-align: justify;\">\n<p style=\"text-align: justify;\">Esta actividad, enmarcada dentro del servicio de ayuda a domicilio, ha propuesto a los mayores huete\u00f1os que fabriquen im\u00e1genes de Semana Santa utilizando madera, papel, flores, pl\u00e1sticos o velas, y el resultado han sido espectaculares tronos que estas mujeres han elaborado con esmero durante las \u00faltimas semanas con la ayuda de sus auxiliares de ayuda a domicilio.<\/p>\n<p style=\"text-align: justify;\">\n<p style=\"text-align: justify;\">\u201cEsta iniciativa, en la que participan mayores y dependientes de Hu\u00e9tor T\u00e1jar, tiene como objetivo fomentar su creatividad, en el marco de un taller de ergoterapia que pretende ayudar a mantener y rehabilitar determinados aspectos f\u00edsicos, cognitivos y sociales de las personas mayores\u201d, explica la directora de los Servicios Sociales Comunitarios Hu\u00e9tor T\u00e1jar-Montefr\u00edo, Paqui Fern\u00e1ndez Mantas.<\/p>\n<p style=\"text-align: justify;\"><a href=\"http:\/\/granadacostanacional.es\/wp-content\/uploads\/2022\/04\/PHOTO-2022-04-08-12-02-10.jpg\"><img decoding=\"async\" loading=\"lazy\" class=\"aligncenter size-large wp-image-31861\" src=\"http:\/\/granadacostanacional.es\/wp-content\/uploads\/2022\/04\/PHOTO-2022-04-08-12-02-10-768x1024.jpg\" alt=\"PHOTO-2022-04-08-12-02-10\" width=\"768\" height=\"1024\" \/><\/a><\/p>\n<p style=\"text-align: justify;\"><strong>Tronos con cajas de zapatos<\/strong><\/p>\n<p style=\"text-align: justify;\">As\u00ed, desde sus casas, los mayores huete\u00f1os han utilizado materiales como cajas de zapatos para hacer la base del trono, junto a tela de encaje o fotos de las im\u00e1genes que ten\u00edan en sus domicilios.<\/p>\n<p style=\"text-align: justify;\">\n<p style=\"text-align: justify;\">Encarnaci\u00f3n Redondo, concejala de Bienestar Social del Ayuntamiento de Hu\u00e9tor T\u00e1jar, destaca \u201cla enorme calidad de estos trabajos, que suponen una nueva ilusi\u00f3n y un reto para los mayores de nuestro municipio\u201d.<\/p>\n<p style=\"text-align: justify;\">\n<p style=\"text-align: justify;\">Este es otro de los talleres que los Servicios Sociales Comunitarios de Hu\u00e9tor T\u00e1jar han puesto en marcha para sus usuarios desde que comenz\u00f3 la pandemia para promocionar la autonom\u00eda de los usuarios de ayuda a domicilio y combatir el gran deterioro cognitivo, emocional, social que la pandemia ha provocado en los mayores huete\u00f1os.<\/p>\n<p style=\"text-align: justify;\">\n<p style=\"text-align: justify;\">Tambi\u00e9n hay talleres de cartas a otros usuarios, fotograf\u00eda, dibujo o m\u00fasica, \u201ccon los que pretendemos que estos mayores cambien el foco de sus pensamientos y sean m\u00e1s positivos, y as\u00ed mejorar su estado de \u00e1nimo\u201d, concluye la concejala.<\/p>\n<p>&nbsp;<\/p>\n","protected":false},"excerpt":{"rendered":"<p>Se trata de una original iniciativa puesta en marcha por los Servicios Sociales Comunitarios Hu\u00e9tor T\u00e1jar- Montefr\u00edo dentro del servicio&hellip;<\/p>\n","protected":false},"author":3,"featured_media":31761,"comment_status":"open","ping_status":"open","sticky":false,"template":"","format":"standard","meta":{"om_disable_all_campaigns":false,"_mi_skip_tracking":false,"_monsterinsights_sitenote_active":false,"_monsterinsights_sitenote_note":"","_monsterinsights_sitenote_category":0,"footnotes":""},"categories":[21],"tags":[],"aioseo_notices":[],"_links":{"self":[{"href":"https:\/\/granadacostaglobal.es\/index.php?rest_route=\/wp\/v2\/posts\/31860"}],"collection":[{"href":"https:\/\/granadacostaglobal.es\/index.php?rest_route=\/wp\/v2\/posts"}],"about":[{"href":"https:\/\/granadacostaglobal.es\/index.php?rest_route=\/wp\/v2\/types\/post"}],"author":[{"embeddable":true,"href":"https:\/\/granadacostaglobal.es\/index.php?rest_route=\/wp\/v2\/users\/3"}],"replies":[{"embeddable":true,"href":"https:\/\/granadacostaglobal.es\/index.php?rest_route=%2Fwp%2Fv2%2Fcomments&post=31860"}],"version-history":[{"count":0,"href":"https:\/\/granadacostaglobal.es\/index.php?rest_route=\/wp\/v2\/posts\/31860\/revisions"}],"wp:featuredmedia":[{"embeddable":true,"href":"https:\/\/granadacostaglobal.es\/index.php?rest_route=\/"}],"wp:attachment":[{"href":"https:\/\/granadacostaglobal.es\/index.php?rest_route=%2Fwp%2Fv2%2Fmedia&parent=31860"}],"wp:term":[{"taxonomy":"category","embeddable":true,"href":"https:\/\/granadacostaglobal.es\/index.php?rest_route=%2Fwp%2Fv2%2Fcategories&post=31860"},{"taxonomy":"post_tag","embeddable":true,"href":"https:\/\/granadacostaglobal.es\/index.php?rest_route=%2Fwp%2Fv2%2Ftags&post=31860"}],"curies":[{"name":"wp","href":"https:\/\/api.w.org\/{rel}","templated":true}]}}