{"id":31802,"date":"2022-04-06T09:58:34","date_gmt":"2022-04-06T08:58:34","guid":{"rendered":"http:\/\/granadacostanacional.es\/?p=31802"},"modified":"2022-04-06T09:58:34","modified_gmt":"2022-04-06T08:58:34","slug":"entrega-de-los-premios-de-poesia-poeta-marcelino-arellano-alabarces-y-presentacion-de-los-libros-adios-al-paraiso-los-lirios-ausentes-itrabo-sus-calles-monumento-y-paisajes","status":"publish","type":"post","link":"https:\/\/granadacostaglobal.es\/?p=31802","title":{"rendered":"ENTREGA DE LOS PREMIOS DE POES\u00cdA \u201cPOETA MARCELINO ARELLANO ALABARCES\u201d Y PRESENTACI\u00d3N DE LOS LIBROS ADI\u00d3S AL PARAISO, LOS LIRIOS AUSENTES, \u00cdTRABO, SUS CALLES MONUMENTO Y PAISAJES"},"content":{"rendered":"<p><strong>ENTREGA DE LOS PREMIOS DE POES\u00cdA \u201cPOETA MARCELINO ARELLANO ALABARCES\u201d Y PRESENTACI\u00d3N DE LOS LIBROS <em>ADI\u00d3S AL PARAISO, LOS LIRIOS AUSENTES, \u00cdTRABO, SUS CALLES MONUMENTO Y PAISAJES Y LOS POEMAS GANADORES DE LOS CERT\u00c1MEN DE POES\u00cdA MARCELINO ARELLANO ALABARCES (2009-2018)<\/em><\/strong><\/p>\n<p style=\"text-align: justify;\"><strong>E<\/strong>l pasado d\u00eda 2 de abril, se celebr\u00f3 en el sal\u00f3n de actos del edificio multiusos del Ayuntamiento de \u00cdtrabo (Granada), la entrega de los premios de poes\u00eda Poeta Marcelino Arellano Alabarces, en su XIV convocatoria organizado por el Excmo. Ayuntamiento de dicha localidad. El acto estuvo presidido por el alcalde D. <strong>Antonio Jes\u00fas Carrascosa<\/strong> <strong>Valverde<\/strong>, la concejala de cultura Do\u00f1a <strong>Mari \u00c1ngeles Fern\u00e1ndez<\/strong>, Do\u00f1a <strong>Xisca Aguil\u00f3<\/strong> y <strong>Marcelino Arellano. <\/strong>La moderadora y presentadora del acto, fue Do\u00f1a <strong>Mar\u00eda Venegas<\/strong>.<\/p>\n<p style=\"text-align: justify;\">Abri\u00f3 el acto la concejala de cultura, que dio la bienvenida a todos los asistentes al acto, destac\u00f3 y agradeci\u00f3 la presencia de Marcelino Arellano. A continuaci\u00f3n, Mar\u00eda Venegas dio lectura al acta del jurado y fue llamando a los ganadores y ganadora de los premios a que se acercaran al estrado, para recoger el premio y leer el poema.<\/p>\n<p style=\"text-align: justify;\">El primer premio recay\u00f3 este a\u00f1o en el poeta sevillano D. <strong>Jos\u00e9 Quesada<\/strong> <strong>Moreno<\/strong>, que recogi\u00f3 el premio y ley\u00f3 el poema ganador siendo muy aplaudido por el much\u00edsimo publico asistente al acto. El segundo premio concedido a D. <strong>Miguel Lizondo Mart\u00ednez<\/strong>, residente en Madrid, que no pudo asistir al acto, por estar recuper\u00e1ndose de una dolencia, recogi\u00f3 el premio en su lugar y ley\u00f3 el poema D. <strong>Francisco S\u00e1nchez<\/strong>, el tercer premio fue para Do\u00f1a <strong>Carmen Angustias Alabarces Pe\u00f1alver<\/strong> residente en la localidad que recogi\u00f3 el premio y ley\u00f3 el poema. Los tres ganadores fueron muy aplaudidos por el p\u00fablico.<\/p>\n<p style=\"text-align: justify;\"><a href=\"http:\/\/granadacostanacional.es\/wp-content\/uploads\/2022\/04\/20220402_180049-2.jpg\"><img decoding=\"async\" loading=\"lazy\" class=\"aligncenter size-large wp-image-31803\" src=\"http:\/\/granadacostanacional.es\/wp-content\/uploads\/2022\/04\/20220402_180049-2-1024x768.jpg\" alt=\"20220402_180049-2\" width=\"1024\" height=\"768\" \/><\/a><\/p>\n<p style=\"text-align: center;\"><strong>De izqui. a decha. Mari \u00c1ngeles Fern\u00e1ndez, Antonio Jes\u00fas Carrascosa Valverde, Xisca Aguil\u00f3 y Marcelino Arellano Alabarces.<\/strong><\/p>\n<p style=\"text-align: justify;\">A continuaci\u00f3n, tuvo lugar la <strong>PRESENTACI\u00d3N DEL LIBRO<\/strong> de poemas<em> <strong>Lirios <\/strong><\/em><strong>ausentes<\/strong> <em>de <strong>Marcelino Arellano Alabarces<\/strong>, que fue presentado por la <\/em>poeta, escritora y articulista Do\u00f1a <strong>Xisca Aguil\u00f3<\/strong>, que hizo del libro una presentaci\u00f3n magnifica, con palabras sinceras destacando a lo largo de la presentaci\u00f3n algunos fragmentos de algunos de los muchos poemas del libro y destac\u00f3 la personalidad del poeta y su amor hacia el pueblo donde naci\u00f3 y a sus gentes.<\/p>\n<p style=\"text-align: justify;\">&lt;&lt;Atr\u00e1s, Despe\u00f1aperros, el aire se hace esencia y a lo lejos, en un pa\u00f1uelo a\u00f1il, Andaluc\u00eda es presente. Los olivos y las rosas, se encadenan y transforman el paisaje. Intuyo la pena y el alma, en el rasgueo de una guitarra, esa tierra de caballeros, poetas y artistas, de v\u00edrgenes dolorosas, de quejios y azucenas, romer\u00edas coloridas y exultantes\u2026 Flores bordando los balcones y all\u00ed entre nubes, coronada de nieves, n\u00edspolas y mares, la cuna del poeta\u2026 No s\u00e9 si fue aqu\u00ed, entre contraluces y calles de casas encaladas, en este \u00cdtrabo so\u00f1ado, cuando una p\u00e1gina en blanco, puso su deseo&gt;&gt;<\/p>\n<p style=\"text-align: justify;\"><em>Viene hacia m\u00ed\/ Una p\u00e1gina blanca de duelos\/ que no es una p\u00e1gina est\u00e1tica\/<\/em><\/p>\n<p style=\"text-align: justify;\"><em>es una p\u00e1gina blanca como la flor del almendro\/ con un ideario\/ que a\u00fan no comprendo\/ que escribir\u00e9 en esa p\u00e1gina blanca\/ \u00bfQu\u00e9 no haya sido ya escrito?<\/em><\/p>\n<p style=\"text-align: justify;\">Quiz\u00e1s Emily Dickinson le contestar\u00eda.<\/p>\n<p style=\"text-align: justify;\">&lt;&lt;Cu\u00e9ntale p\u00e1gina, que no escrib\u00ed, cu\u00e9ntale como se apresuraban los dedos, despu\u00e9s como se mov\u00edan\u2026 Despacio\u2026 Despacio\u2026<\/p>\n<p style=\"text-align: justify;\">Entonces, deseo tener alas en los dedos, para verso tras verso, navegando entre mares de locura y desatino, embriagado de quimeras y amores, seguir el poeta el camino&gt;&gt;.<\/p>\n<p style=\"text-align: justify;\"><em>Quise ver sus manos de nieve, \/ heladas entre mis manos blancas. \/ ha abierto las puertas a la pasi\u00f3n.<\/em><\/p>\n<p style=\"text-align: justify;\"><em>\u00a0<\/em>&lt;&lt;Ha estallado el verso, como una tormenta imprudente y salvaje, su mente se concentra, es la vida, el sol, la m\u00fasica, el \u00e9xtasis inefable, que produce el crear verso a verso, en un instante, todo lo que contiene la palabra amor. Sigue el Guadalquivir su lento camino, en Sevilla los puentes est\u00e1n vivos, y en M\u00e1laga el mar, con sus espumas, moja los pies de una bella mujer, C\u00f3rdoba, luce orgullosa su mezquita y Granada\u2026 Granada es luz, e \u00cdtrabo, su hijo plata y alamares paz en la ma\u00f1ana, viento en la sierra, que acoge los rumores de dichas y desgracias\u2026 Paz en el alma, del que escribe sobre pliegos, con olores de azucena. Que haya paz, en la ma\u00f1ana cuajada de roc\u00edo, que despeje la bruma, tras la noche larga, que hace fr\u00edo en la madrugada, en esta azul alborada, que ya venci\u00f3 a la noche oscura del alma y bord\u00f3 de roc\u00edo las rosas de su ventana&gt;&gt;.<\/p>\n<p style=\"text-align: justify;\"><em>Al abrir esta ma\u00f1ana mi ventana\/ vi llorando una rosa en mi jard\u00edn\/ en mi jard\u00edn del alma. \/ Los primeros rayos de sol, \/ brillaba en sus hojas escarlatas\/ el roc\u00edo sobre su tallo\/ despertaba en la ma\u00f1ana\/ m\u00fasica toda era el sonido del agua.<\/em><\/p>\n<p style=\"text-align: justify;\">&lt;&lt;Esa ausencia persistente de la amada, esquiva a los requiebros del poeta. Esa forma de ser, de desvanecerse en la palabra, los recuerdos dichosos, la esperanza de a\u00f1os futuros, murmurando insistente el nombre amado&gt;&gt;.<\/p>\n<p style=\"text-align: justify;\">Esos lirios ausentes del jard\u00edn de la a\u00f1oranza\u2026<\/p>\n<p style=\"text-align: justify;\"><em>\u00a0<\/em><em>A lo lejos se repite el espejismo\/ de los sue\u00f1os irrealizables\/ nada es igual\/ quiz\u00e1s una nube\/ en esta tarde amanezca\/ y su frescura haga que la tarde\/ pueda cupular con lirios\/ todo es un espejismo\u2026\/ las olas del mar\/ a veces\u2026<\/em><\/p>\n<p style=\"text-align: justify;\"><em>\u00a0<\/em><em>\u00a0<\/em>&lt;&lt;\u00cdtrabo en clave de amor. Nos lleva Marcelino a todos nosotros el bagaje sentimental que su ciudad encierra en sus fronteras, haciendo que cualquier historia amorosa sea posible o haya podido ser a lo largo de cuentos y leyendas, formando un maravilloso dosel, bajo el cual se dan cita todos los hermosos parajes de su tierra, deja su impronta en cada una de las palabras de sus libros, en la tradici\u00f3n amorosa, que rige el coraz\u00f3n de las personas nacidas en esa bendita tierra&gt;&gt;.<\/p>\n<p style=\"text-align: justify;\"><a href=\"http:\/\/granadacostanacional.es\/wp-content\/uploads\/2022\/04\/20220402_164025-1.jpg\"><img decoding=\"async\" loading=\"lazy\" class=\"aligncenter size-large wp-image-31805\" src=\"http:\/\/granadacostanacional.es\/wp-content\/uploads\/2022\/04\/20220402_164025-1-1024x768.jpg\" alt=\"20220402_164025-1\" width=\"1024\" height=\"768\" \/><\/a><\/p>\n<p style=\"text-align: center;\"><strong>\u00cdtrabo<\/strong><\/p>\n<p style=\"text-align: justify;\">&lt;&lt;No en vano su escudo a\u00fana aves y flores, dulce vino que embriaga los sentidos, un puente que cruza ca\u00f1adas y frutales\u2026&gt;&gt;.<\/p>\n<p style=\"text-align: justify;\">&lt;&lt;No se halla lejos esta tierra de fertilidad, de la tradici\u00f3n cristiana que ve en la granada, las uvas, los higos, frutos que Dios prometi\u00f3 a los hebreos durante su traves\u00eda por el desierto, cuando les exhorta a continuar su esfuerzo con estas palabras&gt;&gt;:<\/p>\n<p style=\"text-align: justify;\">&lt;&lt;<strong>Yahveh<\/strong>, vuestro Dios, os va a introducir en la tierra buena, tierra de torrentes, de fuentes, de aguas profundas que brotan en el fondo de los valles y sobre los montes; tierra de trigo, de cebada, de vi\u00f1as, de higueras y granados, tierra de olivos, aceite y miel&gt;&gt;.<\/p>\n<p style=\"text-align: justify;\"><em>Todo es exuberancia, los \u00e1rboles, las flores\/ los peces dorados en los estanques. \/ el canto del jilguero sobre las ramas\/ de los blancos y cimbreantes \u00e1lamos, \/ todo es armon\u00eda. Los huertos fragantes\/ y el surtidor solitario, junto a los arrayanes\/ la indispensable menta verde, olorosa\/ y la enredadera que trepa hasta el tejado.<\/em><\/p>\n<p style=\"text-align: justify;\"><em>\u00a0<\/em>&lt;&lt;Como no iban a ser, los poemarios de amor de alguien a quien todav\u00eda, con gran dominio de la l\u00edrica, sigue generando ideas literarias, fantas\u00edas de cuya enso\u00f1aci\u00f3n asciende al beso de la luz y el aire, nuevos escenarios y tramas para ensanchar la geograf\u00eda po\u00e9tica del mundo.<\/p>\n<p style=\"text-align: justify;\">As\u00ed, con esta peque\u00f1a exposici\u00f3n, no pretendo, sino que conozcan a Marcelino Arellano, tierno, delicado, profundo, audaz, cuya producci\u00f3n amorosa, re\u00fane los m\u00e9ritos suficientes, para figurar al lado de la mejor poes\u00eda amorosa de nuestros tiempos.<\/p>\n<p style=\"text-align: justify;\">Su originalidad y desbordante capacidad imaginativa, energ\u00eda y deseo de continuar la obra, para advertirnos, que todav\u00eda hay sitio para el deseo y el amor, en el pecho de ese creador de sue\u00f1os y memorias.<\/p>\n<p style=\"text-align: justify;\">Bajo el t\u00edtulo de Lirios Ausentes, el yo, \u00edntimo del poeta, lo m\u00e1s oculto de su propio ser, se vuelca en la b\u00fasqueda de la uni\u00f3n con el ser de la persona amada, que le convierte, por gracia del amor, en un ente \u00fanico y singular.<\/p>\n<p style=\"text-align: justify;\">Es su poes\u00eda vigorosa, surgida del fecundo vivir de alguien, que lleva en su coraz\u00f3n la grandeza del hombre.<\/p>\n<p style=\"text-align: justify;\">Fue Dostoievski quien aconsejaba amar la vida m\u00e1s que el sentido que esta tuviera, convencido, de que solo a trav\u00e9s del amor, le era permitido al hombre, conocer el misterio de la creaci\u00f3n y que este amor, le conducir\u00eda al sentimiento sin l\u00edmites.<\/p>\n<p style=\"text-align: justify;\">Y no es otro, este sentimiento, que el que irradian los poemas de Marcelino, una de las voces m\u00e1s queridas y evocadoras de estas tierras, porque si por primera vez abres las p\u00e1ginas de uno de sus libros, encontrar\u00e1s a un poeta, que se dispone a desgranar para ti, la m\u00fasica arrebatadora, que suena en la orquesta de su alma. Te aportar\u00e1n un halito luminoso, en las horas dif\u00edciles de esta realidad cotidiana, que nos aturde en estos tiempos, momentos sosegados, para huir de los ecos de guerras y desgracias, para encontrar en una tarde cualquiera y al mor de la lumbre, con un libro en las manos, la \u00edntima sensaci\u00f3n de lo et\u00e9reo, de la fuerza del verso, que har\u00e1 florecer en nosotros espirales de luz y tranquilidad.<\/p>\n<p style=\"text-align: justify;\">Amigos que acompa\u00f1\u00e1is al poeta en esta tarde m\u00e1gica de encuentros y palabras, hab\u00e9is podido escapar, por un breve espacio de tiempo, alumbrados por el rayo salvador de la poes\u00eda, hacia el ma\u00f1ana, para seguir so\u00f1ando, para seguir amando, para seguir viviendo.<\/p>\n<p style=\"text-align: justify;\">Quiero acabar con unos veros bell\u00edsimos del libro que hoy nos ocupa&gt;&gt;.<\/p>\n<p style=\"text-align: justify;\">El azul pur\u00edsimo de la poes\u00eda.<\/p>\n<p style=\"text-align: justify;\"><em>Poeta, no me des en la poes\u00eda palabras rebuscadas\/palabras que otros no pueden entender. \/ la poes\u00eda debe ser siempre como el agua clara,\/que lleva el riachuelo tranquilo hacia la alborada.\/ los poetas deben buscar el azul siempre del cielo.\/ escribir siempre palabras claras y sencillas.\/Estrellas que brillen en los corazones de los enamorados,\/ como celindo perfumado en las tardes serenas de mayo.\/ decir amor, no es decir a porf\u00eda palabras necias.\/ pero en el azul del mar, del firmamento,\/ y en el romanticismo de una puesta del sol,\/ es donde est\u00e1 la belleza y la felicidad plena. <\/em>\u00a0<em>\u00a0<\/em><\/p>\n<p style=\"text-align: justify;\"><a href=\"http:\/\/granadacostanacional.es\/wp-content\/uploads\/2022\/04\/20220402_190208-6.jpg\"><img decoding=\"async\" loading=\"lazy\" class=\"aligncenter size-large wp-image-31804\" src=\"http:\/\/granadacostanacional.es\/wp-content\/uploads\/2022\/04\/20220402_190208-6-768x1024.jpg\" alt=\"20220402_190208-6\" width=\"768\" height=\"1024\" \/><\/a><\/p>\n<p style=\"text-align: center;\"><strong>El alcalde de la villa D. Antonio Carrascosa y Xisca Aguil\u00f3<\/strong><\/p>\n<p style=\"text-align: justify;\">Seguidamente, intervino Marcelino Arellano que habl\u00f3 sobre los tres libros restantes, es decir <strong><em>Adi\u00f3s al Para\u00edso<\/em><\/strong>, <strong><em>\u00edtrabo, sus calles, paisajes y<\/em> <em>monumentos<\/em><\/strong> y del libro que re\u00fane los poemas ganadores en los diez primeros a\u00f1os del concurso. Sobre el libro <em>Adi\u00f3s al Para\u00edso<\/em>, dijo &lt;&lt;que pertenec\u00eda a una trilog\u00eda, siendo dicho libro el segundo de ellos&gt;&gt;. En dicho libro se narra la marcha de Boabdil desde Granada a Laujar de Andarax y posteriormente su marcha definitiva a Marruecos. Tambi\u00e9n dijo &lt;&lt;Que parte de la acci\u00f3n de la historia transcurre en \u00cdtrabo, ya que, igualmente hubiese podido haber transcurrido en otra localidad de Granada&gt;&gt;. Sobre el libro de \u00cdtrabo, sus calles, monumentos y paisajes, coment\u00f3 &lt;&lt;Que hab\u00eda sido muy complejo el escribirlo&gt;&gt;, ya que tuvo que contactar con much\u00edsimas personas mayores para que, le aportaran datos para el libro y a\u00f1adi\u00f3, &lt;&lt;Que escribir el libro hab\u00eda sido muy gratificante para \u00e9l ya que le permiti\u00f3 recordar su ni\u00f1ez y juventud y, sobre todo, convivir nuevamente con los hombres, mujeres y ni\u00f1os de su infancia&gt;&gt;.<\/p>\n<p style=\"text-align: justify;\"><strong>Cerr\u00f3 el acto el alcalde de la villa D. Antonio Carrascosa Valverde<\/strong>, que agradeci\u00f3 la presencia al acto, felicit\u00f3 a los ganadores y ganadora y agradeci\u00f3 la presencia de Marcelino Arellano, que con palabras sinceras y sentidas dijo &lt;&lt;Que Marcelino es una referencia para el pueblo y que ten\u00eda una gran capacidad de convocatoria, alab\u00f3 su gran capacidad de trabajo en pro de la cultura y en dar a conocer al pueblo por toda Espa\u00f1a \u00a0y termino su alocuci\u00f3n emplazando a todo el p\u00fablico a que asistan en una pr\u00f3xima edici\u00f3n de los premios, el primer s\u00e1bado de abril del a\u00f1o 2023&gt;&gt;.<\/p>\n<p style=\"text-align: justify;\">Se les entreg\u00f3 a todos los presentes al acto con un ejemplar de cada libro (cuatro en total), que fue entregando Mar\u00eda Venegas. Asistieron entre otros: <strong>Antonio Bustos Gonz\u00e1lez<\/strong>, <strong>Antonio Alabarces<\/strong>, <strong>Filo Arellano<\/strong>, <strong>Eugenio \u00c1lvarez Mateo<\/strong>, <strong>Ignacio Mart\u00ednez Arellano<\/strong> acompa\u00f1ado de su esposa <strong>Mar\u00eda Jos\u00e9<\/strong>, <strong>Elena<\/strong> <strong>Gonz\u00e1lez<\/strong>, <strong>Lola Arellano<\/strong>, etc. Al final del acto se ofreci\u00f3 a todos las personas que asistieron al acto, un refrigerio abundante y generoso.<\/p>\n<p style=\"text-align: justify;\">Al d\u00eda siguiente, domingo, se celebr\u00f3 un a\u00f1o m\u00e1s (despu\u00e9s del par\u00e9ntesis de los dos a\u00f1os anteriores debido a la pandemia) la fiesta del vino que, como en a\u00f1os anteriores, fue un rotundo \u00e9xito. Hubo comida popular (paella) y vino, todo el que quisieron beber, se les obsequi\u00f3 a todos con un vaso de cristal como recuerdo de la fiesta. Todos estos actos han estado englobados dentro de la Semana Cultural que a\u00f1o tras a\u00f1o, viene desarrollando el Ayuntamiento de \u00cdtrabo y, en donde se desarrollan diversos e interesantes actos.<\/p>\n<p style=\"text-align: justify;\">\n<p style=\"text-align: right;\"><strong>Carlos Jara del Cid\u00a0 \u00a0\u00a0<\/strong><\/p>\n<p style=\"text-align: right;\"><strong>\u00cdtrabo (Granada)\u00a0\u00a0\u00a0\u00a0\u00a0\u00a0\u00a0 \u00a0<\/strong><\/p>\n","protected":false},"excerpt":{"rendered":"<p>ENTREGA DE LOS PREMIOS DE POES\u00cdA \u201cPOETA MARCELINO ARELLANO ALABARCES\u201d Y PRESENTACI\u00d3N DE LOS LIBROS ADI\u00d3S AL PARAISO, LOS LIRIOS&hellip;<\/p>\n","protected":false},"author":3,"featured_media":31806,"comment_status":"open","ping_status":"open","sticky":false,"template":"","format":"standard","meta":{"om_disable_all_campaigns":false,"_mi_skip_tracking":false,"_monsterinsights_sitenote_active":false,"_monsterinsights_sitenote_note":"","_monsterinsights_sitenote_category":0,"footnotes":""},"categories":[21],"tags":[],"aioseo_notices":[],"_links":{"self":[{"href":"https:\/\/granadacostaglobal.es\/index.php?rest_route=\/wp\/v2\/posts\/31802"}],"collection":[{"href":"https:\/\/granadacostaglobal.es\/index.php?rest_route=\/wp\/v2\/posts"}],"about":[{"href":"https:\/\/granadacostaglobal.es\/index.php?rest_route=\/wp\/v2\/types\/post"}],"author":[{"embeddable":true,"href":"https:\/\/granadacostaglobal.es\/index.php?rest_route=\/wp\/v2\/users\/3"}],"replies":[{"embeddable":true,"href":"https:\/\/granadacostaglobal.es\/index.php?rest_route=%2Fwp%2Fv2%2Fcomments&post=31802"}],"version-history":[{"count":0,"href":"https:\/\/granadacostaglobal.es\/index.php?rest_route=\/wp\/v2\/posts\/31802\/revisions"}],"wp:featuredmedia":[{"embeddable":true,"href":"https:\/\/granadacostaglobal.es\/index.php?rest_route=\/"}],"wp:attachment":[{"href":"https:\/\/granadacostaglobal.es\/index.php?rest_route=%2Fwp%2Fv2%2Fmedia&parent=31802"}],"wp:term":[{"taxonomy":"category","embeddable":true,"href":"https:\/\/granadacostaglobal.es\/index.php?rest_route=%2Fwp%2Fv2%2Fcategories&post=31802"},{"taxonomy":"post_tag","embeddable":true,"href":"https:\/\/granadacostaglobal.es\/index.php?rest_route=%2Fwp%2Fv2%2Ftags&post=31802"}],"curies":[{"name":"wp","href":"https:\/\/api.w.org\/{rel}","templated":true}]}}