{"id":31798,"date":"2022-04-06T08:13:49","date_gmt":"2022-04-06T07:13:49","guid":{"rendered":"http:\/\/granadacostanacional.es\/?p=31798"},"modified":"2022-04-06T08:13:49","modified_gmt":"2022-04-06T07:13:49","slug":"la-judoca-de-otura-yahari-domingo-se-proclama-campeona-de-andalucia","status":"publish","type":"post","link":"https:\/\/granadacostaglobal.es\/?p=31798","title":{"rendered":"La judoca de Otura Yahari Domingo se proclama campeona de Andaluc\u00eda"},"content":{"rendered":"<ul>\n<li style=\"text-align: justify;\"><strong>A sus 13 a\u00f1os, la joven deportista granadina ha ganado la medalla de oro en la categor\u00eda infantil de menos de 48 kilos, y participar\u00e1 a finales de mes en el Campeonato de Espa\u00f1a<\/strong><\/li>\n<\/ul>\n<p style=\"text-align: justify;\"><strong>\u00a0<\/strong><\/p>\n<p style=\"text-align: justify;\">La deportista granadina Yahari Domingo L\u00f3pez, de 13 a\u00f1os, se ha proclamado campeona de Andaluc\u00eda de judo en la categor\u00eda infantil de menos de 48 kilos, en el Campeonato de Andaluc\u00eda en las categor\u00edas de Infantil y Cadete, que se acaba de celebrar en el Rinc\u00f3n de la Victoria (M\u00e1laga).<\/p>\n<p style=\"text-align: justify;\">Esta judoca, residente en el municipio de Otura pero perteneciente al Club de Judo Dojo Padul, ha logrado la medalla de oro en su categor\u00eda, clasific\u00e1ndose directamente para el Campeonato de Espa\u00f1a, que se celebrar\u00e1 los pr\u00f3ximos d\u00edas 30 de abril y 1 de mayo en Pamplona.<\/p>\n<p style=\"text-align: justify;\">No es la primera vez que Yahari Domingo logra ser campeona de Andaluc\u00eda de judo (lo ha logrado varias veces desde que ten\u00eda 7 a\u00f1os), aunque s\u00ed en esta categor\u00eda. Ser\u00e1 la segunda vez, adem\u00e1s, que participe en el Campeonato de Espa\u00f1a de Judo.<\/p>\n<p style=\"text-align: justify;\"><a href=\"http:\/\/granadacostanacional.es\/wp-content\/uploads\/2022\/04\/7686cc6d-6e24-427b-b67e-67ffb42ab247-1.jpg\"><img decoding=\"async\" loading=\"lazy\" class=\"aligncenter size-large wp-image-31799\" src=\"http:\/\/granadacostanacional.es\/wp-content\/uploads\/2022\/04\/7686cc6d-6e24-427b-b67e-67ffb42ab247-1-627x1024.jpg\" alt=\"7686cc6d-6e24-427b-b67e-67ffb42ab247 (1)\" width=\"627\" height=\"1024\" \/><\/a><\/p>\n<p style=\"text-align: justify;\"><strong>M\u00e1s de 300 deportistas<\/strong><\/p>\n<p style=\"text-align: justify;\">El Campeonato de Andaluc\u00eda de Judo en las categor\u00edas de Infantil y Cadete sea celebrado en las instalaciones del pabell\u00f3n cubierto municipal Rub\u00e9n Ruzafa de El Rinc\u00f3n de la Victoria, y en \u00e9l han participado m\u00e1s de 300 deportistas con edades comprendidas entre los 12 y 17 a\u00f1os pertenecientes a 44 clubes, procedentes de todas las provincias andaluzas.<\/p>\n<p style=\"text-align: justify;\">El alcalde de Otura, <strong>Nazario Montes<\/strong>, ha felicitado a la joven deportista oture\u00f1a Yahari Domingo, \u201cpor ser un ejemplo de constancia y esfuerzo, y del enorme talento que atesora la juventud de nuestro municipio\u201d, y le ha deseado \u201ctoda la suerte del mundo en el Campeonato de Espa\u00f1a, donde llevar\u00e1 el nombre de Otura por bandera\u201d.<\/p>\n","protected":false},"excerpt":{"rendered":"<p>A sus 13 a\u00f1os, la joven deportista granadina ha ganado la medalla de oro en la categor\u00eda infantil de menos&hellip;<\/p>\n","protected":false},"author":3,"featured_media":31800,"comment_status":"open","ping_status":"open","sticky":false,"template":"","format":"standard","meta":{"om_disable_all_campaigns":false,"_mi_skip_tracking":false,"_monsterinsights_sitenote_active":false,"_monsterinsights_sitenote_note":"","_monsterinsights_sitenote_category":0,"footnotes":""},"categories":[21],"tags":[],"aioseo_notices":[],"_links":{"self":[{"href":"https:\/\/granadacostaglobal.es\/index.php?rest_route=\/wp\/v2\/posts\/31798"}],"collection":[{"href":"https:\/\/granadacostaglobal.es\/index.php?rest_route=\/wp\/v2\/posts"}],"about":[{"href":"https:\/\/granadacostaglobal.es\/index.php?rest_route=\/wp\/v2\/types\/post"}],"author":[{"embeddable":true,"href":"https:\/\/granadacostaglobal.es\/index.php?rest_route=\/wp\/v2\/users\/3"}],"replies":[{"embeddable":true,"href":"https:\/\/granadacostaglobal.es\/index.php?rest_route=%2Fwp%2Fv2%2Fcomments&post=31798"}],"version-history":[{"count":0,"href":"https:\/\/granadacostaglobal.es\/index.php?rest_route=\/wp\/v2\/posts\/31798\/revisions"}],"wp:featuredmedia":[{"embeddable":true,"href":"https:\/\/granadacostaglobal.es\/index.php?rest_route=\/"}],"wp:attachment":[{"href":"https:\/\/granadacostaglobal.es\/index.php?rest_route=%2Fwp%2Fv2%2Fmedia&parent=31798"}],"wp:term":[{"taxonomy":"category","embeddable":true,"href":"https:\/\/granadacostaglobal.es\/index.php?rest_route=%2Fwp%2Fv2%2Fcategories&post=31798"},{"taxonomy":"post_tag","embeddable":true,"href":"https:\/\/granadacostaglobal.es\/index.php?rest_route=%2Fwp%2Fv2%2Ftags&post=31798"}],"curies":[{"name":"wp","href":"https:\/\/api.w.org\/{rel}","templated":true}]}}