{"id":31776,"date":"2022-04-05T16:08:03","date_gmt":"2022-04-05T15:08:03","guid":{"rendered":"http:\/\/granadacostanacional.es\/?p=31776"},"modified":"2022-04-05T16:08:03","modified_gmt":"2022-04-05T15:08:03","slug":"mujeres-de-la-zubia-cambiaran-manana-bufandas-tejidas-por-ellas-y-galletas-caseras-por-libros-para-los-presos-de-la-carcel-de-albolote","status":"publish","type":"post","link":"https:\/\/granadacostaglobal.es\/?p=31776","title":{"rendered":"Mujeres de La Zubia cambiar\u00e1n ma\u00f1ana bufandas tejidas por ellas y galletas caseras por libros para los presos de la c\u00e1rcel de Albolote"},"content":{"rendered":"<ul>\n<li style=\"text-align: justify;\"><strong>Se trata de una iniciativa solidaria organizada por la asociaci\u00f3n Las Tejedoras de Sue\u00f1os <\/strong><\/li>\n<\/ul>\n<p style=\"text-align: justify;\">\n<ul style=\"text-align: justify;\">\n<li><strong>El intercambio tendr\u00e1 lugar este mi\u00e9rcoles, 6 de abril, de 18 a 20 horas en la Casa Pint\u00e1 de La Zubia<\/strong><\/li>\n<\/ul>\n<p style=\"text-align: justify;\">\n<p style=\"text-align: justify;\">Un grupo de mujeres del municipio granadino de La Zubia ha tejido durante los \u00faltimos meses m\u00e1s de 30 bufandas de lana morada, que servir\u00e1n para ampliar la biblioteca del Centro Penitenciario de Albolote. Y es que estas vecinas, cuya asociaci\u00f3n se denomina \u2018Las Tejedoras de Sue\u00f1os\u2019, cambiar\u00e1n esas bufandas, junto con galletas caseras hechas por otra vecina, por libros para los presos de esta c\u00e1rcel granadina.<\/p>\n<p style=\"text-align: justify;\"><a href=\"http:\/\/granadacostanacional.es\/wp-content\/uploads\/2022\/04\/1.jpg\"><img decoding=\"async\" loading=\"lazy\" class=\"aligncenter size-large wp-image-31778\" src=\"http:\/\/granadacostanacional.es\/wp-content\/uploads\/2022\/04\/1-860x1024.jpg\" alt=\"1\" width=\"860\" height=\"1024\" \/><\/a><\/p>\n<p style=\"text-align: justify;\">Se trata de una iniciativa solidaria organizada con motivo del D\u00eda Internacional de la Mujer, con las que las mujeres formaron un gran lazo morado de m\u00e1s de 60 metros de longitud que ha estado expuesto durante las \u00faltimas semanas en la fachada de la Casa Pint\u00e1.<\/p>\n<p style=\"text-align: justify;\">Las concejalas de Igualdad y Participaci\u00f3n Ciudadana de La Zubia, <strong>Rebeca S\u00e1nchez<\/strong> y <strong>Natalia Arregui<\/strong>, destacan que el intercambio de bufandas y galletas solidarias por libros tendr\u00e1 lugar este mi\u00e9rcoles, 6 de abril, de 18 a 20 horas en la Casa Pint\u00e1, una vez que se ha retirado el gran lazo morado que ha presidido la fachada del edificio durante todo el mes.<\/p>\n<p style=\"text-align: justify;\"><a href=\"http:\/\/granadacostanacional.es\/wp-content\/uploads\/2022\/04\/2.jpg\"><img decoding=\"async\" loading=\"lazy\" class=\"aligncenter size-large wp-image-31779\" src=\"http:\/\/granadacostanacional.es\/wp-content\/uploads\/2022\/04\/2-1024x768.jpg\" alt=\"2\" width=\"1024\" height=\"768\" \/><\/a><\/p>\n<p style=\"text-align: justify;\">Las galletas caseras, que tambi\u00e9n tendr\u00e1n forma de lazo morado, han sido hechas por Julia Patricia Ca\u00f1igueral Jim\u00e9nez (nieta de Enrique Jim\u00e9nez &#8220;Gabiarra&#8221;, panadero de El Horno de Ana), y se recaudar\u00e1n libros nuevos y usados tanto para adultos como infantiles.<\/p>\n<p style=\"text-align: justify;\"><a href=\"http:\/\/granadacostanacional.es\/wp-content\/uploads\/2022\/04\/IMG_5856.jpg\"><img decoding=\"async\" loading=\"lazy\" class=\"aligncenter wp-image-31780\" src=\"http:\/\/granadacostanacional.es\/wp-content\/uploads\/2022\/04\/IMG_5856.jpg\" alt=\"IMG_5856\" width=\"600\" height=\"608\" \/><\/a><\/p>\n<p style=\"text-align: justify;\">La alcaldesa de La Zubia, <strong>Puri L\u00f3pez<\/strong>, agradece a las Tejedoras de Sue\u00f1os y a todas las mujeres del municipio que participan en este proyecto \u201csu ilusi\u00f3n y dedicaci\u00f3n para ayudar al centro penitenciario de Albolote, cuyos responsables nos han trasladado ya su agradecimiento para el pueblo de La Zubia y de los municipios colindantes por esta fant\u00e1stica iniciativa solidaria\u201d.<\/p>\n","protected":false},"excerpt":{"rendered":"<p>Se trata de una iniciativa solidaria organizada por la asociaci\u00f3n Las Tejedoras de Sue\u00f1os El intercambio tendr\u00e1 lugar este mi\u00e9rcoles,&hellip;<\/p>\n","protected":false},"author":3,"featured_media":31777,"comment_status":"open","ping_status":"open","sticky":false,"template":"","format":"standard","meta":{"om_disable_all_campaigns":false,"_mi_skip_tracking":false,"_monsterinsights_sitenote_active":false,"_monsterinsights_sitenote_note":"","_monsterinsights_sitenote_category":0,"footnotes":""},"categories":[21],"tags":[],"aioseo_notices":[],"_links":{"self":[{"href":"https:\/\/granadacostaglobal.es\/index.php?rest_route=\/wp\/v2\/posts\/31776"}],"collection":[{"href":"https:\/\/granadacostaglobal.es\/index.php?rest_route=\/wp\/v2\/posts"}],"about":[{"href":"https:\/\/granadacostaglobal.es\/index.php?rest_route=\/wp\/v2\/types\/post"}],"author":[{"embeddable":true,"href":"https:\/\/granadacostaglobal.es\/index.php?rest_route=\/wp\/v2\/users\/3"}],"replies":[{"embeddable":true,"href":"https:\/\/granadacostaglobal.es\/index.php?rest_route=%2Fwp%2Fv2%2Fcomments&post=31776"}],"version-history":[{"count":0,"href":"https:\/\/granadacostaglobal.es\/index.php?rest_route=\/wp\/v2\/posts\/31776\/revisions"}],"wp:featuredmedia":[{"embeddable":true,"href":"https:\/\/granadacostaglobal.es\/index.php?rest_route=\/"}],"wp:attachment":[{"href":"https:\/\/granadacostaglobal.es\/index.php?rest_route=%2Fwp%2Fv2%2Fmedia&parent=31776"}],"wp:term":[{"taxonomy":"category","embeddable":true,"href":"https:\/\/granadacostaglobal.es\/index.php?rest_route=%2Fwp%2Fv2%2Fcategories&post=31776"},{"taxonomy":"post_tag","embeddable":true,"href":"https:\/\/granadacostaglobal.es\/index.php?rest_route=%2Fwp%2Fv2%2Ftags&post=31776"}],"curies":[{"name":"wp","href":"https:\/\/api.w.org\/{rel}","templated":true}]}}