{"id":31772,"date":"2022-04-05T10:30:13","date_gmt":"2022-04-05T09:30:13","guid":{"rendered":"http:\/\/granadacostanacional.es\/?p=31772"},"modified":"2022-04-05T10:30:13","modified_gmt":"2022-04-05T09:30:13","slug":"ciencias-bellas-artes-y-buenas-letras-no-518-editorial-dedicada-a-marcelino-arellano","status":"publish","type":"post","link":"https:\/\/granadacostaglobal.es\/?p=31772","title":{"rendered":"Ciencias, Bellas Artes y Buenas Letras n\u00ba 518 Editorial dedicada a Marcelino Arellano"},"content":{"rendered":"<p style=\"text-align: justify;\">Siguiendo nuestra l\u00ednea Editorial y hablando todos los meses de alguien importante de nuestro Proyecto, hoy hablaremos de un hombre que nos acompa\u00f1a desde la misma fundaci\u00f3n del mismo, <strong>D. Marcelino Arellano Alabarces<\/strong>, poeta y escritor afincado en Palma de Mallorca, pero con ra\u00edces en \u00cdtrabo (Granada), pueblo muy cercano a la sede de nuestro Proyecto. Marcelino Arellano apareci\u00f3 en la edici\u00f3n del primer libro de la Editorial Granada Club Selecci\u00f3n, <em>Ra\u00edces Granadinas<\/em>, que aun\u00f3 a algunas de las m\u00e1s grandes personalidades de esta provincia, ya fueran pol\u00edticos, empresarios, o figuras destacadas en la cultura.<\/p>\n<p style=\"text-align: justify;\">Actualmente, Marcelino es el Coordinador Cultural de Granada Costa en Palma de Mallorca. Gracias a \u00e9l, numerosos compa\u00f1eros de la zona pueden enviarnos sus art\u00edculos y poes\u00edas, realizando as\u00ed una gran labor de apoyo a la cultura. Esto, sin olvidar sus propias aportaciones, destacando su serie de art\u00edculos \u201cDiario de un poeta\u201d, en que relata c\u00f3mo ha sido su experiencia al conocer a grandes escritores, poetas y otros artistas. De esta manera, nos acerca a estas figuras y humaniza su obra.<\/p>\n<p style=\"text-align: justify;\">Marcelino Arellano, desde una temprana edad, ya so\u00f1aba con ser escritor y poeta, pero las circunstancias de la vida en aquellos tiempos de posguerra no eran iguales para todos. Todos los tebeos o folletos eclesi\u00e1sticos que llegaban a sus manos, los le\u00eda con gran atenci\u00f3n. En el momento en que ya ten\u00eda cierta edad, pero siendo a\u00fan un ni\u00f1o, empez\u00f3 a ayudar en las labores agr\u00edcolas familiares y cuando pod\u00eda, los domingos, se desplazaba hasta Motril diecisiete kil\u00f3metros andando y los mimos de vuelta, solamente para comprar alg\u00fan tebeo o libro. Estamos hablando de edades comprendidas entre los doce y los catorce a\u00f1os.<\/p>\n<p style=\"text-align: justify;\"><a href=\"http:\/\/granadacostanacional.es\/wp-content\/uploads\/2022\/04\/IMG_0344.jpg\"><img decoding=\"async\" loading=\"lazy\" class=\"aligncenter size-large wp-image-31773\" src=\"http:\/\/granadacostanacional.es\/wp-content\/uploads\/2022\/04\/IMG_0344-1024x740.jpg\" alt=\"IMG_0344\" width=\"1024\" height=\"740\" \/><\/a><\/p>\n<p style=\"text-align: justify;\">Enamorado de su pueblo, como a\u00fan lo sigue estando, comprendi\u00f3 que ten\u00eda que salir de \u00cdtrabo y buscarse un futuro mejor que el que le esperaba all\u00ed. Se desplaz\u00f3 a Palma, form\u00f3 una familia y nunca se ha movido de aquel lugar. Sin embargo, si te quieres enterar de alg\u00fan acontecimiento de \u00cdtrabo, lo m\u00e1s r\u00e1pido es llamar a Marcelino para que \u00e9l te ponga al d\u00eda de lo ocurrido. En Palma de Mallorca, compagin\u00f3 su trabajo con el mundo de la cultura, sobre todo en el apartado de la poes\u00eda, que es su gran pasi\u00f3n. Fue tambi\u00e9n miembro fundador de la Asociaci\u00f3n Hispanobalear, en la que aglutinaba a escritores y poetas de las Islas y de la Pen\u00ednsula. Fund\u00f3 la revista Arboleda, que durante m\u00e1s de tres d\u00e9cadas ha estado funcionando con gran dedicaci\u00f3n a la cultura.<\/p>\n<p style=\"text-align: justify;\">Marcelino ha participado en infinidad de encuentros po\u00e9ticos tanto en la Pen\u00ednsula como en las Islas, de ah\u00ed que tenga un gran patrimonio de amistades entre los grandes poetas a trav\u00e9s de todas estas d\u00e9cadas de cultura. Hoy con una secci\u00f3n fija nos los trae mensualmente.<\/p>\n<p style=\"text-align: justify;\">Son innumerables las Antolog\u00edas Po\u00e9ticas en las que ha participado al igual que los reconocimientos desde la pol\u00edtica, tanto balear como la peninsular, a su figura como poeta. Entre libros de poes\u00eda y narrativa, sobrepasa las treinta ediciones. En su pueblo natal se le han otorgado dos galardones muy importantes, uno con el nombre de una calle, \u201cPoeta Marcelino Arellano\u201d, y un segundo galard\u00f3n convocando todos los a\u00f1os un certamen de poes\u00eda a nivel nacional con su nombre, habiendo dos apartados, uno general y otro exclusivo para apoyar a los poetas itrabe\u00f1os.<\/p>\n<p style=\"text-align: justify;\">Es un cl\u00e1sico la presentaci\u00f3n de un libro de su autor\u00eda todos los a\u00f1os en \u00cdtrabo, algunos a\u00f1os incluso dos. Libros que se presentan y se regalan a los asistentes. Siempre aconteciendo estos eventos un d\u00eda antes de la Feria del Vino de \u00cdtrabo.<\/p>\n<p style=\"text-align: justify;\">Granada Costa le ha otorgado la Medalla de Oro al Trabajo Cultural, es miembro de la Academia de las Ciencias, Bellas Artes y Buenas Letras Granada Costa\u2026 Este a\u00f1o ha sido galardonado con un gran premio, pues Marcelino ha escrito sobre las calles de \u00cdtrabo con una maestr\u00eda espectacular y se ha realizado un extenso reportaje gr\u00e1fico de esas calles tal como est\u00e1n hoy. Por tal motivo, el Proyecto Global de Cultura le concede este a\u00f1o el Premio S\u00f3crates de las Letras Granada Costa. Este galard\u00f3n le ser\u00e1 entregado en la presentaci\u00f3n de su pr\u00f3xima obra en la localidad de \u00cdtrabo.<\/p>\n","protected":false},"excerpt":{"rendered":"<p>Siguiendo nuestra l\u00ednea Editorial y hablando todos los meses de alguien importante de nuestro Proyecto, hoy hablaremos de un hombre&hellip;<\/p>\n","protected":false},"author":3,"featured_media":28354,"comment_status":"open","ping_status":"open","sticky":false,"template":"","format":"standard","meta":{"om_disable_all_campaigns":false,"_mi_skip_tracking":false,"_monsterinsights_sitenote_active":false,"_monsterinsights_sitenote_note":"","_monsterinsights_sitenote_category":0,"footnotes":""},"categories":[21],"tags":[],"aioseo_notices":[],"_links":{"self":[{"href":"https:\/\/granadacostaglobal.es\/index.php?rest_route=\/wp\/v2\/posts\/31772"}],"collection":[{"href":"https:\/\/granadacostaglobal.es\/index.php?rest_route=\/wp\/v2\/posts"}],"about":[{"href":"https:\/\/granadacostaglobal.es\/index.php?rest_route=\/wp\/v2\/types\/post"}],"author":[{"embeddable":true,"href":"https:\/\/granadacostaglobal.es\/index.php?rest_route=\/wp\/v2\/users\/3"}],"replies":[{"embeddable":true,"href":"https:\/\/granadacostaglobal.es\/index.php?rest_route=%2Fwp%2Fv2%2Fcomments&post=31772"}],"version-history":[{"count":0,"href":"https:\/\/granadacostaglobal.es\/index.php?rest_route=\/wp\/v2\/posts\/31772\/revisions"}],"wp:featuredmedia":[{"embeddable":true,"href":"https:\/\/granadacostaglobal.es\/index.php?rest_route=\/"}],"wp:attachment":[{"href":"https:\/\/granadacostaglobal.es\/index.php?rest_route=%2Fwp%2Fv2%2Fmedia&parent=31772"}],"wp:term":[{"taxonomy":"category","embeddable":true,"href":"https:\/\/granadacostaglobal.es\/index.php?rest_route=%2Fwp%2Fv2%2Fcategories&post=31772"},{"taxonomy":"post_tag","embeddable":true,"href":"https:\/\/granadacostaglobal.es\/index.php?rest_route=%2Fwp%2Fv2%2Ftags&post=31772"}],"curies":[{"name":"wp","href":"https:\/\/api.w.org\/{rel}","templated":true}]}}