{"id":31767,"date":"2022-04-04T08:34:52","date_gmt":"2022-04-04T07:34:52","guid":{"rendered":"http:\/\/granadacostanacional.es\/?p=31767"},"modified":"2022-04-04T08:34:52","modified_gmt":"2022-04-04T07:34:52","slug":"churriana-de-la-vega-gana-el-premio-europeo-de-servicios-sociales","status":"publish","type":"post","link":"https:\/\/granadacostaglobal.es\/?p=31767","title":{"rendered":"Churriana de la Vega gana el Premio Europeo de Servicios Sociales"},"content":{"rendered":"<p style=\"text-align: center;\"><strong>El proyecto socioeducativo para estudiantes expulsados es el mejor en la categor\u00eda \u201cEquipo excepcional\u201d<\/strong><\/p>\n<p>&nbsp;<\/p>\n<p style=\"text-align: justify;\">\n<p style=\"text-align: justify;\">El proyecto socioeducativo del Ayuntamiento de Churriana de la Vega, que propone tareas de voluntariado durante el periodo de expulsi\u00f3n de los estudiantes del IES Federico Garc\u00eda Lorca, ha sido el ganador del Premio Europeo de Servicios Sociales en la categor\u00eda \u201cEquipo excepcional\u201d.<\/p>\n<p style=\"text-align: justify;\">Luis Rodr\u00edguez, concejal de Servicios Sociales, ha recogido el premio en la gala celebrada en Bruselas. Churriana de la Vega compet\u00eda con proyectos de Italia, Croacia, Malta y Azerbaiy\u00e1n. El voto del jurado profesional y la votaci\u00f3n popular a trav\u00e9s de internet han decantado la elecci\u00f3n del ganador.<\/p>\n<p style=\"text-align: justify;\">El proyecto socioeducativo ofrece una segunda oportunidad a los j\u00f3venes expulsados del centro educativo, que dedican actividades de voluntariado durante su periodo de sanci\u00f3n y se reintegran en el centro aportando a la comunidad.<\/p>\n<p style=\"text-align: justify;\">Los j\u00f3venes que participan en el programa asisten a las profesionales del servicio de ayuda a domicilio con algunos de sus usuarios, apoyan la preparaci\u00f3n y reparto en el Banco de Alimentos de la localidad, el servicio de ropero y zapatero para vecinos sin recursos y acompa\u00f1an a mayores de la Residencia Mar\u00eda Auxiliadora, instalada en Churriana de la Vega, acompa\u00f1ados en todo momento por personal municipal.<\/p>\n<p style=\"text-align: justify;\">El \u00e1rea de Servicios Sociales detect\u00f3 la necesidad de un sector muy concreto, el de los j\u00f3venes con problemas de comportamiento que desembocaban en la expulsi\u00f3n del centro educativo. \u201cEse periodo, que puede ser largo dependiendo de cada caso, frecuentemente se convierte en tiempo perdido\u201d, recuerda el concejal de Servicios Sociales, Luis Rodr\u00edguez. \u201c\u00bfPor qu\u00e9 no emplear esas semanas en algo beneficioso para el estudiante y, lo que es m\u00e1s interesante, en tareas que reviertan en positivo en el entorno que les rodea?\u201d.<\/p>\n<p style=\"text-align: justify;\">Los j\u00f3venes que participan en el programa realizan durante su periodo de sanci\u00f3n diferentes actividades de voluntariado, acompa\u00f1ados por personal municipal, asistiendo a las profesionales de la ayuda a domicilio con algunos de sus usuarios, apoyando la preparaci\u00f3n y reparto en el Banco de Alimentos de la localidad, el servicio de ropero y zapatero para vecinos sin recursos, o el acompa\u00f1amiento a mayores de la Residencia Mar\u00eda Auxiliadora, instalada en Churriana de la Vega. En todo momento reciben atenci\u00f3n por parte de una integradora social, una educadora social, un psic\u00f3logo cl\u00ednico y una coordinadora de Servicios Sociales.<\/p>\n<p style=\"text-align: justify;\">Con la ayuda del personal especializado a su disposici\u00f3n, los estudiantes expulsados combaten la ludopat\u00eda, la violencia y trastornos de conducta o de control de impulsos, entre otros. Los casos de estudiantes con una mayor complejidad se derivan a lo Servicios Sociales Comunitarios. Asimismo, al t\u00e9rmino de los trabajos que se desarrollan durante el periodo de expulsi\u00f3n del instituto, la educadora social realiza un seguimiento exhaustivo de cada caso durante el resto del curso acad\u00e9mico.<\/p>\n<p style=\"text-align: justify;\">El programa socioeducativo, que involucra al Ayuntamiento y al IES Federico Garc\u00eda Lorca, fomenta conductas positivas, habilidades sociales y valores como la autoestima entre los estudiantes implicados, con la participaci\u00f3n de sus progenitores, para lograr un reingreso efectivo de los alumnos en el centro educativo. Esta iniciativa recibi\u00f3 el premio Social-Dipgra 2020 en la categor\u00eda de municipios y entidades locales.<\/p>\n","protected":false},"excerpt":{"rendered":"<p>El proyecto socioeducativo para estudiantes expulsados es el mejor en la categor\u00eda \u201cEquipo excepcional\u201d &nbsp; El proyecto socioeducativo del Ayuntamiento&hellip;<\/p>\n","protected":false},"author":3,"featured_media":31055,"comment_status":"open","ping_status":"open","sticky":false,"template":"","format":"standard","meta":{"om_disable_all_campaigns":false,"_mi_skip_tracking":false,"_monsterinsights_sitenote_active":false,"_monsterinsights_sitenote_note":"","_monsterinsights_sitenote_category":0,"footnotes":""},"categories":[21],"tags":[],"aioseo_notices":[],"_links":{"self":[{"href":"https:\/\/granadacostaglobal.es\/index.php?rest_route=\/wp\/v2\/posts\/31767"}],"collection":[{"href":"https:\/\/granadacostaglobal.es\/index.php?rest_route=\/wp\/v2\/posts"}],"about":[{"href":"https:\/\/granadacostaglobal.es\/index.php?rest_route=\/wp\/v2\/types\/post"}],"author":[{"embeddable":true,"href":"https:\/\/granadacostaglobal.es\/index.php?rest_route=\/wp\/v2\/users\/3"}],"replies":[{"embeddable":true,"href":"https:\/\/granadacostaglobal.es\/index.php?rest_route=%2Fwp%2Fv2%2Fcomments&post=31767"}],"version-history":[{"count":0,"href":"https:\/\/granadacostaglobal.es\/index.php?rest_route=\/wp\/v2\/posts\/31767\/revisions"}],"wp:featuredmedia":[{"embeddable":true,"href":"https:\/\/granadacostaglobal.es\/index.php?rest_route=\/"}],"wp:attachment":[{"href":"https:\/\/granadacostaglobal.es\/index.php?rest_route=%2Fwp%2Fv2%2Fmedia&parent=31767"}],"wp:term":[{"taxonomy":"category","embeddable":true,"href":"https:\/\/granadacostaglobal.es\/index.php?rest_route=%2Fwp%2Fv2%2Fcategories&post=31767"},{"taxonomy":"post_tag","embeddable":true,"href":"https:\/\/granadacostaglobal.es\/index.php?rest_route=%2Fwp%2Fv2%2Ftags&post=31767"}],"curies":[{"name":"wp","href":"https:\/\/api.w.org\/{rel}","templated":true}]}}