{"id":31760,"date":"2022-04-04T08:31:29","date_gmt":"2022-04-04T07:31:29","guid":{"rendered":"http:\/\/granadacostanacional.es\/?p=31760"},"modified":"2022-04-04T08:31:29","modified_gmt":"2022-04-04T07:31:29","slug":"la-asociacion-de-familiares-de-enfermos-de-alzheimer-del-poniente-granadino-alpogra-organiza-un-ciclo-de-charlas-en-huetor-tajar","status":"publish","type":"post","link":"https:\/\/granadacostaglobal.es\/?p=31760","title":{"rendered":"La asociaci\u00f3n de familiares de enfermos de Alzheimer  del Poniente granadino ALPOGRA organiza un ciclo de charlas en Hu\u00e9tor T\u00e1jar"},"content":{"rendered":"<ul>\n<li style=\"text-align: justify;\"><strong>Impulsada desde el Centro de Servicios Sociales de Hu\u00e9tor T\u00e1jar-Montefr\u00edo, la asociaci\u00f3n da apoyo y ayuda a los familiares de estos pacientes<\/strong><\/li>\n<\/ul>\n<p style=\"text-align: justify;\">\n<p style=\"text-align: justify;\">La Asociaci\u00f3n de familiares y enfermos de Alzheimer\u00a0 y otras demencias del Poniente granadino ALPOGRA, una iniciativa impulsada desde el Centro de Servicios Sociales de Hu\u00e9tor T\u00e1jar-Montefr\u00edo, ha organizado un ciclo de conferencias sobre temas de inter\u00e9s para este colectivo.<\/p>\n<p style=\"text-align: justify;\">\n<p style=\"text-align: justify;\">Estas charlas se celebrar\u00e1n en formato h\u00edbrido (presencial y virtual), y la primera de ellas ha tenido lugar en el Sal\u00f3n de Actos de los Servicios Sociales. Ha corrido a cargo de Pilar Vivancos, secretaria del Juzgado de Paz de este municipio, quien trat\u00f3 el impacto de la reforma del Derecho Civil, las novedades sobre la declaraci\u00f3n de incapacidad y las nuevas medidas de apoyo para personas con demencia.<\/p>\n<p style=\"text-align: justify;\">\n<p style=\"text-align: justify;\">Al acto asistieron cerca de una treintena de \u00a0familiares de pacientes con demencia, \u00a0muy interesados sobre dicha tem\u00e1tica.<\/p>\n<p style=\"text-align: justify;\">\n<p style=\"text-align: justify;\">La siguiente conferencia tendr\u00e1 lugar el pr\u00f3ximo viernes, 8 de abril, cuando Laura Cuevas, terapeuta ocupacional de Montefr\u00edo, impartir\u00e1 otra charla informativa sobre la importancia de la Terapia Ocupacional en el domicilio de personas con demencias.<\/p>\n<p style=\"text-align: justify;\"><strong>\u00a0<a href=\"http:\/\/granadacostanacional.es\/wp-content\/uploads\/2022\/04\/MG_0429.jpg\"><img decoding=\"async\" loading=\"lazy\" class=\"aligncenter size-large wp-image-31763\" src=\"http:\/\/granadacostanacional.es\/wp-content\/uploads\/2022\/04\/MG_0429-1024x683.jpg\" alt=\"_MG_0429\" width=\"1024\" height=\"683\" \/><\/a><\/strong><\/p>\n<p style=\"text-align: justify;\"><strong>La importancia de la formaci\u00f3n<\/strong><\/p>\n<p style=\"text-align: justify;\">Desde la asociaci\u00f3n ALPOGRA consideran fundamental la formaci\u00f3n a familiares y la adquisici\u00f3n de estrategias de afrontamiento ante la enfermedad para mejorar su calidad de vida. Bajo el paradigma de promover, mejorar, informar, asesorar, sensibilizar, promocionar y apoyar a enfermos y familiares, la asociaci\u00f3n est\u00e1 formada por familiares afectados por estas enfermedades, y cuenta con casi medio centenar de familias como socias.<\/p>\n<p style=\"text-align: justify;\">\n<p style=\"text-align: justify;\">La directora de los Servicios Sociales Comunitarios de Hu\u00e9tor T\u00e1jar, Paqui Fern\u00e1ndez Mantas, agradeci\u00f3 a \u00a0ALPOGRA \u201cla organizaci\u00f3n de este ciclo de charlas, que ser\u00e1n de gran ayuda para las familias de pacientes con demencia de la comarca\u201d.<\/p>\n<p style=\"text-align: justify;\"><a href=\"http:\/\/granadacostanacional.es\/wp-content\/uploads\/2022\/04\/MG_0421.jpg\"><img decoding=\"async\" loading=\"lazy\" class=\"aligncenter size-large wp-image-31764\" src=\"http:\/\/granadacostanacional.es\/wp-content\/uploads\/2022\/04\/MG_0421-1024x683.jpg\" alt=\"_MG_0421\" width=\"1024\" height=\"683\" \/><\/a><\/p>\n<p style=\"text-align: justify;\">\nALPOGRA tiene una doble finalidad de intervenci\u00f3n: \u201cpor una parte de atenci\u00f3n a las personas afectadas y por otra de apoyo y contenci\u00f3n a los familiares de afectados, ya que por la dispersi\u00f3n y ubicaci\u00f3n lejana a la capital, en muchas ocasiones no es factible su asistencia a asesoramiento y actuaciones especificas\u201d, se\u00f1ala la concejala de Bienestar Social de Hu\u00e9tor T\u00e1jar, Encarnaci\u00f3n Redondo.<\/p>\n<p style=\"text-align: justify;\">\n<p style=\"text-align: justify;\">En ALPOGRA hay familias de municipios como Hu\u00e9tor T\u00e1jar, Villanueva Mes\u00eda, Montefr\u00edo, Algarinejo, Zafarraya o Loja, y su tel\u00e9fono de contacto es el 698 909 017.<\/p>\n","protected":false},"excerpt":{"rendered":"<p>Impulsada desde el Centro de Servicios Sociales de Hu\u00e9tor T\u00e1jar-Montefr\u00edo, la asociaci\u00f3n da apoyo y ayuda a los familiares de&hellip;<\/p>\n","protected":false},"author":3,"featured_media":31761,"comment_status":"open","ping_status":"open","sticky":false,"template":"","format":"standard","meta":{"om_disable_all_campaigns":false,"_mi_skip_tracking":false,"_monsterinsights_sitenote_active":false,"_monsterinsights_sitenote_note":"","_monsterinsights_sitenote_category":0,"footnotes":""},"categories":[21],"tags":[],"aioseo_notices":[],"_links":{"self":[{"href":"https:\/\/granadacostaglobal.es\/index.php?rest_route=\/wp\/v2\/posts\/31760"}],"collection":[{"href":"https:\/\/granadacostaglobal.es\/index.php?rest_route=\/wp\/v2\/posts"}],"about":[{"href":"https:\/\/granadacostaglobal.es\/index.php?rest_route=\/wp\/v2\/types\/post"}],"author":[{"embeddable":true,"href":"https:\/\/granadacostaglobal.es\/index.php?rest_route=\/wp\/v2\/users\/3"}],"replies":[{"embeddable":true,"href":"https:\/\/granadacostaglobal.es\/index.php?rest_route=%2Fwp%2Fv2%2Fcomments&post=31760"}],"version-history":[{"count":0,"href":"https:\/\/granadacostaglobal.es\/index.php?rest_route=\/wp\/v2\/posts\/31760\/revisions"}],"wp:featuredmedia":[{"embeddable":true,"href":"https:\/\/granadacostaglobal.es\/index.php?rest_route=\/"}],"wp:attachment":[{"href":"https:\/\/granadacostaglobal.es\/index.php?rest_route=%2Fwp%2Fv2%2Fmedia&parent=31760"}],"wp:term":[{"taxonomy":"category","embeddable":true,"href":"https:\/\/granadacostaglobal.es\/index.php?rest_route=%2Fwp%2Fv2%2Fcategories&post=31760"},{"taxonomy":"post_tag","embeddable":true,"href":"https:\/\/granadacostaglobal.es\/index.php?rest_route=%2Fwp%2Fv2%2Ftags&post=31760"}],"curies":[{"name":"wp","href":"https:\/\/api.w.org\/{rel}","templated":true}]}}