{"id":31757,"date":"2022-03-30T16:42:56","date_gmt":"2022-03-30T15:42:56","guid":{"rendered":"http:\/\/granadacostanacional.es\/?p=31757"},"modified":"2022-03-30T16:42:56","modified_gmt":"2022-03-30T15:42:56","slug":"cronologia-de-las-jornadas-de-los-proximos-2-y-3-de-abril-en-el-palacio-de-la-prensa-de-madrid","status":"publish","type":"post","link":"https:\/\/granadacostaglobal.es\/?p=31757","title":{"rendered":"Cronolog\u00eda de las jornadas de los pr\u00f3ximos 2 y 3 de abril en el Palacio de la Prensa de Madrid"},"content":{"rendered":"<p style=\"text-align: justify;\">Estimado\/a amigo\/a del Proyecto de Cultura Granada Costa, como sabr\u00e1, durante los pr\u00f3ximos d\u00edas 2 y 3 de abril celebraremos en el Palacio de la Prensa de Madrid un gran evento en el que aunaremos presentaciones de libros, poes\u00eda y una gran gala de entrega de premios y distinciones.<\/p>\n<p style=\"text-align: justify;\">Los eventos del d\u00eda<strong> 2 de abril<\/strong> dar\u00e1n comienzo a las 10 horas con la presentaci\u00f3n del libro<strong> <em>Huella Universal de Gustavo Adolfo B\u00e9cquer<\/em><\/strong>. A las 12 horas dar\u00e1 comienzo la presentaci\u00f3n del libro <strong><em>La Huella del Se\u00f1or<\/em>, de Monse\u00f1or D. Sebasti\u00e0 Taltavull Anglada<\/strong> y editado por la Editorial Granada Club Selecci\u00f3n. A las 14 horas habr\u00e1 un receso y se cerrar\u00e1n las puertas del recinto.<\/p>\n<p style=\"text-align: justify;\"><a href=\"http:\/\/granadacostanacional.es\/wp-content\/uploads\/2022\/03\/WhatsApp-Image-2022-03-23-at-11.51.27.jpeg\"><img decoding=\"async\" loading=\"lazy\" class=\"aligncenter size-large wp-image-31758\" src=\"http:\/\/granadacostanacional.es\/wp-content\/uploads\/2022\/03\/WhatsApp-Image-2022-03-23-at-11.51.27-1024x642.jpeg\" alt=\"WhatsApp Image 2022-03-23 at 11.51.27\" width=\"1024\" height=\"642\" \/><\/a><\/p>\n<p style=\"text-align: justify;\"><strong>En la tarde del 2 de abril, a partir de las 17 horas, se entregar\u00e1n los premios y distinciones del Proyecto de Cultura Granada Costa. El orden de entrega de los premios ser\u00e1 el siguiente:<\/strong><\/p>\n<ul style=\"text-align: justify;\">\n<li>Distinciones por aportaciones diversas a la cultura<\/li>\n<li>Distinciones relacionadas con los eventos que tuvieron lugar en la Pir\u00e1mide Cultural Granada Costa de abril de 2021<\/li>\n<li>Se entregar\u00e1n los premios de los cert\u00e1menes literarios Granada Costa en los a\u00f1os 2020 y 2021<\/li>\n<li>Premios Conde de Hubrite<\/li>\n<li>Premios Segura de Haro<\/li>\n<li>Premio F\u00e9nix de Oro<\/li>\n<li>Premios de la Cr\u00edtica Granada Costa<\/li>\n<li>Medallas de Oro al Trabajo Cultural Granada Costa y Socios de Honor<\/li>\n<li>Medallas de la Academia de las Ciencias, Bellas Artes y Buenas Letras Granada Costa<\/li>\n<li>Se realizar\u00e1 un acto de Hermanamiento entre las Asociaciones Tierra de Esparto y Granada Costa<\/li>\n<li>Premios Granada Costa por aportaciones al peri\u00f3dico digital e impreso<\/li>\n<li>Premios S\u00f3crates<\/li>\n<li>Premios Humanidades<\/li>\n<\/ul>\n<p style=\"text-align: justify;\">Concluida la entrega de premios, finalizar\u00e1 la jornada.<\/p>\n<p style=\"text-align: justify;\"><strong>El d\u00eda 3 de abril se llevar\u00e1n a cabo las II Rutas Po\u00e9ticas Granada Costa, con su parada en Madrid.<\/strong><\/p>\n","protected":false},"excerpt":{"rendered":"<p>Estimado\/a amigo\/a del Proyecto de Cultura Granada Costa, como sabr\u00e1, durante los pr\u00f3ximos d\u00edas 2 y 3 de abril celebraremos&hellip;<\/p>\n","protected":false},"author":3,"featured_media":28354,"comment_status":"open","ping_status":"open","sticky":false,"template":"","format":"standard","meta":{"om_disable_all_campaigns":false,"_mi_skip_tracking":false,"_monsterinsights_sitenote_active":false,"_monsterinsights_sitenote_note":"","_monsterinsights_sitenote_category":0,"footnotes":""},"categories":[21],"tags":[],"aioseo_notices":[],"_links":{"self":[{"href":"https:\/\/granadacostaglobal.es\/index.php?rest_route=\/wp\/v2\/posts\/31757"}],"collection":[{"href":"https:\/\/granadacostaglobal.es\/index.php?rest_route=\/wp\/v2\/posts"}],"about":[{"href":"https:\/\/granadacostaglobal.es\/index.php?rest_route=\/wp\/v2\/types\/post"}],"author":[{"embeddable":true,"href":"https:\/\/granadacostaglobal.es\/index.php?rest_route=\/wp\/v2\/users\/3"}],"replies":[{"embeddable":true,"href":"https:\/\/granadacostaglobal.es\/index.php?rest_route=%2Fwp%2Fv2%2Fcomments&post=31757"}],"version-history":[{"count":0,"href":"https:\/\/granadacostaglobal.es\/index.php?rest_route=\/wp\/v2\/posts\/31757\/revisions"}],"wp:featuredmedia":[{"embeddable":true,"href":"https:\/\/granadacostaglobal.es\/index.php?rest_route=\/"}],"wp:attachment":[{"href":"https:\/\/granadacostaglobal.es\/index.php?rest_route=%2Fwp%2Fv2%2Fmedia&parent=31757"}],"wp:term":[{"taxonomy":"category","embeddable":true,"href":"https:\/\/granadacostaglobal.es\/index.php?rest_route=%2Fwp%2Fv2%2Fcategories&post=31757"},{"taxonomy":"post_tag","embeddable":true,"href":"https:\/\/granadacostaglobal.es\/index.php?rest_route=%2Fwp%2Fv2%2Ftags&post=31757"}],"curies":[{"name":"wp","href":"https:\/\/api.w.org\/{rel}","templated":true}]}}