{"id":31668,"date":"2022-03-25T11:58:06","date_gmt":"2022-03-25T10:58:06","guid":{"rendered":"http:\/\/granadacostanacional.es\/?p=31668"},"modified":"2022-03-25T11:58:06","modified_gmt":"2022-03-25T10:58:06","slug":"31668-2","status":"publish","type":"post","link":"https:\/\/granadacostaglobal.es\/?p=31668","title":{"rendered":"Primera Edici\u00f3n Premios Hera"},"content":{"rendered":"<p style=\"text-align: justify;\">\u00a0<a href=\"http:\/\/granadacostanacional.es\/wp-content\/uploads\/2022\/03\/a2ca6ea4-b7bd-4043-bda8-30f7e5232371.jpg\"><img decoding=\"async\" loading=\"lazy\" class=\"alignnone size-medium wp-image-31669 alignleft\" src=\"http:\/\/granadacostanacional.es\/wp-content\/uploads\/2022\/03\/a2ca6ea4-b7bd-4043-bda8-30f7e5232371-300x225.jpg\" alt=\"a2ca6ea4-b7bd-4043-bda8-30f7e5232371\" width=\"300\" height=\"225\" \/><\/a>La Asociaci\u00f3n Hera, el pasado Jueves 24 otorg\u00f3 los premios de esta primera edici\u00f3n dedicado a grandes profesionales\u00a0 que trabajan o visualizan temas relacionados con la menopausia y la osteoporosis. una velada realizada en el Palacio de Congresos de Lleida en los salones de la Lotja lugar donde se hizo entrega de los mismos y con posterioridad se realiz\u00f3 la cena en honor a las premiadas. Asistieron numerosas personas y representantes\u00a0 de las instituciones de la ciudad para apoyar y dar visibilidad a esta etapa vital de la vida de las mujeres.<\/p>\n<p style=\"text-align: justify;\"><a href=\"http:\/\/granadacostanacional.es\/wp-content\/uploads\/2022\/03\/Maria-Antonia-400x694.jpg\"><img decoding=\"async\" loading=\"lazy\" class=\"alignnone size-medium wp-image-31681\" src=\"http:\/\/granadacostanacional.es\/wp-content\/uploads\/2022\/03\/Maria-Antonia-400x694-173x300.jpg\" alt=\"Maria-Antonia-400x694\" width=\"173\" height=\"300\" \/><\/a>\u00a0Su Presidenta Mar\u00eda Antonia Roca<\/p>\n<p style=\"text-align: justify;\">HERA\u00a0se una asociaci\u00f3n no lucrativa donde el objetivo se hacer difusi\u00f3n y dar a conocer la osteoporosis y la menopausia con la finalidad de mejorar el d\u00eda a d\u00eda de las mujeres que viven estas situaciones,\u00a0 y concienciar\u00a0\u00a0a las mujeres en la importancia de hacerse revisiones peri\u00f3dicas, para poder prevenir la osteoporosis a tiempo.<\/p>\n<p style=\"text-align: justify;\"><a href=\"http:\/\/granadacostanacional.es\/wp-content\/uploads\/2022\/03\/4ae1fdf9-ff6c-41ff-ad7f-0a1440a3ec97-1.jpg\"><img decoding=\"async\" loading=\"lazy\" class=\"alignnone size-medium wp-image-31678\" src=\"http:\/\/granadacostanacional.es\/wp-content\/uploads\/2022\/03\/4ae1fdf9-ff6c-41ff-ad7f-0a1440a3ec97-1-225x300.jpg\" alt=\"4ae1fdf9-ff6c-41ff-ad7f-0a1440a3ec97\" width=\"225\" height=\"300\" \/><\/a><\/p>\n<p style=\"text-align: justify;\"><a href=\"http:\/\/granadacostanacional.es\/wp-content\/uploads\/2022\/03\/mesa.jpg\"><img decoding=\"async\" loading=\"lazy\" class=\"alignnone size-medium wp-image-31670 alignright\" src=\"http:\/\/granadacostanacional.es\/wp-content\/uploads\/2022\/03\/mesa-300x187.jpg\" alt=\"mesa\" width=\"300\" height=\"187\" \/><\/a>Acto presentado por la periodista Marivi Chacon, donde no falt\u00f3 palabras de elogio para los grandes proyectos realizados\u00a0 y donde cada entrega se convirti\u00f3 a un reconocimiento al esfuerzo de una asociaci\u00f3n que rompe el tab\u00fa sobre la menopausia.<\/p>\n<p>&nbsp;<\/p>\n<p style=\"text-align: justify;\"><a href=\"http:\/\/granadacostanacional.es\/wp-content\/uploads\/2022\/03\/136b745f-11f0-4985-b907-d633776232ee.jpg\"><img decoding=\"async\" loading=\"lazy\" class=\"alignnone size-medium wp-image-31672\" src=\"http:\/\/granadacostanacional.es\/wp-content\/uploads\/2022\/03\/136b745f-11f0-4985-b907-d633776232ee-225x300.jpg\" alt=\"136b745f-11f0-4985-b907-d633776232ee\" width=\"225\" height=\"300\" \/><\/a> Se desea felicitar a su presidenta la Sra. Maria Antonia Roca y a la Junta por tan encomiable trabajo.<\/p>\n","protected":false},"excerpt":{"rendered":"<p>\u00a0La Asociaci\u00f3n Hera, el pasado Jueves 24 otorg\u00f3 los premios de esta primera edici\u00f3n dedicado a grandes profesionales\u00a0 que trabajan&hellip;<\/p>\n","protected":false},"author":4,"featured_media":31671,"comment_status":"open","ping_status":"open","sticky":false,"template":"","format":"standard","meta":{"om_disable_all_campaigns":false,"_mi_skip_tracking":false,"_monsterinsights_sitenote_active":false,"_monsterinsights_sitenote_note":"","_monsterinsights_sitenote_category":0,"footnotes":""},"categories":[25,21,35,22,19,30],"tags":[],"aioseo_notices":[],"_links":{"self":[{"href":"https:\/\/granadacostaglobal.es\/index.php?rest_route=\/wp\/v2\/posts\/31668"}],"collection":[{"href":"https:\/\/granadacostaglobal.es\/index.php?rest_route=\/wp\/v2\/posts"}],"about":[{"href":"https:\/\/granadacostaglobal.es\/index.php?rest_route=\/wp\/v2\/types\/post"}],"author":[{"embeddable":true,"href":"https:\/\/granadacostaglobal.es\/index.php?rest_route=\/wp\/v2\/users\/4"}],"replies":[{"embeddable":true,"href":"https:\/\/granadacostaglobal.es\/index.php?rest_route=%2Fwp%2Fv2%2Fcomments&post=31668"}],"version-history":[{"count":0,"href":"https:\/\/granadacostaglobal.es\/index.php?rest_route=\/wp\/v2\/posts\/31668\/revisions"}],"wp:featuredmedia":[{"embeddable":true,"href":"https:\/\/granadacostaglobal.es\/index.php?rest_route=\/"}],"wp:attachment":[{"href":"https:\/\/granadacostaglobal.es\/index.php?rest_route=%2Fwp%2Fv2%2Fmedia&parent=31668"}],"wp:term":[{"taxonomy":"category","embeddable":true,"href":"https:\/\/granadacostaglobal.es\/index.php?rest_route=%2Fwp%2Fv2%2Fcategories&post=31668"},{"taxonomy":"post_tag","embeddable":true,"href":"https:\/\/granadacostaglobal.es\/index.php?rest_route=%2Fwp%2Fv2%2Ftags&post=31668"}],"curies":[{"name":"wp","href":"https:\/\/api.w.org\/{rel}","templated":true}]}}