{"id":31624,"date":"2022-03-28T10:05:27","date_gmt":"2022-03-28T09:05:27","guid":{"rendered":"http:\/\/granadacostanacional.es\/?p=31624"},"modified":"2022-03-28T10:05:27","modified_gmt":"2022-03-28T09:05:27","slug":"ponte-la-gorra-y-ayudanos-a-pintar-futuros-afanoc-por-el-cancer-infantil-y-juvenil","status":"publish","type":"post","link":"https:\/\/granadacostaglobal.es\/?p=31624","title":{"rendered":"PONTE la GORRA!\u2026. y ay\u00fadanos a pintar futuros! Afanoc por el C\u00e1ncer infantil y juvenil"},"content":{"rendered":"<p style=\"text-align: justify;\">AFANOC\u00a0LLEIDA y el gran homejane a los ni\u00f1os y ni\u00f1as con c\u00e1ncer.<\/p>\n<p style=\"text-align: justify;\">El pr\u00f3ximo 27 de marzo en la Seu Vella ( el Castillo de Lleida) se ha realizado la\u00a0 \u00a0gran fiesta de la solidaridad con los ni\u00f1os y adolescentes con c\u00e1ncer! Ser\u00e1 ya la novena\u00a0edici\u00f3n, pero se ha realizado con m\u00e1s ilusi\u00f3n que nunca porque esperamos poder recuperar al m\u00e1ximo posible la normalidad y volver a reunir miles de personas para apoyar en nuestras familias.<\/p>\n<p><a href=\"http:\/\/granadacostanacional.es\/wp-content\/uploads\/2022\/03\/WhatsApp-Image-2022-03-27-at-1.14.08-PM.jpeg\"><img decoding=\"async\" loading=\"lazy\" class=\"alignnone size-medium wp-image-31631\" src=\"http:\/\/granadacostanacional.es\/wp-content\/uploads\/2022\/03\/WhatsApp-Image-2022-03-27-at-1.14.08-PM-300x169.jpeg\" alt=\"WhatsApp Image 2022-03-27 at 1.14.08 PM\" width=\"300\" height=\"169\" \/><\/a><\/p>\n<p style=\"text-align: justify;\"><a href=\"http:\/\/granadacostanacional.es\/wp-content\/uploads\/2022\/03\/277248103_4549342155171557_939367196693250578_n.jpg\"><img decoding=\"async\" loading=\"lazy\" class=\"alignnone size-medium wp-image-31632 alignleft\" src=\"http:\/\/granadacostanacional.es\/wp-content\/uploads\/2022\/03\/277248103_4549342155171557_939367196693250578_n-300x200.jpg\" alt=\"277248103_4549342155171557_939367196693250578_n\" width=\"300\" height=\"200\" \/><\/a>Se ha realizado despu\u00e9s de casi dos a\u00f1os de pandemia que han estado y todav\u00eda lo su mucho y muy dif\u00edciles para nuestra entidad. Pero nunca hemos desfallecido y hemos seguido luchando, porque el c\u00e1ncer infantil, desgraciadamente, no se ha parado. Por eso estamos seguros que esta fiesta volver\u00e1 a ser un referente de la solidaridad en Lleida.<\/p>\n<p>&nbsp;<\/p>\n<p>&nbsp;<\/p>\n<p style=\"text-align: justify;\">\nLa fiesta ha estado dedicada\u00a0 a la Casa de los\u00a0Xuklis, el proyecto m\u00e1s emblem\u00e1tico del\u00a0AFANOC, que este a\u00f1o celebra sus 10 primeros a\u00f1os de vida como recurso temporal para las familias que tienen que desplazarse en Barcelona porque sus hijos reciban tratamiento en los hospitales de referencia.<\/p>\n<p style=\"text-align: justify;\"><a href=\"http:\/\/granadacostanacional.es\/wp-content\/uploads\/2022\/03\/WhatsApp-Image-2022-03-27-at-12.37.23-PM-1.jpeg\"><img decoding=\"async\" loading=\"lazy\" class=\"alignnone size-medium wp-image-31636\" src=\"http:\/\/granadacostanacional.es\/wp-content\/uploads\/2022\/03\/WhatsApp-Image-2022-03-27-at-12.37.23-PM-1-300x225.jpeg\" alt=\"WhatsApp Image 2022-03-27 at 12.37.23 PM\" width=\"300\" height=\"225\" \/><\/a>Y todo esto, como no pod\u00eda ser de otra forma, bajo la gorra. Este a\u00f1o, m\u00e1s exclusiva que nunca y de edici\u00f3n limitada, ha sido dise\u00f1ada por la artista japonesa Mari\u00a0Ito. La nueva gorra se aleja de los dise\u00f1os de grandes marcas que hasta ahora hab\u00edan participado y acontece un objeto art\u00edstico cargado de sue\u00f1os y buenos deseos<\/p>\n<p style=\"text-align: justify;\"><strong> Selecci\u00f3n de fotos\u00a0 del gran artista y miembro de Granada Costa. Manolo Zamora Buenafuente.<\/strong><\/p>\n<p><a href=\"http:\/\/granadacostanacional.es\/wp-content\/uploads\/2022\/03\/grupo1.jpg\"><img decoding=\"async\" loading=\"lazy\" class=\"alignnone size-medium wp-image-31639\" src=\"http:\/\/granadacostanacional.es\/wp-content\/uploads\/2022\/03\/grupo1-300x200.jpg\" alt=\"grupo1\" width=\"300\" height=\"200\" \/><\/a><a href=\"http:\/\/granadacostanacional.es\/wp-content\/uploads\/2022\/03\/grupo-18.jpg\"><img decoding=\"async\" loading=\"lazy\" class=\"alignnone size-medium wp-image-31640\" src=\"http:\/\/granadacostanacional.es\/wp-content\/uploads\/2022\/03\/grupo-18-300x200.jpg\" alt=\"grupo 18\" width=\"300\" height=\"200\" \/><\/a><a href=\"http:\/\/granadacostanacional.es\/wp-content\/uploads\/2022\/03\/grupo1-1.jpg\"><img decoding=\"async\" loading=\"lazy\" class=\"alignnone size-medium wp-image-31641\" src=\"http:\/\/granadacostanacional.es\/wp-content\/uploads\/2022\/03\/grupo1-1-300x200.jpg\" alt=\"grupo1\" width=\"300\" height=\"200\" \/><\/a><a href=\"http:\/\/granadacostanacional.es\/wp-content\/uploads\/2022\/03\/grupo2.jpg\"><img decoding=\"async\" loading=\"lazy\" class=\"alignnone size-medium wp-image-31642\" src=\"http:\/\/granadacostanacional.es\/wp-content\/uploads\/2022\/03\/grupo2-300x200.jpg\" alt=\"grupo2\" width=\"300\" height=\"200\" \/><\/a><a href=\"http:\/\/granadacostanacional.es\/wp-content\/uploads\/2022\/03\/grupo3.jpg\"><img decoding=\"async\" loading=\"lazy\" class=\"alignnone size-medium wp-image-31643\" src=\"http:\/\/granadacostanacional.es\/wp-content\/uploads\/2022\/03\/grupo3-300x200.jpg\" alt=\"grupo3\" width=\"300\" height=\"200\" \/><\/a><a href=\"http:\/\/granadacostanacional.es\/wp-content\/uploads\/2022\/03\/grupo4.jpg\"><img decoding=\"async\" loading=\"lazy\" class=\"alignnone size-medium wp-image-31644\" src=\"http:\/\/granadacostanacional.es\/wp-content\/uploads\/2022\/03\/grupo4-300x200.jpg\" alt=\"grupo4\" width=\"300\" height=\"200\" \/><\/a><a href=\"http:\/\/granadacostanacional.es\/wp-content\/uploads\/2022\/03\/grupo5.jpg\"><img decoding=\"async\" loading=\"lazy\" class=\"alignnone size-medium wp-image-31645\" src=\"http:\/\/granadacostanacional.es\/wp-content\/uploads\/2022\/03\/grupo5-300x200.jpg\" alt=\"grupo5\" width=\"300\" height=\"200\" \/><\/a><a href=\"http:\/\/granadacostanacional.es\/wp-content\/uploads\/2022\/03\/grupo6.jpg\"><img decoding=\"async\" loading=\"lazy\" class=\"alignnone size-medium wp-image-31646\" src=\"http:\/\/granadacostanacional.es\/wp-content\/uploads\/2022\/03\/grupo6-300x200.jpg\" alt=\"grupo6\" width=\"300\" height=\"200\" \/><\/a><a href=\"http:\/\/granadacostanacional.es\/wp-content\/uploads\/2022\/03\/grupo7.jpg\"><img decoding=\"async\" loading=\"lazy\" class=\"alignnone size-medium wp-image-31647\" src=\"http:\/\/granadacostanacional.es\/wp-content\/uploads\/2022\/03\/grupo7-300x200.jpg\" alt=\"grupo7\" width=\"300\" height=\"200\" \/><\/a><a href=\"http:\/\/granadacostanacional.es\/wp-content\/uploads\/2022\/03\/grup\u00f29.jpg\"><img decoding=\"async\" loading=\"lazy\" class=\"alignnone size-medium wp-image-31649\" src=\"http:\/\/granadacostanacional.es\/wp-content\/uploads\/2022\/03\/grup\u00f29-300x200.jpg\" alt=\"grup\u00f29\" width=\"300\" height=\"200\" \/><\/a><a href=\"http:\/\/granadacostanacional.es\/wp-content\/uploads\/2022\/03\/grupo10.jpg\"><img decoding=\"async\" loading=\"lazy\" class=\"alignnone size-medium wp-image-31650\" src=\"http:\/\/granadacostanacional.es\/wp-content\/uploads\/2022\/03\/grupo10-300x200.jpg\" alt=\"grupo10\" width=\"300\" height=\"200\" \/><\/a><a href=\"http:\/\/granadacostanacional.es\/wp-content\/uploads\/2022\/03\/grupo11.jpg\"><img decoding=\"async\" loading=\"lazy\" class=\"alignnone size-medium wp-image-31651\" src=\"http:\/\/granadacostanacional.es\/wp-content\/uploads\/2022\/03\/grupo11-300x200.jpg\" alt=\"grupo11\" width=\"300\" height=\"200\" \/><\/a><\/p>\n<p>&nbsp;<\/p>\n","protected":false},"excerpt":{"rendered":"<p>AFANOC\u00a0LLEIDA y el gran homejane a los ni\u00f1os y ni\u00f1as con c\u00e1ncer. El pr\u00f3ximo 27 de marzo en la Seu&hellip;<\/p>\n","protected":false},"author":4,"featured_media":31625,"comment_status":"open","ping_status":"open","sticky":false,"template":"","format":"standard","meta":{"om_disable_all_campaigns":false,"_mi_skip_tracking":false,"_monsterinsights_sitenote_active":false,"_monsterinsights_sitenote_note":"","_monsterinsights_sitenote_category":0,"footnotes":""},"categories":[25,36,21,35,22,19,30],"tags":[],"aioseo_notices":[],"_links":{"self":[{"href":"https:\/\/granadacostaglobal.es\/index.php?rest_route=\/wp\/v2\/posts\/31624"}],"collection":[{"href":"https:\/\/granadacostaglobal.es\/index.php?rest_route=\/wp\/v2\/posts"}],"about":[{"href":"https:\/\/granadacostaglobal.es\/index.php?rest_route=\/wp\/v2\/types\/post"}],"author":[{"embeddable":true,"href":"https:\/\/granadacostaglobal.es\/index.php?rest_route=\/wp\/v2\/users\/4"}],"replies":[{"embeddable":true,"href":"https:\/\/granadacostaglobal.es\/index.php?rest_route=%2Fwp%2Fv2%2Fcomments&post=31624"}],"version-history":[{"count":0,"href":"https:\/\/granadacostaglobal.es\/index.php?rest_route=\/wp\/v2\/posts\/31624\/revisions"}],"wp:featuredmedia":[{"embeddable":true,"href":"https:\/\/granadacostaglobal.es\/index.php?rest_route=\/"}],"wp:attachment":[{"href":"https:\/\/granadacostaglobal.es\/index.php?rest_route=%2Fwp%2Fv2%2Fmedia&parent=31624"}],"wp:term":[{"taxonomy":"category","embeddable":true,"href":"https:\/\/granadacostaglobal.es\/index.php?rest_route=%2Fwp%2Fv2%2Fcategories&post=31624"},{"taxonomy":"post_tag","embeddable":true,"href":"https:\/\/granadacostaglobal.es\/index.php?rest_route=%2Fwp%2Fv2%2Ftags&post=31624"}],"curies":[{"name":"wp","href":"https:\/\/api.w.org\/{rel}","templated":true}]}}