{"id":31605,"date":"2022-03-28T08:48:06","date_gmt":"2022-03-28T07:48:06","guid":{"rendered":"http:\/\/granadacostanacional.es\/?p=31605"},"modified":"2022-03-28T08:48:06","modified_gmt":"2022-03-28T07:48:06","slug":"se-presenta-la-guia-sobre-sexualidad-afectiva-desde-el-colegio-oficial-de-pedagogia-de-cataluna","status":"publish","type":"post","link":"https:\/\/granadacostaglobal.es\/?p=31605","title":{"rendered":"Se presenta la gu\u00eda sobre sexualidad afectiva desde el Colegio Oficial de Pedagog\u00eda de Catalu\u00f1a"},"content":{"rendered":"<p style=\"text-align: justify;\"><a href=\"http:\/\/granadacostanacional.es\/wp-content\/uploads\/2022\/03\/bf0aa400-bef0-42c4-87df-5c384909183f.jpg\"><img decoding=\"async\" loading=\"lazy\" class=\"alignnone size-medium wp-image-31610 alignleft\" src=\"http:\/\/granadacostanacional.es\/wp-content\/uploads\/2022\/03\/bf0aa400-bef0-42c4-87df-5c384909183f-300x265.jpg\" alt=\"bf0aa400-bef0-42c4-87df-5c384909183f\" width=\"300\" height=\"265\" \/><\/a>El s\u00e1bado 26 de marzo se present\u00f3 la gu\u00eda\u00a0\u00a0 sobre sexualidad afectiva dentro de los actos del 20 aniversario del Colegio Oficial de Pedagog\u00eda de Catalu\u00f1a.\u00a0 (COPEC)<\/p>\n<p style=\"text-align: justify;\">Un gran n\u00famero de asistentes han participado en la jornada. El grupo de investigaci\u00f3n de Pedagog\u00eda y Salud\u00a0 present\u00f3 la propuesta coordinada por la Dra To\u00f1y Castillo.<\/p>\n<p style=\"text-align: justify;\"><a href=\"http:\/\/granadacostanacional.es\/wp-content\/uploads\/2022\/03\/89f64cdd-dae3-4c7a-a6b8-9b8d41e0245e.jpg\"><img decoding=\"async\" loading=\"lazy\" class=\"alignnone size-medium wp-image-31614\" src=\"http:\/\/granadacostanacional.es\/wp-content\/uploads\/2022\/03\/89f64cdd-dae3-4c7a-a6b8-9b8d41e0245e-300x295.jpg\" alt=\"89f64cdd-dae3-4c7a-a6b8-9b8d41e0245e\" width=\"300\" height=\"295\" \/><\/a><a href=\"http:\/\/granadacostanacional.es\/wp-content\/uploads\/2022\/03\/39c8595a-eae7-4c08-b4a3-9b4f91d102ac.jpg\"><img decoding=\"async\" loading=\"lazy\" class=\"alignnone size-medium wp-image-31613\" src=\"http:\/\/granadacostanacional.es\/wp-content\/uploads\/2022\/03\/39c8595a-eae7-4c08-b4a3-9b4f91d102ac-300x264.jpg\" alt=\"39c8595a-eae7-4c08-b4a3-9b4f91d102ac\" width=\"300\" height=\"264\" \/><\/a>Al acto asistieron numerosas autoridades del \u00e1mbito de la pedagog\u00eda y de diversos campos relacionados con la salud. En las fotos el grupo y la Presidenta del Copec: Rosa Rodr\u00edguez y Vicepresidenta Viky G\u00f3mez y Silvia Vilasalo responsable del Copec a lleida . Un gran evento tejiendo redes de pedagog\u00eda donde asistieron representantes de toda Catalu\u00f1a.<\/p>\n<p style=\"text-align: justify;\"><span style=\"font-weight: 400;\"><a href=\"http:\/\/granadacostanacional.es\/wp-content\/uploads\/2022\/03\/b1e6160a-3ef6-4af3-a158-b5dc663b7a5c.jpg\"><img decoding=\"async\" loading=\"lazy\" class=\"alignnone size-medium wp-image-31612 alignleft\" src=\"http:\/\/granadacostanacional.es\/wp-content\/uploads\/2022\/03\/b1e6160a-3ef6-4af3-a158-b5dc663b7a5c-300x280.jpg\" alt=\"b1e6160a-3ef6-4af3-a158-b5dc663b7a5c\" width=\"300\" height=\"280\" \/><\/a>Educar en la sexualidad desde la afectividad implica hablar de cambios corporales, aceptando las transformaciones, compartiendo la belleza de los sentimientos propios y contribuyendo a que los hijos\u00a0 se sientan queridos, valorados y auto respetados, con deseos de mejora\u00a0 siendo\u00a0 capaces de elegir\u00a0 personas a las que querer y sentirse valorados, con asertividad para seleccionar\u00a0 amistades y parejas en la cuales se fomente el cuidado, el cari\u00f1o y el respeto.<\/span><\/p>\n<p style=\"text-align: justify;\"><span style=\"font-weight: 400;\">Como parte integrante de la educaci\u00f3n\u00a0 sexual no se puede obviar que tambi\u00e9n estar\u00edamos refiri\u00e9ndonos a hablar de temas relacionados con los genitales,\u00a0 la reproducci\u00f3n\u2026, ya que la funci\u00f3n biol\u00f3gica adquiere un valor\u00a0 en todo ser humano, donde biolog\u00eda y emociones positivas marcaran bases de conocimiento y bienestar. Adquiriendo aquellos conocimientos necesarios y adaptados a la edad del ni\u00f1o.\u00a0<\/span><\/p>\n<p>&nbsp;<\/p>\n<table>\n<tbody>\n<tr>\n<td><b>Objetivos de una buena educaci\u00f3n afectivo sexual<\/b><\/td>\n<\/tr>\n<tr>\n<td>\n<ul>\n<li style=\"font-weight: 400;\"><span style=\"font-weight: 400;\">Aportar aquellos conocimientos adecuados y adaptados a la edad del ni\u00f1o<\/span><\/li>\n<\/ul>\n<\/td>\n<\/tr>\n<tr>\n<td>\n<ul>\n<li style=\"font-weight: 400;\"><span style=\"font-weight: 400;\">Favorecer el di\u00e1logo con naturalidad<\/span><\/li>\n<\/ul>\n<\/td>\n<\/tr>\n<tr>\n<td>\n<ul>\n<li style=\"font-weight: 400;\"><span style=\"font-weight: 400;\">Potenciar un desarrollo positivo de la sexualidad<\/span><\/li>\n<\/ul>\n<\/td>\n<\/tr>\n<tr>\n<td>\n<ul>\n<li style=\"font-weight: 400;\"><span style=\"font-weight: 400;\">Desarrollar conductas generadoras de autoestima<\/span><\/li>\n<\/ul>\n<\/td>\n<\/tr>\n<tr>\n<td>\n<ul>\n<li style=\"font-weight: 400;\"><span style=\"font-weight: 400;\">Aportar ejemplos de sexualidad responsable<\/span><\/li>\n<\/ul>\n<\/td>\n<\/tr>\n<tr>\n<td>\n<ul>\n<li style=\"font-weight: 400;\"><span style=\"font-weight: 400;\">Adquirir conciencia del respeto a la sexualidad<\/span><\/li>\n<\/ul>\n<\/td>\n<\/tr>\n<\/tbody>\n<\/table>\n<p style=\"text-align: justify;\"><span style=\"font-weight: 400;\"><a href=\"http:\/\/granadacostanacional.es\/wp-content\/uploads\/2022\/03\/copec-miembros.jpg\"><img decoding=\"async\" loading=\"lazy\" class=\"alignnone size-medium wp-image-31617 alignleft\" src=\"http:\/\/granadacostanacional.es\/wp-content\/uploads\/2022\/03\/copec-miembros-300x211.jpg\" alt=\"copec miembros\" width=\"300\" height=\"211\" \/><\/a>La educaci\u00f3n afectivo-sexual en las escuelas tiene efectos positivos entre el alumnado: les ayuda a mejorar sus actitudes respecto a su salud sexual y reproductiva, pero adem\u00e1s contribuye a la prevenci\u00f3n y reducci\u00f3n de la violencia y la discriminaci\u00f3n de g\u00e9nero, afirma la UNESCO en su estudio Orientaciones t\u00e9cnicas internacionales sobre educaci\u00f3n en sexualidad.\u00a0<\/span><\/p>\n<p style=\"text-align: justify;\"><span style=\"font-weight: 400;\">\u00a0Todas las personas son seres sexuados a nivel corporal, psicol\u00f3gico y cultural y como tal,\u00a0 sienten la necesidad de comunicaci\u00f3n verbal y no verbal.\u00a0 Nuestro \u00a0 cuerpo es un elemento que ayuda a la\u00a0 interrelaci\u00f3n,\u00a0 ofreciendo y recibiendo todo tipo de sensaciones, afecto, placer\u2026 ternura. Ello hace que la sexualidad como desarrollo de estados de bienestar, contribuya al bien individual y de la comunidad e incide directamente sobre la calidad de vida del ser humano.\u00a0<\/span><\/p>\n<p style=\"text-align: justify;\"><span style=\"font-weight: 400;\">El ni\u00f1o, la ni\u00f1a, toma conciencia de que hay personas de dos sexos. Su sexualidad ser\u00e1 la manera propia de verse, sentirse y vivirse como ser sexuado, como uno de los dos sexos. Cada persona vivir\u00e1 su sexualidad de distinta\u00a0 manera, no es estable, sino que est\u00e1 en continua evoluci\u00f3n.\u00a0<\/span><\/p>\n<p style=\"text-align: justify;\"><span style=\"font-weight: 400;\">El papel del educador o\u00a0 educadora, ser\u00e1 el de procurar que cada ni\u00f1o\/a, se conozca y se acepte, nos corresponde conocer el proceso, reconocerlo, respetarlo y protegerlo.<\/span><\/p>\n<h1 style=\"text-align: justify;\"><\/h1>\n<p style=\"text-align: justify;\"><span style=\"font-weight: 400; color: #800000;\">\u00a0Orientaciones pedag\u00f3gicas<\/span><\/p>\n<p style=\"text-align: justify;\">\n<div style=\"text-align: justify;\" data-original-attrs=\"{&quot;style&quot;:&quot;&quot;}\"><\/div>\n<div style=\"text-align: justify;\" data-original-attrs=\"{&quot;style&quot;:&quot;&quot;}\">La educaci\u00f3n afectiva sexual mantendr\u00e1 criterios pedag\u00f3gicos equiparables a cualquier proceso educativo en el cual se potencie el desarrollo y el crecimiento arm\u00f3nico de la persona, en el cual, el conocimiento y el di\u00e1logo con las personas que intervienen en el proceso (padres, madres, tutores, docentes&#8230;) se hace necesario, ya que har\u00e1 que los alumnos\/as sean protagonistas de su propio crecimiento y aprendizaje personal y social.<\/div>\n<div style=\"text-align: justify;\" data-original-attrs=\"{&quot;style&quot;:&quot;&quot;}\"><\/div>\n<div style=\"text-align: justify;\" data-original-attrs=\"{&quot;style&quot;:&quot;&quot;}\">Esta necesidad educativa a de contemplar como base el respeto y la pluralidad ofreciendo un clima favorable generador de buenas praxis coeducativas donde un clima, intolerante \u2013como capacidad de tolerar- sino de igualdad, potencie un desarrollo de la sexualidad marcada \u00e9sta por la afectividad en beneficio de la autoestima de todo ni\u00f1o o ni\u00f1a. Desarrollando capacidades como vivencias positivas enmarcadas en el conocimiento y el respeto del otro\/a.<\/div>\n<div style=\"text-align: justify;\" data-original-attrs=\"{&quot;style&quot;:&quot;&quot;}\"><\/div>\n<div style=\"text-align: justify;\" data-original-attrs=\"{&quot;style&quot;:&quot;&quot;}\">A priori antes de trabajar las propuestas es necesario que estas est\u00e9n enmarcadas en el proyecto de centro y que formen parte de la necesidad de ser tratada de manera inclusiva en el contexto y entorno educativo, no como una mera actuaci\u00f3n, sino, que esta actuaci\u00f3n implique el compromiso de actuaci\u00f3n.<\/div>\n<div style=\"text-align: justify;\" data-original-attrs=\"{&quot;style&quot;:&quot;&quot;}\"><\/div>\n<div style=\"text-align: justify;\" data-original-attrs=\"{&quot;style&quot;:&quot;&quot;}\">La necesidad de enfocar la sexualidad como parte de la afectividad hacia uno mismo y los dem\u00e1s se contempla en par\u00e1metros de salud, ya que siendo esta parte de la dimensi\u00f3n humana requiere ser informada y recibir educaci\u00f3n al respecto para que todo desarrollo afectivo sexual se convierta en una fuente de salud y bienestar a lo largo de su vida.<\/div>\n","protected":false},"excerpt":{"rendered":"<p>El s\u00e1bado 26 de marzo se present\u00f3 la gu\u00eda\u00a0\u00a0 sobre sexualidad afectiva dentro de los actos del 20 aniversario del&hellip;<\/p>\n","protected":false},"author":4,"featured_media":31609,"comment_status":"open","ping_status":"open","sticky":false,"template":"","format":"standard","meta":{"om_disable_all_campaigns":false,"_mi_skip_tracking":false,"_monsterinsights_sitenote_active":false,"_monsterinsights_sitenote_note":"","_monsterinsights_sitenote_category":0,"footnotes":""},"categories":[25,36,21,35,22,19,30],"tags":[],"aioseo_notices":[],"_links":{"self":[{"href":"https:\/\/granadacostaglobal.es\/index.php?rest_route=\/wp\/v2\/posts\/31605"}],"collection":[{"href":"https:\/\/granadacostaglobal.es\/index.php?rest_route=\/wp\/v2\/posts"}],"about":[{"href":"https:\/\/granadacostaglobal.es\/index.php?rest_route=\/wp\/v2\/types\/post"}],"author":[{"embeddable":true,"href":"https:\/\/granadacostaglobal.es\/index.php?rest_route=\/wp\/v2\/users\/4"}],"replies":[{"embeddable":true,"href":"https:\/\/granadacostaglobal.es\/index.php?rest_route=%2Fwp%2Fv2%2Fcomments&post=31605"}],"version-history":[{"count":0,"href":"https:\/\/granadacostaglobal.es\/index.php?rest_route=\/wp\/v2\/posts\/31605\/revisions"}],"wp:featuredmedia":[{"embeddable":true,"href":"https:\/\/granadacostaglobal.es\/index.php?rest_route=\/"}],"wp:attachment":[{"href":"https:\/\/granadacostaglobal.es\/index.php?rest_route=%2Fwp%2Fv2%2Fmedia&parent=31605"}],"wp:term":[{"taxonomy":"category","embeddable":true,"href":"https:\/\/granadacostaglobal.es\/index.php?rest_route=%2Fwp%2Fv2%2Fcategories&post=31605"},{"taxonomy":"post_tag","embeddable":true,"href":"https:\/\/granadacostaglobal.es\/index.php?rest_route=%2Fwp%2Fv2%2Ftags&post=31605"}],"curies":[{"name":"wp","href":"https:\/\/api.w.org\/{rel}","templated":true}]}}