{"id":31561,"date":"2022-03-17T16:34:00","date_gmt":"2022-03-17T15:34:00","guid":{"rendered":"http:\/\/granadacostanacional.es\/?p=31561"},"modified":"2022-03-17T16:34:00","modified_gmt":"2022-03-17T15:34:00","slug":"ix-encuentro-con-el-gato-casimiro","status":"publish","type":"post","link":"https:\/\/granadacostaglobal.es\/?p=31561","title":{"rendered":"IX ENCUENTRO CON EL GATO CASIMIRO"},"content":{"rendered":"<p style=\"text-align: justify;\">En mi \u00faltimo contacto lo he encontrado raro; distinto a como se mostraba en otras ocasiones, aunque serio, rebosaba vitalidad y con ganas de hablar y muy seguro de lo que dec\u00eda. Esta vez ha aparecido triste, melanc\u00f3lico, algo as\u00ed como desesperanzado y acabado. Tanto que hab\u00eda decidido no preguntarle sobre lo que est\u00e1 ocurriendo en el mundo y en Espa\u00f1a, pero \u00e9l me sali\u00f3 al paso y me anim\u00f3 a que le preguntara. As\u00ed que entr\u00e9 en directo y le dije que a la vista de todo lo que est\u00e1 ocurriendo de guerras y la furia de la Naturaleza s\u00ed est\u00e1bamos ya al \u201c<strong>Final de los Tiempos\u201d<\/strong> anunciados en las Sagradas Escrituras y por los profetas antiguos y contempor\u00e1neos.<\/p>\n<p style=\"text-align: justify;\">\u00a0\u00a0\u00a0\u00a0\u00a0\u00a0\u00a0 Casimiro me mira o me medio mira con su \u00fanico ojo y con mucha tristeza y me enumera los signos que anuncian el fin de esta civilizaci\u00f3n. No es costumbre en \u00e9l contestar a las preguntas con un s\u00ed o un no escueto, suele dar una serie de explicaciones sobre el tema para que yo lo interprete. Se comporta algo as\u00ed como la sibila, la Pitia del or\u00e1culo de Delfos en la antigua Grecia que contestaba con palabras de doble sentido o de forma ambigua por lo que era obligado la interpretaci\u00f3n. Los signos que el gato Casimiro me enumer\u00f3 que anunciaban el \u201cFinal de los Tiempos\u201d fueron estos:<\/p>\n<p style=\"text-align: justify;\">1.- Retorno de los jud\u00edos a su tierra que ya ocurri\u00f3 a mediados del siglo XX.<\/p>\n<p style=\"text-align: justify;\">2.- El ate\u00edsmo generalizado. Es un hecho que las pr\u00e1cticas religiosas son m\u00ednimas.<\/p>\n<p style=\"text-align: justify;\">3.- Falsas ideolog\u00edas y tambi\u00e9n falsos profetas, hipocres\u00edas, mentiras y toda clase de enga\u00f1os.<\/p>\n<p style=\"text-align: justify;\">4.- Guerras, rumores de guerras y miedos por todas partes. En la actualidad pocos pa\u00edses est\u00e1n en una aut\u00e9ntica paz.<\/p>\n<p style=\"text-align: justify;\">5.- Predicaci\u00f3n del Evangelio por toda la Tierra. Esto es un hecho que ya hace tiempo que se produjo a trav\u00e9s de los avanzados medios de comunicaci\u00f3n.<\/p>\n<p style=\"text-align: justify;\">6.- Grandes prodigios humanos que se han producido con las nuevas tecnolog\u00edas, avances cient\u00edficos, viajes interplanetarios, etc.<\/p>\n<p style=\"text-align: justify;\">7.- Relajaci\u00f3n de la Iglesia Cat\u00f3lica, persecuci\u00f3n de los cristianos y su menosprecio en muchos pa\u00edses.<\/p>\n<p style=\"text-align: justify;\">8.- Conversi\u00f3n de hombres en dioses. Esto ocurre cuando se aparta a Dios de nuestras vidas. Algunos cient\u00edficos y sobre todo pol\u00edticos con poder absoluto como ocurre en los pa\u00edses comunitarios.<\/p>\n<p style=\"text-align: justify;\">9.- INITIA DOLORUN\u00a0 (comienzo de los dolores) que quiere decir que aparecer\u00e1n toda clase de males: terremotos, volcanes, tsunami, huracanes, lluvias torrenciales, guerras, epidemias, etc. y probable empleo de armas nucleares. Toda clase de calamidades.<\/p>\n<p style=\"text-align: justify;\">10.- La venida del Anticristo.<\/p>\n<p style=\"text-align: justify;\"><a href=\"http:\/\/granadacostanacional.es\/wp-content\/uploads\/2021\/06\/Casimiro.jpg\"><img decoding=\"async\" loading=\"lazy\" class=\"aligncenter size-large wp-image-28662\" src=\"http:\/\/granadacostanacional.es\/wp-content\/uploads\/2021\/06\/Casimiro-819x1024.jpg\" alt=\"Casimiro\" width=\"819\" height=\"1024\" \/><\/a><\/p>\n<p style=\"text-align: justify;\">Cuando termino de enumerar estos signos me dijo: juzga t\u00fa mismo a tenor de lo que te he relatado.<\/p>\n<p style=\"text-align: justify;\">Pensando en la guerra que ha emprendido Rusia contra Ucrania, le pregunto si el Anticristo es Vladimir Putin que est\u00e1 rompiendo el orden mundial establecido. A esta pregunta el gato Casimiro me suelta una lecci\u00f3n de historia y me dice<strong>: debemos tener siempre la Historia a mano. <\/strong>El zar Pedro I el Grande (siglo XVIII)\u00a0 dej\u00f3 escrito lo siguiente: \u201cHe encontrado a Rusia riachuelo, la dejar\u00e9 r\u00edo, y mis sucesores har\u00e1n de ella un gran mar destinado a fertilizar a Europa, y sus aguas desbordar\u00e1n de ella, a pesar de todos los diques que manos <strong>debilitadas <\/strong>puedan opon\u00e9rseles si mis descendientes saben dirigir su curso\u201d.<\/p>\n<p style=\"text-align: justify;\">Pero en 1917 Rusia sufre un cambio dr\u00e1stico, de inusitada violencia y crueldad que fue la liquidaci\u00f3n del r\u00e9gimen zarista por otro mucho peor: el comunismo manchado con la sangre de millones de seres mucho m\u00e1s opresor que el zarista que regula, no s\u00f3lo la vida econ\u00f3mica sino tambi\u00e9n la vida mental y espiritual. Bajo el r\u00e9gimen comunista, Lenin, Stalin y otros dirigentes asesinaron a muchos millones de seres humanos, crueldad y exterminio donde los disidentes pol\u00edticos son enviados a Siberia, sometidos a intensos interrogatorios y torturas de la polic\u00eda secreta, o son declarados enfermos mentales y encerrados en centros psiqui\u00e1tricos donde reciben tratamientos de electrochoques ilegales destinados a cambiar su forma de ser.<\/p>\n<p style=\"text-align: justify;\">Hasta ahora, Rusia no ha emprendido guerra abierta porque consegu\u00eda lo que quer\u00eda mediante sus manejos \u201cdiplom\u00e1ticos\u201d con trampas, con enga\u00f1os, con amenazas, por compras a traidores\u2026con malas artes. Pero su ambici\u00f3n imperialista est\u00e1 latente.<\/p>\n<p style=\"text-align: justify;\">Ahora Putin, ante la <strong>debilidad y falta de liderazgo del otro<\/strong> <strong>bloque de poder<\/strong> ha decidido apropiarse de Europa y ha empezado por UCRANIA. El ataque de Rusia a este pa\u00eds ya se anunci\u00f3 en el a\u00f1o 1954 por una vidente holandesa que tuvo apariciones de una mujer que le llam\u00f3: \u201cLa Se\u00f1ora de Todos los Pueblos\u201d. En una de sus visiones esta \u201cSe\u00f1ora\u201d le dijo: \u201cHe aqu\u00ed que se avecina un gran conflicto en los primeros a\u00f1os del siglo XXI, Am\u00e9rica, Rusia\u2026 Se aproxima\u2026\u201d Y la vidente explica: \u201cLa se\u00f1ora extiende sus dos manos en un gesto protector sobre una comarca que me parece ser UCRANIA.Y veo un fuego infernal arriba, a la izquierda, en Rusia. Me hace el efecto de una explosi\u00f3n que surge del suelo. Y la \u201cSe\u00f1ora\u201d dice: \u201cY luego ves, ya no queda nada nada\u201d. Y contemplo, efectivamente, una llanura des\u00e9rtica\u201d.<\/p>\n<p style=\"text-align: justify;\">Le pregunto al gato Casimiro a qu\u00e9 se refiere concretamente cuando dice \u201cla debilidad del otro bloque\u201d. Me contesta con palabras que ya apunt\u00f3 el cient\u00edfico Premio Nobel de F\u00edsica Albert Einstein: \u201cEuropa sola tiene casi el triple de la poblaci\u00f3n que ten\u00eda hace un siglo. Sin embargo, el n\u00famero de personalidades rectoras ha decrecido en mucha medida. En pol\u00edtica no solamente hay carencia de dirigentes sino que ha disminuido el sentido de la justicia y la independencia espiritual de los ciudadanos. Vemos el establecimiento de las tiran\u00edas, que se sostienen porque en las personas ya no es tan activo el sentimiento de justicia y de la dignidad\u201d.<\/p>\n<p style=\"text-align: justify;\">Nada m\u00e1s cierto. Si echamos un vistazo a los pol\u00edticos que hoy gobiernan el mundo comprobaremos la opini\u00f3n de Einstein: incompetencia, corrupciones, hip\u00f3critas, mentirosos\u2026 Muchos vicios y pocas virtudes. Con dirigentes as\u00ed tienen que atraer el mal, destrucci\u00f3n y muerte.<\/p>\n<p style=\"text-align: justify;\">Le pregunto por Espa\u00f1a y hace un gesto con movimientos de cabeza. Pero no contesta, insisto refugi\u00e1ndome en la libertad de expresi\u00f3n. \u00bfTenemos en Espa\u00f1a zascandiles en el Gobierno, en las Autonom\u00edas, en las instituciones\u2026 Sigue sin contestar, debe tener miedo como ocurre en los pa\u00edses totalitarios que \u201clo que est\u00e1 permitido est\u00e1 prohibido\u201d. Finalmente reacciona y me hecha a la cara \u00bfAcaso est\u00e1s ciego, sordo y tonto para no saber lo que ten\u00e9is en Espa\u00f1a? <strong>El caballo negro del Apocalipsis<\/strong> que trae el hambre, ya ha llegado a Espa\u00f1a aunque el Gobierno y los medios de comunicaci\u00f3n lo silencien. Un pa\u00eds que profana las tumbas de sus muertos atrae todos los males.<\/p>\n<p style=\"text-align: justify;\">Pero para que tu \u00e1nimo no decaiga te dir\u00e9 que tambi\u00e9n est\u00e1 vaticinado por el vidente Edgar Cayce que el comunismo ruso desaparecer\u00e1 muy pronto. \u201cA trav\u00e9s de Rusia viene la esperanza del mundo, \u00a1 la libertad, la libertad! \u2013 Anunci\u00f3 &#8211;\u00a0 Estas fueron sus palabras\u201d.<\/p>\n<p style=\"text-align: justify;\">\n<p style=\"text-align: right;\">Granada a 17 de marzo de 2022<\/p>\n<p style=\"text-align: right;\">ROGELIO BUSTOS<\/p>\n","protected":false},"excerpt":{"rendered":"<p>En mi \u00faltimo contacto lo he encontrado raro; distinto a como se mostraba en otras ocasiones, aunque serio, rebosaba vitalidad&hellip;<\/p>\n","protected":false},"author":2,"featured_media":16441,"comment_status":"open","ping_status":"open","sticky":false,"template":"","format":"standard","meta":{"om_disable_all_campaigns":false,"_mi_skip_tracking":false,"_monsterinsights_sitenote_active":false,"_monsterinsights_sitenote_note":"","_monsterinsights_sitenote_category":0,"footnotes":""},"categories":[21,30],"tags":[],"aioseo_notices":[],"_links":{"self":[{"href":"https:\/\/granadacostaglobal.es\/index.php?rest_route=\/wp\/v2\/posts\/31561"}],"collection":[{"href":"https:\/\/granadacostaglobal.es\/index.php?rest_route=\/wp\/v2\/posts"}],"about":[{"href":"https:\/\/granadacostaglobal.es\/index.php?rest_route=\/wp\/v2\/types\/post"}],"author":[{"embeddable":true,"href":"https:\/\/granadacostaglobal.es\/index.php?rest_route=\/wp\/v2\/users\/2"}],"replies":[{"embeddable":true,"href":"https:\/\/granadacostaglobal.es\/index.php?rest_route=%2Fwp%2Fv2%2Fcomments&post=31561"}],"version-history":[{"count":0,"href":"https:\/\/granadacostaglobal.es\/index.php?rest_route=\/wp\/v2\/posts\/31561\/revisions"}],"wp:featuredmedia":[{"embeddable":true,"href":"https:\/\/granadacostaglobal.es\/index.php?rest_route=\/"}],"wp:attachment":[{"href":"https:\/\/granadacostaglobal.es\/index.php?rest_route=%2Fwp%2Fv2%2Fmedia&parent=31561"}],"wp:term":[{"taxonomy":"category","embeddable":true,"href":"https:\/\/granadacostaglobal.es\/index.php?rest_route=%2Fwp%2Fv2%2Fcategories&post=31561"},{"taxonomy":"post_tag","embeddable":true,"href":"https:\/\/granadacostaglobal.es\/index.php?rest_route=%2Fwp%2Fv2%2Ftags&post=31561"}],"curies":[{"name":"wp","href":"https:\/\/api.w.org\/{rel}","templated":true}]}}