{"id":31556,"date":"2022-03-16T18:34:30","date_gmt":"2022-03-16T17:34:30","guid":{"rendered":"http:\/\/granadacostanacional.es\/?p=31556"},"modified":"2022-03-16T18:34:30","modified_gmt":"2022-03-16T17:34:30","slug":"entrevista-a-la-actriz-marta-hazas-2","status":"publish","type":"post","link":"https:\/\/granadacostaglobal.es\/?p=31556","title":{"rendered":"ENTREVISTA A LA ACTRIZ MARTA HAZAS"},"content":{"rendered":"<p style=\"text-align: justify;\"><strong>Para esta ocasi\u00f3n tengo el inmenso placer de entrevistar a una actriz sumamente conocida por sus apariciones en\u00a0<em>El Hormiguero\u00a0<\/em>junto a Pablo Motos, y por sus conocidas interpretaciones como Amelia Ugarte en\u00a0<em>El internado,\u00a0<\/em>Sarah Reeves\u00a0<em>en Bandolera\u00a0<\/em>y como Clara Montesinos en\u00a0<em>Velvet\u00a0<\/em>y\u00a0<em>Velvet Colecci\u00f3n.\u00a0<\/em>Como ya sabr\u00e1n por el titular, les estoy hablando de la simp\u00e1tica y encantadora actriz Marta Hazas (Santander, 31 de diciembre de 1977).<\/strong><\/p>\n<p style=\"text-align: justify;\"><strong>Esta pedazo de artista se licenci\u00f3 en periodismo, estudi\u00f3 arte dram\u00e1tico en la escuela de Cristina Rota, aunque ya hab\u00eda dado sus primeros pasos en la escuela del Palacio de Festivales de Santander.<\/strong><\/p>\n<p style=\"text-align: justify;\"><strong>Comenz\u00f3 su andadura televisiva a principios del a\u00f1o 2000 con algunos personajes en series como\u00a0<em>El comisario\u00a0<\/em>y\u00a0<em>Hospital central\u00a0<\/em>de gran \u00e9xito en Telecinco, y en\u00a0<em>Cu\u00e9ntame c\u00f3mo pas\u00f3\u00a0<\/em>de gran longevidad y reconocimiento en TVE. A lo que siguieron otros papeles en series como\u00a0<em>Paco y Veva, Fuera de control, El pasado es ma\u00f1ana, Los hombres de Paco, Aida, Los Serrano, SMS: Sin miedo a so\u00f1ar, Generaci\u00f3n D.F., Impares, Los misterios de Laura,\u00a0<\/em>etc\u2026<\/strong><\/p>\n<p style=\"text-align: justify;\"><strong>Pero fue en el 2007 donde consigui\u00f3 su primer papel importante que la dio gran popularidad entre los hogares espa\u00f1oles, como fue el de Amelia Ugarte en\u00a0<em>El internado\u00a0<\/em>de Antena 3, en la que estuvo hasta el 2010. \u00c9xito al que le siguieron otros papeles con los que fue gan\u00e1ndose el reconocimiento y los corazones de muchos espectadores, como fueron los ya nombrados de Sarah Reeves\/Sara Hermida Montoya en\u00a0<em>Bandolera (2011-2013), Gran Hotel (2013)\u00a0<\/em>como Laura Elvira Montenegro Rovinia,\u00a0<em>Velvet\u00a0<\/em>y\u00a0<em>Velvet Colecci\u00f3n (2014-2019)\u00a0<\/em>como Clara Montesinos Mart\u00edn, y m\u00e1s recientemente en su \u00faltimo \u00e9xito con su marido el tambi\u00e9n actor Javier Veiga,\u00a0<em>Peque\u00f1as Coincidencias (2018-2021)\u00a0<\/em>para Amazon Prime Video\/Antena 3, en el papel de Marta Valdivia, en la serie\u00a0<em>No te puedes esconder\u00a0<\/em>y este a\u00f1o en\u00a0<em>D\u00edas mejores\u00a0<\/em>como Sara para Amazon Prime Video\/Antena 3.<\/strong><\/p>\n<p style=\"text-align: justify;\"><strong>Para la gran pantalla, ha participado en diversas pel\u00edculas y cortometrajes como;\u00a0<em>Nos miran (2001)\u00a0<\/em>que fue su primera aparici\u00f3n cinematogr\u00e1fica,\u00a0<em>El asombroso mundo de Borjamari y Pocholo, Reprimidos, 8 citas, B.S.O, Slogan, Connecting People, 3,2 (Lo que hacen las novias), Rubita, Lo contrario al amor, Muertos de amor, Pancho, La paloma y el cuervo, Toc Toc, Te juro que yo no fui, El club del paro\u00a0<\/em>en el pasado a\u00f1o y para este 2022 la podremos ver en\u00a0<em>Las ni\u00f1as de cristal\u00a0<\/em>como Pilar, del director Jota Linares.<\/strong><\/p>\n<p style=\"text-align: justify;\"><strong>Dentro del teatro ha trabajado en obras de diverso calibre, tanto moderno como el teatro cl\u00e1sico por excelencia. Como fueron\u00a0<em>Cistelaria, Elsa Schneider, Ya van 30, El mercader de Venecia\u00a0<\/em>de William Shakespeare en el papel de Porcia,\u00a0<em>Amigos hasta la muerte, El caballero de Olmedo\u00a0<\/em>de Lope de Vega como Do\u00f1a In\u00e9s,\u00a0<em>Confesiones<\/em>\u00a0<em>de un bartender, Don Juan Tenorio\u00a0<\/em>de Jos\u00e9 Zorrilla haciendo el papel de Do\u00f1a In\u00e9s y\u00a0<em>5 y\u2026 acci\u00f3n\u00a0<\/em>interpretando a Marisol.<\/strong><\/p>\n<p style=\"text-align: justify;\"><strong>Ha colaborado y participado en algunos programas televisivos, como\u00a0<em>Punto doc,\u00a0<\/em>con Pocholo y \u00c1lvaro de Marichalar (Antena 3),\u00a0<em>Otra movida\u00a0<\/em>como invitada, en el programa de Pablo Motos,\u00a0<em>El hormiguero,\u00a0<\/em>en donde comenz\u00f3 como una invitada a convertirse en colaboradora, con la secci\u00f3n\u00a0<em>Nos la est\u00e1n colando\u00a0<\/em>y \u00faltimamente la hemos podido ver en La 2 de TVE, como protagonista de\u00a0<em>Rutas bizarras,\u00a0<\/em>junto a Xos\u00e9 Antonio Touri\u00f1\u00e1n, un programa de viajes donde los protagonistas se adentran por los lugares m\u00e1s rec\u00f3nditos e inh\u00f3spitos de la geograf\u00eda espa\u00f1ola, en tono humor\u00edstico para descubrirnos leyendas y mitolog\u00edas de varios escenarios rurales, y de la cual han comenzado a rodar una segunda temporada para hacernos disfrutar con sus aventuras, peripecias y descubrimientos.<\/strong><\/p>\n<p style=\"text-align: justify;\"><strong>Durante esta trayectoria ha logrado diversos premios y reconocimientos, como el Premio a la mejor actriz en el Festival de Cine de Comedia de Tarazona y el Moncayo por Connecting People en el 2010, el Premio a la mejor actriz en el Festival La Fila de Valladolid por\u00a0<em>3,2 lo que hacen las novias\u00a0<\/em>en el 2012, tiene una estrella en el Paseo de la Fama de Tetu\u00e1n (Santander) su tierra y ha sido designada a los Premios Platino de cine iberoamericano en la categor\u00eda Mejor Interpretaci\u00f3n Femenina en serie por\u00a0<em>Velvet Colecci\u00f3n\u00a0<\/em>en el 2018.<\/strong><\/p>\n<p style=\"text-align: justify;\"><strong>Sin m\u00e1s pre\u00e1mbulos, dar\u00e9 comienzo a la presente entrevista con Marta Hazas, una gran artista llena de simpat\u00eda y atractivo. Que sabe ganarse como nadie a su p\u00fablico, al ser tan natural, tanto dentro como fuera de las pantallas. Lo primero agradecerte Marta, el tiempo que me dispensas a la hora de responder a las siguientes preguntas, que ver\u00e1n la luz a trav\u00e9s del peri\u00f3dico sociocultural Granada Costa.<\/strong><\/p>\n<p style=\"text-align: justify;\"><strong>\u00a0<\/strong><\/p>\n<p style=\"text-align: justify;\"><strong>-Mi primera pregunta como es ya una tradici\u00f3n, \u00bfa qu\u00e9 edad y c\u00f3mo surgi\u00f3 tu atracci\u00f3n por el mundo esc\u00e9nico?<\/strong><\/p>\n<p style=\"text-align: justify;\">-Siempre he querido ser actriz, nunca he querido ser otra cosa. Me gustaba cuando mis padres sal\u00edan, quedarme con mis abuelos y ver las pel\u00edculas de cine cl\u00e1sico, las de Alfred Hitchcock con ellos, no s\u00e9 si vendr\u00e1 de ah\u00ed, pero vamos. Mi primer recuerdo es que ya quer\u00eda ser actriz.<\/p>\n<p style=\"text-align: justify;\"><strong>-Tus padres cuando supieron de tu inter\u00e9s por ser actriz, \u00bfte apoyaron sin dudarlo, o m\u00e1s bien ten\u00edan sus recelos y hubieran preferido que te dedicases a otra profesi\u00f3n con m\u00e1s futuro, como el periodismo en lo que estas licenciada?<\/strong><\/p>\n<p style=\"text-align: justify;\">-No, siempre me han apoyado en las decisiones que he tomado. Mis padres siempre me aconsejaron que bueno, como viv\u00eda en Santander y que no hab\u00eda posibilidad de estudiar arte dram\u00e1tico en ese momento y aprovechando que ten\u00eda buenas notas, estudiara una carrera que estuviera relacionado como un plan B.<\/p>\n<p style=\"text-align: justify;\"><strong>-Todos hemos tenido y seguimos teniendo esas estrellas, que nos han llevado a donde estamos, y a los que queremos emular en cierta medida. En el caso de Marta Hazas, \u00bfcu\u00e1les fueron aqu\u00e9llos actores o esas actrices, que en cierto modo te marcaron y te hicieron so\u00f1ar con llegar a alcanzarles si fuese posible?<\/strong><\/p>\n<p style=\"text-align: justify;\">-Bueno m\u00e1s que actores o actrices que me encantaban, como ya te dec\u00eda a m\u00ed me gustaba el cine de los a\u00f1os 50, actrices como Bette Davis, Tippi Hedren, Audrey Hepburn, Gary Cooper, James Stewart, Doris Day, Rock Hudson\u2026 Vamos como que crec\u00ed con ese cine. Por los que quise ser actriz cuando era peque\u00f1a.<\/p>\n<p style=\"text-align: justify;\"><strong>\u00a0<\/strong><\/p>\n<p style=\"text-align: justify;\"><strong>-Has estudiado en diversas escuelas, con grandes maestras y maestros, junto a otros compa\u00f1eros que seguramente estar\u00e1n haciendo sus pinitos en la interpretaci\u00f3n. \u00bfQu\u00e9 nos puedes contar de esos a\u00f1os de aprendizaje con aquellos profesores y sigues manteniendo contacto en la actualidad con aquellos compa\u00f1eros de aula?<\/strong><\/p>\n<p style=\"text-align: justify;\">-He estudiado principalmente en Cristina Rota, y donde tambi\u00e9n he tenido una base importante en la Escuela de Teatro en el Palacio de Festivales de Santander, que me dio clases tambi\u00e9n un profesor que se llamaba Fernando Incera.<\/p>\n<p style=\"text-align: justify;\">La verdad es que o con mis compa\u00f1eros, que con muchos sigo en contacto, aunque luego no se hayan dedicado a esto, pero siempre hemos sido amigos y luego hay otros que vas conociendo en los distintos cursos que s\u00ed que seguimos teniendo contacto, la verdad que lo importante de apuntarte a una escuela de teatro es compartir al final con gente tus inquietudes y gente que esta en las mismas que t\u00fa, y eso genera v\u00ednculos muy importantes y a ti te hace crecer y evolucionar.<\/p>\n<p style=\"text-align: justify;\"><strong>\u00a0<a href=\"http:\/\/granadacostanacional.es\/wp-content\/uploads\/2022\/03\/7F189677-8696-4B7C-A058-E5DAEA4C481F.jpg\"><img decoding=\"async\" loading=\"lazy\" class=\"aligncenter wp-image-31549 size-large\" src=\"http:\/\/granadacostanacional.es\/wp-content\/uploads\/2022\/03\/7F189677-8696-4B7C-A058-E5DAEA4C481F-683x1024.jpg\" alt=\"7F189677-8696-4B7C-A058-E5DAEA4C481F\" width=\"683\" height=\"1024\" \/><\/a><\/strong><\/p>\n<p style=\"text-align: justify;\"><strong>-Sabemos que todos en mayor o menor medida, tienen man\u00edas o supersticiones a la hora de salir al escenario. En el caso de Marta Hazas, \u00bfexiste alguna que puedas confesar sin darte verg\u00fcenza?<\/strong><\/p>\n<p style=\"text-align: justify;\">-Pues no tengo ninguna superstici\u00f3n concreta, nunca tengo ninguna as\u00ed. Pero si es verdad que depende el teatro en el que act\u00fae, si es verdad que siempre entro con el pie derecho, que yo qu\u00e9 s\u00e9, voy heredando de otros actores cosas que a veces dicen y a esto les ha ido bien, voy a copiar esto. Pero m\u00e1s que nada tengo peque\u00f1as supersticiones o m\u00e1s bien con la ropa del personaje, con el vestuario, o depende voy cambiando. Pero s\u00ed, (risas) alguna cosa siempre me busco.<\/p>\n<p style=\"text-align: justify;\"><strong>-A lo largo de tu trayectoria, has trabajado en numerosas series, bien participando en un cap\u00edtulo o siendo la protagonista principal, como las que han dejado una enorme huella en los hogares espa\u00f1oles. Las populares series de\u00a0<em>El internado, Bandolera, Velvet, Velvet Colecci\u00f3n\u00a0<\/em>y m\u00e1s recientemente\u00a0<em>Peque\u00f1as coincidencias.\u00a0<\/em>\u00bfC\u00f3mo fueron los castings de acceso para dichos papeles? Imagino que no ser\u00edan f\u00e1ciles, y tendr\u00edas mucha competencia.<\/strong><\/p>\n<p style=\"text-align: justify;\">-Con respecto a los castings, la verdad es que he hecho muchos castings en los que me han dicho muchas veces que no. Luego el primero que hice para una serie de Telemadrid, que se llamaba\u00a0<em>Capital<\/em>\u00a0fue como el primer casting gordo. Dado que era la protagonista, y fue el primer S\u00cd, y me hizo una ilusi\u00f3n brutal. Luego ya para el\u00a0<em>Internado\u00a0<\/em>no hice prueba ya para Globomedia ya hab\u00eda realizado con ellos la serie SMS, y me dieron el papel a medida del\u00a0<em>Internado.\u00a0<\/em>Para\u00a0<em>Bandolera\u00a0<\/em>la prueba fue genial, la verdad es que sal\u00ed muy contenta de esa prueba, me anim\u00e9 a ir con el vestuario y arriesgu\u00e9, y esa es de las pruebas de la que me siento m\u00e1s orgullosa. Luego para\u00a0<em>Velvet y Velvet Colecci\u00f3n,\u00a0<\/em>no tuve casting porque ya hab\u00eda trabajado con Bamb\u00fa, la productora en\u00a0<em>Gran Hotel,\u00a0<\/em>y me dieron tambi\u00e9n el papel de Laura, que me han dado previamente de\u00a0<em>Gran Hotel,\u00a0<\/em>porque me hab\u00edan visto en el teatro y les encajaba para un personaje.\u00a0<em>Peque\u00f1os coincidencias\u00a0<\/em>como la produzco yo, ser\u00eda bueno que tuviera que hacer casting (carcajadas) ese fue un papel a la medida para m\u00ed (risas).<\/p>\n<p style=\"text-align: justify;\"><strong>-En esas series trabajaste con numerosos actores, actrices y directores, entre otros miembros del equipo, que son enormes profesionales en lo suyo. Entiendo que aprender\u00edas mucho de esas experiencias, y a su vez t\u00fa ense\u00f1ar\u00edas algo de lo que atesoras. \u00bfC\u00f3mo fueron esos rodajes y qu\u00e9 recuerdos guardas de ellos?<\/strong><\/p>\n<p style=\"text-align: justify;\">-Se aprende much\u00edsimo, trabajando con gente que lleva muchos a\u00f1os en la profesi\u00f3n, y con gente que viene por detr\u00e1s con otras ideas, con otras maneras, otros enfoques. La verdad es que en todos los rodajes han sido muy especiales, es complejo as\u00ed en una entrevista no presencial, (risas) ponerme a contar c\u00f3mo han sido esos rodajes, hay millones de recuerdos, pero ha sido un gustazo trabajar con Concha Velasco, con Aitana S\u00e1nchez-Gij\u00f3n, con Pepe Sacrist\u00e1n, y de las an\u00e9cdotas que cuenta de c\u00f3mo era el cine, de las pel\u00edculas que ha hecho, c\u00f3mo ve la vida, su manera de enfrentarse al trabajo, son gente con la que hace mucha ilusi\u00f3n trabajar, como con grandes directores de fotograf\u00eda como puede ser un jaque salmones, como con gente del equipo de maquillaje que tiene no s\u00e9 cu\u00e1ntos Goyas, como con las hermanas Ana y Bel\u00e9n L\u00f3pez-Puigcerver, vamos que al final es una profesi\u00f3n que te permite conocer a gente s\u00faper interesante, hasta que se te olvida que ya son tus compa\u00f1eros, y se te olvida cierto respetillo y cierta verg\u00fcenza. Pero nada, eso te dura la primera lectura y los ensayos.<\/p>\n<p style=\"text-align: justify;\"><strong>-Has trabajado en diversas pel\u00edculas, \u00bfc\u00f3mo es el pasar a trabajar para la televisi\u00f3n en la que te ven miles de familias dada su difusi\u00f3n, a la gran pantalla que se mueve en un mundo bien distinto? \u00bfTe ves a futuro rodando o participando en alg\u00fan nuevo proyecto cinematogr\u00e1fico?<\/strong><\/p>\n<p style=\"text-align: justify;\">-La verdad, no noto la diferencia entre trabajar para la televisi\u00f3n o trabajar para el cine, la manera de trabajar es la misma, depende m\u00e1s del proyecto en el que est\u00e9s si tiene mayor o menor presupuesto, que se van a trabajar con tiempos distintos. Pero creo que esto ya qued\u00f3 muy antiguo la manera de hacer antes la televisi\u00f3n en diferencia con el cine, ahora pr\u00e1cticamente en el rodaje se nota m\u00e1s en los presupuestos. Aunque luego eso vaya a ser una pel\u00edcula o una serie, o a la hora de prepararte el personaje, claro hay veces que no tienes todos los cap\u00edtulos y en una pel\u00edcula si tienes el guion cerrado. Pero bueno, en ese sentido no me planteo la gente que me va a ver, si no que me planteo contar una historia y contar algo que me apetezca y que me mueva, y claro que me veo en un futuro haciendo nuevos proyectos cinematogr\u00e1ficos, y por supuesto, claro que s\u00ed.<\/p>\n<p style=\"text-align: justify;\"><strong>\u00a0<\/strong><\/p>\n<p style=\"text-align: justify;\"><strong>-Tambi\u00e9n vemos que te prodigas mucho sobre los escenarios. Donde el teatro siempre da ese extra especial que no se siente tras las pantallas. Me estoy refiriendo al calor y contacto con el p\u00fablico en directo. \u00bfC\u00f3mo vive Marta ese paso tan incre\u00edble y diferente, a la hora de tener que interpretar papeles de cl\u00e1sicos como Jos\u00e9 Zorrilla, Lope de Vega, William Shakespeare, etc\u2026?<\/strong><\/p>\n<p style=\"text-align: justify;\">-Pues, s\u00ed, espero volver al teatro no s\u00e9 si en el 2022 ya habr\u00e1 tiempo, o ser\u00e1 en el 2023, pero la verdad es que es un gustazo y se echa de menos cuando llevas mucho tiempo haciendo teatro, como me ha pasado a m\u00ed, desde que llegu\u00e9 a Madrid, que siempre lo he compaginado con el audiovisual, como que tienes el mono de ese contacto directo con el p\u00fablico, de repetir el mismo texto, las mismas acciones pero con un sentimiento distinto cada d\u00eda, porque cada d\u00eda llegas al teatro de una manera diferente. As\u00ed que la verdad es que me hace sentir muy viva, y es una manera de crecer como actriz tambi\u00e9n, el reto de enfrentarte al p\u00fablico.<\/p>\n<p style=\"text-align: justify;\"><strong>-Se te ve a menudo como colaboradora en ese programa tan divertido y con Trancas y Barrancas, del Hormiguero que presenta Pablo Motos. Comenzaste como invitada y ahora era una habitual, con la secci\u00f3n\u00a0<em>Nos la est\u00e1n colando.\u00a0<\/em>En la que nos muestras diversos artilugios que podemos hacer con cosas cotidianas de casa, y que nos pueden ayudar en el d\u00eda a d\u00eda, como si fueras la MacGyver espa\u00f1ola. \u00bfC\u00f3mo surgi\u00f3 esa secci\u00f3n dentro del programa y esas ideas las improvisas de forma casera o te son sugeridas por expertos?<\/strong><\/p>\n<p style=\"text-align: justify;\">-Pues mi colaboraci\u00f3n con\u00a0<em>El Hormiguero,\u00a0<\/em>surgi\u00f3 porque hab\u00eda estado all\u00ed como entrevistada unas cinco o seis veces, soy amiga de los que manejan las hormigas, de Juan y Dami\u00e1n, sali\u00f3 esa propuesta pues siempre que iba nos lo pas\u00e1bamos muy bien y sali\u00f3 esa propuesta por su parte, y poco a poco se fue perfilando mi secci\u00f3n de\u00a0<em>Ideazas<\/em>. Bueno, no, no, no es un programa en el que este improvisado, luego con el invitado. Hay todo un equipo detr\u00e1s trabajando en buscar\u00a0<em>Ideazas.<\/em><\/p>\n<p style=\"text-align: justify;\"><strong>-Has tenido un gran \u00e9xito con\u00a0<em>Peque\u00f1as coincidencias,\u00a0<\/em>protagonizada por ti y por tu marido Javier Veiga. \u00bfC\u00f3mo es trabajar con tu esposo al que ves todos los d\u00edas, y luego ten\u00e9is que seguir vi\u00e9ndoos en casa? Entiendo que muy bien, dado que Javier ha creado una nueva plataforma y est\u00e1is colaborando en proyectos y series nuevas. \u00bfQu\u00e9 nos puedes adelantar de todo eso y c\u00f3mo podr\u00e1n acceder los espectadores para seguirlas?<\/strong><\/p>\n<p style=\"text-align: justify;\">-Pues s\u00ed, estamos muy contentos del \u00e9xito de\u00a0<em>Peque\u00f1as coincidencias,\u00a0<\/em>y c\u00f3mo ha traspasado fronteras, y es una serie que para mi gusto, nos ha quedado muy redonda. Me siento muy orgullosa de este proyecto.<\/p>\n<p style=\"text-align: justify;\">Efectivamente Javi est\u00e1 trabajando en nuevo proyectos, que creo que poco a poco, ir\u00e1n viendo la luz tanto en el cine como en televisi\u00f3n, pero te puedo adelantar poco. Pues tengo intenci\u00f3n de volver a los escenarios con \u00e9l, lo haremos juntos. Pero en nuestro Instagram seguro que vamos publicando donde se ver\u00e1n, y no es que Javier haya creado una plataforma, seguiremos usando los cauces que hemos usado como para\u00a0<em>Peque\u00f1as coincidencias,\u00a0<\/em>en ese caso podr\u00edan ser\u00a0<em>Amazon Prime, Netflix,\u00a0<\/em>o la que se interese en contar en ese momento nuestras historias.<\/p>\n<p style=\"text-align: justify;\">Sobre si trabajar con Javi es f\u00e1cil, te dir\u00eda que es f\u00e1cil trabajar con \u00e9l, pues entendemos la profesi\u00f3n igual.<\/p>\n<p style=\"text-align: justify;\"><strong>\u00a0<a href=\"http:\/\/granadacostanacional.es\/wp-content\/uploads\/2022\/03\/IMG_1525.jpg\"><img decoding=\"async\" loading=\"lazy\" class=\"aligncenter size-large wp-image-31550\" src=\"http:\/\/granadacostanacional.es\/wp-content\/uploads\/2022\/03\/IMG_1525-683x1024.jpg\" alt=\"IMG_1525\" width=\"683\" height=\"1024\" \/><\/a><\/strong><\/p>\n<p style=\"text-align: justify;\"><strong>-De todos estos trabajos en los que has estado, con tan enormes profesionales que te habr\u00e1n marcado a lo largo de la trayectoria. \u00bfTe gustar\u00eda volver a verte trabajando con alguno de ellos, si se diera la oportunidad?<\/strong><\/p>\n<p style=\"text-align: justify;\">-De todos los profesionales con los que he trabajado, me gustar\u00eda repetir con pr\u00e1cticamente todos. He tenido en ese sentido mucha suerte, y me ha tocado trabajar con compa\u00f1eros incre\u00edbles, as\u00ed que para m\u00ed encantada de repetir pr\u00e1cticamente con todos. Quitando un par de disgustos que es m\u00e1s a nivel personal (risas) de gente, que bueno ni siquiera fue compa\u00f1era, as\u00ed que nada. En realidad me encantar\u00eda volver a trabajar con pr\u00e1cticamente todos.<\/p>\n<p style=\"text-align: justify;\"><strong>\u00a0<\/strong><\/p>\n<p style=\"text-align: justify;\"><strong>-Con todo esto de la pandemia y el confinamiento, y las medidas tomadas para intentar contener el Covid-19. Ha causado enormes estragos en las econom\u00edas familiares, en los puestos de trabajo de muchas personas, acrecentando el desempleo por el cierre de empresas y dem\u00e1s. Sin olvidarnos de los que tr\u00e1gicamente ya no se encuentran entre nosotros. Para Marta Hazas y familia, \u00bfqu\u00e9 ha supuesto todo esto, a nivel personal y profesional? \u00bfOs ha afectado mucho, a nivel de rodajes y representaciones, o dentro del \u00e1mbito familiar?<\/strong><\/p>\n<p style=\"text-align: justify;\">-Pues s\u00ed, con la situaci\u00f3n esta del Covid, todo se va complicando, los planes van cambiando, las agendas van bailando, los proyectos se retrasan, es m\u00e1s l\u00edo para todos. Afortunadamente no he tenido que lamentar nada personal, ni de nadie cercano de mi familia. Aunque si he tenido alg\u00fan amigo que lo ha pasado mal o que ha perdido a un ser querido.<\/p>\n<p style=\"text-align: justify;\">En eso no nos podemos quejar, hemos rodado la tercera temporada de\u00a0<em>Peque\u00f1as coincidencias,\u00a0<\/em>justo despu\u00e9s del confinamiento. Por suerte nadie se infect\u00f3 y la serie que acabo de terminar ahora, tampoco. Quitando peque\u00f1os sobresaltos, no ha habido m\u00e1s problemas.<\/p>\n<p style=\"text-align: justify;\"><strong>\u00a0<\/strong><\/p>\n<p style=\"text-align: justify;\"><strong>-Entre tus estudios vemos que has estudiado Danza Espa\u00f1ola, bailes de sal\u00f3n y Esgrima. Has tenido muchas oportunidades de utilizar esos conocimientos a lo largo de tu trayectoria profesional, y si no es as\u00ed, \u00bfte gustar\u00eda poder dar muestra de tu maestr\u00eda ganando con la espada, al mism\u00edsimo Zorro?<\/strong><\/p>\n<p style=\"text-align: justify;\">-Pues s\u00ed, la verdad me gusta mucho la esgrima, est\u00e1 muy bien cuantas m\u00e1s cosas sabes mejor para aprovechar y utilizar para tus personajes.<\/p>\n<p style=\"text-align: justify;\">\u00a1Hombre! lo que me preguntas sobre ganar con la espada al mism\u00edsimo Zorro, pues \u00a1claro! que me encantar\u00eda. Y m\u00e1s ahora que me he enterado que van a rodar esa serie en breve, me gustar\u00eda estar en la serie del Zorro, \u00a1por supuesto!<\/p>\n<p style=\"text-align: justify;\"><strong>-\u00bfC\u00f3mo veis la situaci\u00f3n cultural en Espa\u00f1a, el Gobierno la est\u00e1 apoyando para que salga de la crisis, bien con ayudas econ\u00f3micas o procurando ablandar las medidas, para permitir que nuestros teatros o salas de concierto, no sufran m\u00e1s de lo que lo est\u00e1n haciendo en la actualidad? \u00bfO quiz\u00e1s har\u00eda falta que la apoyasen algo m\u00e1s de lo que lo est\u00e1n haciendo en la actualidad, pues como se dice:\u00a0<em>\u201cLa cultura es segura\u201d\u00a0<\/em>adem\u00e1s de fundamental, para que no perdamos la cordura social y mental?<\/strong><\/p>\n<p style=\"text-align: justify;\">-Bueno, creo que siempre que hay que apoyar la cultura, la cultura es un bien muy preciado, hay que seguir apoyando la cultura y la educaci\u00f3n, para m\u00ed son dos cosas fundamentales.<\/p>\n<p style=\"text-align: justify;\"><strong>Sin m\u00e1s, quiero agradecerte nuevamente Marta Hazas, el tiempo que me has dispensado a la hora de responder a las siguientes preguntas. Que sigas tan atractiva, simp\u00e1tica y encantadora, y espero con esta entrevista dar a conocer algunos parajes desconocidos de lo que se esconde tras una mujer profesional y emprendedora. Espero tengas a bien responder a una serie de preguntas tipo test, que nos ayudar\u00e1n a conocerte un poco mejor en preferencias culturales o gustos personales.<\/strong><\/p>\n<p style=\"text-align: justify;\"><strong>\u00a0<\/strong><\/p>\n<p style=\"text-align: justify;\"><strong>\u00a1Muchas gracias, Marta!<\/strong><\/p>\n<p style=\"text-align: justify;\">\u00a0\u00a0\u00a0\u00a0\u00a0\u00a0\u00a0\u00a0\u00a0\u00a0\u00a0\u00a0\u00a0\u00a0\u00a0<strong>PREGUNTAS TIPO TEST:<\/strong><\/p>\n<p style=\"text-align: justify;\"><strong>\u00a0<\/strong><\/p>\n<p style=\"text-align: justify;\"><strong>\u00a0\u00a0\u00a0\u00a0\u00a0\u00a0\u00a0\u00a0\u00a0\u00a0\u00a0\u00a0\u00a0\u00a0 \u00bfUn personaje hist\u00f3rico?\u00a0<\/strong>Cleopatra.<\/p>\n<p style=\"text-align: justify;\"><strong>\u00a0\u00a0\u00a0\u00a0\u00a0\u00a0\u00a0\u00a0\u00a0\u00a0\u00a0\u00a0\u00a0\u00a0 \u00bfUna \u00e9poca?\u00a0<\/strong>El cine dorado de Hollywood, los a\u00f1os cincuenta.<\/p>\n<p style=\"text-align: justify;\"><strong>\u00a0\u00a0\u00a0\u00a0\u00a0\u00a0\u00a0\u00a0\u00a0\u00a0\u00a0\u00a0\u00a0\u00a0 \u00bfUn pintor?\u00a0<\/strong>Eduardo Arroyo.<\/p>\n<p style=\"text-align: justify;\"><strong>\u00a0\u00a0\u00a0\u00a0\u00a0\u00a0\u00a0\u00a0\u00a0\u00a0\u00a0\u00a0\u00a0\u00a0 \u00bfUna escultora?\u00a0<\/strong>Mirella Serra.<\/p>\n<p style=\"text-align: justify;\"><strong>\u00a0\u00a0\u00a0\u00a0\u00a0\u00a0\u00a0\u00a0\u00a0\u00a0\u00a0\u00a0\u00a0\u00a0\u00a0<\/strong><strong>\u00bfUn escritor?\u00a0<\/strong>William Shakespeare.<\/p>\n<p style=\"text-align: justify;\"><strong>\u00a0\u00a0\u00a0\u00a0\u00a0\u00a0\u00a0\u00a0\u00a0\u00a0\u00a0\u00a0\u00a0\u00a0 \u00bfUn poeta?\u00a0<\/strong>Karmelo C. Iribarren.<\/p>\n<p style=\"text-align: justify;\"><strong>\u00a0\u00a0\u00a0\u00a0\u00a0\u00a0\u00a0\u00a0\u00a0\u00a0\u00a0\u00a0\u00a0\u00a0 \u00bfUn libro?\u00a0<\/strong>Cr\u00f3nica del p\u00e1jaro que da cuerda al mundo, de Haruki Murakami.<\/p>\n<p style=\"text-align: justify;\"><strong>\u00a0\u00a0\u00a0\u00a0\u00a0\u00a0\u00a0\u00a0\u00a0\u00a0\u00a0\u00a0\u00a0\u00a0 \u00bfUna pel\u00edcula?\u00a0\u00a0<\/strong>\u00bfQu\u00e9 fue de Baby Jane?<\/p>\n<p style=\"text-align: justify;\"><strong>\u00a0\u00a0\u00a0\u00a0\u00a0\u00a0\u00a0\u00a0\u00a0\u00a0\u00a0\u00a0\u00a0\u00a0 \u00bfUn director de cine, teatro o televisi\u00f3n?\u00a0<\/strong>Rodrigo Cort\u00e9s.<\/p>\n<p style=\"text-align: justify;\"><strong>\u00a0\u00a0\u00a0\u00a0\u00a0\u00a0\u00a0\u00a0\u00a0\u00a0\u00a0\u00a0\u00a0\u00a0 \u00bfUn actor?\u00a0<\/strong>Javier Veiga, voy a barrer para casa (risas).<\/p>\n<p style=\"text-align: justify;\"><strong>\u00a0\u00a0\u00a0\u00a0\u00a0\u00a0\u00a0\u00a0\u00a0\u00a0\u00a0\u00a0\u00a0\u00a0 \u00bfUna actriz?\u00a0<\/strong>Cate Blanchett.<\/p>\n<p style=\"text-align: justify;\"><strong>\u00a0\u00a0\u00a0\u00a0\u00a0\u00a0\u00a0\u00a0\u00a0\u00a0\u00a0\u00a0\u00a0\u00a0 \u00bfUn compositor?\u00a0<\/strong>Xoel L\u00f3pez.<\/p>\n<p style=\"text-align: justify;\"><strong>\u00a0\u00a0\u00a0\u00a0\u00a0\u00a0\u00a0\u00a0\u00a0\u00a0\u00a0\u00a0\u00a0\u00a0 \u00bfUn cantante?\u00a0<\/strong>Joaqu\u00edn Sabina.<\/p>\n<p style=\"text-align: justify;\"><strong>\u00a0\u00a0\u00a0\u00a0\u00a0\u00a0\u00a0\u00a0\u00a0\u00a0\u00a0\u00a0\u00a0\u00a0 \u00bfUn m\u00fasico?\u00a0<\/strong>Lukitas Puente, el que toca en la Gran V\u00eda.<\/p>\n<p style=\"text-align: justify;\"><strong>\u00a0\u00a0\u00a0\u00a0\u00a0\u00a0\u00a0\u00a0\u00a0\u00a0\u00a0\u00a0\u00a0\u00a0 \u00bfUna flor?\u00a0<\/strong>La amapola.<\/p>\n<p style=\"text-align: justify;\"><strong>\u00a0\u00a0\u00a0\u00a0\u00a0\u00a0\u00a0\u00a0\u00a0\u00a0\u00a0\u00a0\u00a0\u00a0 \u00bfUn animal?\u00a0<\/strong>El perro, me gustan los perros.<\/p>\n<p style=\"text-align: justify;\"><strong>\u00a0\u00a0\u00a0\u00a0\u00a0\u00a0\u00a0\u00a0\u00a0\u00a0\u00a0\u00a0\u00a0\u00a0 \u00bfUna estaci\u00f3n del a\u00f1o?\u00a0<\/strong>El verano.<\/p>\n<p style=\"text-align: justify;\"><strong>\u00a0\u00a0\u00a0\u00a0\u00a0\u00a0\u00a0\u00a0\u00a0\u00a0\u00a0\u00a0\u00a0\u00a0 \u00bfUn lugar donde residir?\u00a0<\/strong>Madrid.<\/p>\n<p style=\"text-align: justify;\"><strong>\u00a0\u00a0\u00a0\u00a0\u00a0\u00a0\u00a0\u00a0\u00a0\u00a0\u00a0\u00a0\u00a0\u00a0 \u00bfUn lugar que te gustar\u00eda visitar antes de morir?\u00a0<\/strong>El mundo en general, ninguno en concreto.<\/p>\n<p style=\"text-align: justify;\"><strong>\u00a0\u00a0\u00a0\u00a0\u00a0\u00a0\u00a0\u00a0\u00a0\u00a0\u00a0\u00a0\u00a0\u00a0 \u00bfUn color?\u00a0<\/strong>El azul.<\/p>\n<p style=\"text-align: right;\"><strong>Entrevista por Ricardo Campos Urbaneja<\/strong><\/p>\n<p style=\"text-align: right;\"><strong>Ir\u00fan<\/strong><\/p>\n","protected":false},"excerpt":{"rendered":"<p>Para esta ocasi\u00f3n tengo el inmenso placer de entrevistar a una actriz sumamente conocida por sus apariciones en\u00a0El Hormiguero\u00a0junto a&hellip;<\/p>\n","protected":false},"author":3,"featured_media":31548,"comment_status":"open","ping_status":"open","sticky":false,"template":"","format":"standard","meta":{"om_disable_all_campaigns":false,"_mi_skip_tracking":false,"_monsterinsights_sitenote_active":false,"_monsterinsights_sitenote_note":"","_monsterinsights_sitenote_category":0,"footnotes":""},"categories":[21],"tags":[],"aioseo_notices":[],"_links":{"self":[{"href":"https:\/\/granadacostaglobal.es\/index.php?rest_route=\/wp\/v2\/posts\/31556"}],"collection":[{"href":"https:\/\/granadacostaglobal.es\/index.php?rest_route=\/wp\/v2\/posts"}],"about":[{"href":"https:\/\/granadacostaglobal.es\/index.php?rest_route=\/wp\/v2\/types\/post"}],"author":[{"embeddable":true,"href":"https:\/\/granadacostaglobal.es\/index.php?rest_route=\/wp\/v2\/users\/3"}],"replies":[{"embeddable":true,"href":"https:\/\/granadacostaglobal.es\/index.php?rest_route=%2Fwp%2Fv2%2Fcomments&post=31556"}],"version-history":[{"count":0,"href":"https:\/\/granadacostaglobal.es\/index.php?rest_route=\/wp\/v2\/posts\/31556\/revisions"}],"wp:featuredmedia":[{"embeddable":true,"href":"https:\/\/granadacostaglobal.es\/index.php?rest_route=\/"}],"wp:attachment":[{"href":"https:\/\/granadacostaglobal.es\/index.php?rest_route=%2Fwp%2Fv2%2Fmedia&parent=31556"}],"wp:term":[{"taxonomy":"category","embeddable":true,"href":"https:\/\/granadacostaglobal.es\/index.php?rest_route=%2Fwp%2Fv2%2Fcategories&post=31556"},{"taxonomy":"post_tag","embeddable":true,"href":"https:\/\/granadacostaglobal.es\/index.php?rest_route=%2Fwp%2Fv2%2Ftags&post=31556"}],"curies":[{"name":"wp","href":"https:\/\/api.w.org\/{rel}","templated":true}]}}