{"id":31541,"date":"2022-03-16T12:12:15","date_gmt":"2022-03-16T11:12:15","guid":{"rendered":"http:\/\/granadacostanacional.es\/?p=31541"},"modified":"2022-03-16T12:12:15","modified_gmt":"2022-03-16T11:12:15","slug":"pichin-aventuras-nuevo-libro-de-francisco-ponce","status":"publish","type":"post","link":"https:\/\/granadacostaglobal.es\/?p=31541","title":{"rendered":"Pich\u00edn Aventuras, nuevo libro de Francisco Ponce"},"content":{"rendered":"<p style=\"text-align: center;\"><strong>Para\u00a0adquirir el libro:<\/strong><\/p>\n<h2 style=\"text-align: center;\"><span style=\"color: #0000ff;\"><a style=\"color: #0000ff;\" href=\"https:\/\/editorialgcs.es\/index.php\/producto\/pichin-aventuras\">PINCHE AQU\u00cd<\/a><\/span><\/h2>\n<p>&nbsp;<\/p>\n<p style=\"text-align: justify;\"><strong><a href=\"http:\/\/granadacostanacional.es\/wp-content\/uploads\/2020\/05\/final-Francisco-Ponce-600x400-1.jpg\"><img decoding=\"async\" loading=\"lazy\" class=\"aligncenter size-medium wp-image-24452\" src=\"http:\/\/granadacostanacional.es\/wp-content\/uploads\/2020\/05\/final-Francisco-Ponce-600x400-1-300x200.jpg\" alt=\"final-Francisco-Ponce-600x400\" width=\"300\" height=\"200\" \/><\/a><\/strong><\/p>\n<p style=\"text-align: justify;\"><strong>Francisco Ponce Carrasco<\/strong><\/p>\n<p style=\"text-align: justify;\">Valenciano de nacimiento y residencia.<\/p>\n<p style=\"text-align: justify;\">Formado como Gerente, M\u00e1ster en T\u00e9cnicas de Gesti\u00f3n, Direcci\u00f3n de empresa, Literatura y Periodismo. Donde acumula amplia experiencia pr\u00e1ctica, por haber ejercido en estas actividades.<\/p>\n<p style=\"text-align: justify;\">A temprana edad ya escrib\u00eda en peri\u00f3dicos y revistas de la \u00e9poca. Tiene publicado gran cantidad de cr\u00f3nicas, entrevistas, art\u00edculos de opini\u00f3n, bajo sus cabeceras: EL VENTANUCO, LA COLUMNA, EL ABRELATAS y \u00a1COSA FINA!(Magazine), en diferentes medios informativos locales y nacionales, impresos y digitales, de reconocido prestigio y vigentes en la actualidad.<\/p>\n<p style=\"text-align: justify;\">Es autor de varios libros (novela-relatos) cuyos t\u00edtulos son:\u00a0<strong>\u00abDocena de trece\u00bb<\/strong>\u00a0publicado en el a\u00f1o 2004,\u00a0<strong>\u00abUna vida entre dientes\u00bb<\/strong>\u00a0en el 2005,\u00a0<strong>\u00abEl caracol azul\u00bb<\/strong>\u00a0(Infantil) en 2006,\u00a0<strong>\u00abEl ni\u00f1o perezoso\u00bb<\/strong>\u00a0(Infantil) en 2007,\u00a0<strong>\u00abHuevos fritos\u00bb<\/strong>\u00a0en el 2008,\u00a0<strong>\u00abLa ilusi\u00f3n de Segismundo\u00bb<\/strong>\u00a0en el 2011.<\/p>\n<p style=\"text-align: justify;\">El Foto-Libro\u00a0<strong>\u00abGuerreros\u00bb<\/strong>, a\u00f1o 2015, editado por Pentagraf Impresores pone en el mercado literario un homenaje al \u00e1rbol y el Medio Ambiente. Para su \u00abencuentro\u00bb, buscan al fot\u00f3grafo\u00a0<em>Fernando Cuenca<\/em>\u00a0y al escritor\u00a0<em>Francisco Ponce<\/em>, quienes plasmar\u00e1n este exitoso libro de gran tirada y difusi\u00f3n nacional e internacional.<\/p>\n<p style=\"text-align: justify;\"><strong>\u00abTren de Cercan\u00edas\u00bb,<\/strong>\u00a0<strong>\u00abLa gota Mariana\u00bb y<\/strong>\u00a0<strong>\u00abCanela\u00bb\u00a0<\/strong>son algunos de sus relatos premiados en cert\u00e1menes literarios recientes.<\/p>\n<p style=\"text-align: justify;\">A\u00f1o 2007, fue el impulsor, fundador y presidente del\u00a0<strong>Grupo Literario A-rimando<\/strong>, con sede en Valencia, que en el 2022 cumpli\u00f3 15 a\u00f1os de existencia activa.<\/p>\n<p style=\"text-align: justify;\">Dentro del periodo 2008 y hasta el 2016, escribe semanalmente cr\u00f3nicas deportivas (f\u00fatbol), en el peri\u00f3dico de Castell\u00f3n \u201cLAPLANAALDIA\u201d<\/p>\n<p style=\"text-align: justify;\">Ingresa en (C.L.A.V.E.) Asociaci\u00f3n Valenciana de escritores y cr\u00edticos literarios, en el a\u00f1o 2006. En el 2009 entra a formar parte de la Junta Directiva hasta el 2019. Tambi\u00e9n Pertenece a \u201cCedro\u201d y la \u201cAsociaci\u00f3n Colegial de Escritores de Espa\u00f1a (ACE)\u201d, con el n\u00b0 3.218.<\/p>\n<p style=\"text-align: justify;\">Desde 2012 noticia algunas cr\u00f3nicas de eventos realizados por el Ateneo Blasco Ib\u00e1\u00f1ez de Valencia y forma parte de su Movimiento de Escritores Pro-Derechos Humanos.<\/p>\n<p style=\"text-align: justify;\">El 22 de junio de 2013, fue nombrado miembro Acad\u00e9mico por la Academia Internacional de las Ciencias, Tecnolog\u00eda, Educaci\u00f3n y Humanidades (AICTEH). La ceremonia de Investidura y Reconocimientos tuvo lugar en el Centro Cultural Rey Juan Carlos I de Valencia (Espa\u00f1a), acredit\u00e1ndolo como Acad\u00e9mico Correspondiente.<\/p>\n<p style=\"text-align: justify;\">En mayo de 2020 se acuerda la publicaci\u00f3n de tres art\u00edculos mensuales y su ilustraci\u00f3n en el \u00abPeri\u00f3dico Granada Costa\u00bb bajo la cabecera A TODA COSTA. Este peri\u00f3dico y entidad cultural nacional, le propone como \u201cPremio Period\u00edstico 2021\u201d y por unanimidad se le nombra como tal, en noviembre de este mismo a\u00f1o.<\/p>\n<p style=\"text-align: justify;\">La entrega de las credenciales culmina el 2 de abril de 2022, con un evento en el \u201cPalacio de la Prensa de Madrid\u201d.<\/p>\n<p style=\"text-align: justify;\">Creador e ilustrador del personaje\u00a0<strong>PICH\u00cdN<\/strong>\u00a0<em>\u00abEl tomate parlanch\u00edn\u00bb<\/em>\u00a0para la revista Terralia de la editorial Ediciones Agrot\u00e9cnicas S.L. de Madrid (Espa\u00f1a).<\/p>\n<p style=\"text-align: justify;\">Recientemente se retoma el personaje (registrado a nombre del autor en la oficina de patentes y marcas con el n\u00ba 2.913.457), para ofrecerles novedosas y trepidantes aventuras, que edita, Granada Club Selecci\u00f3n, y que ahora le ofrecemos en este libro que est\u00e1 leyendo en absoluta primicia.<\/p>\n<p>&nbsp;<\/p>\n<h3 style=\"text-align: center;\"><strong>De cuando un tomate pes\u00f3 120 kilos<\/strong><\/h3>\n<p>&nbsp;<\/p>\n<p style=\"text-align: justify;\">Los rayos de sol iluminaban un inmenso valle de ins\u00f3lita belleza. Desde lejos se divisaba, fundida en un cielo rojizo, una columna de espeso y verde humo que proven\u00eda de una caba\u00f1a construida con piedras irregulares perfectamente encajadas unas sobre otras.<\/p>\n<p style=\"text-align: justify;\">Pich\u00edn no sab\u00eda muy bien d\u00f3nde se encontraba, solo pod\u00eda recordar que cuando abrieron la caja en el mercado, donde \u00e9l permanec\u00eda junto a otros tomates, pudo salir sin que nadie lo advirtiera y deslizarse sigilosamente por una calle de tierra oscura hasta llegar al valle que ahora contemplaba.<\/p>\n<p style=\"text-align: justify;\">Todo en su derredor le parec\u00eda extra\u00f1o y bello al mismo tiempo, por lo que decidi\u00f3 dirigirse a la caba\u00f1a, donde quiz\u00e1 podr\u00eda encontrar respuesta a su duda, sobre la facultad que ten\u00eda de entender y hablar como los seres humanos.<\/p>\n<p style=\"text-align: justify;\">Llam\u00f3 con dos golpes secos.<\/p>\n<p style=\"text-align: justify;\"><em>\u00a1Voy! Enseguida te abro, Pich\u00edn.<\/em><\/p>\n<p style=\"text-align: justify;\">Nuestro amigo qued\u00f3 perplejo. \u00bfC\u00f3mo conoc\u00eda su nombre aquella persona de dulce voz?<\/p>\n<p style=\"text-align: justify;\">Una esbelta y elegante mujer de edad imprecisa y dorada cabellera le franque\u00f3 la entrada invit\u00e1ndole a pasar<\/p>\n<p style=\"text-align: justify;\">\n<p style=\"text-align: justify;\"><em>Entra, no temas, s\u00e9 tu nombre desde hace mucho tiempo. Tambi\u00e9n que esta primavera vendr\u00edas por este bosque ancestral. Soy Nerea; yo he provocado el humo verde con polvo de esmeralda para encaminarte hasta aqu\u00ed.<\/em><\/p>\n<p style=\"text-align: justify;\">Tras presentarse rode\u00f3 una gran mesa de m\u00e1rmol blanco donde reposaba un abultado y vetusto libro con hojas de pergamino y tapas de gastado cuero, luego le hizo una se\u00f1al invit\u00e1ndole a sentarse frente a ella.<\/p>\n<p style=\"text-align: justify;\">Manojos de le\u00f1a seca crepitaban al arder en la amplia chimenea. Un animal extra\u00f1o, mezcla de leopardo y carnero, se situ\u00f3 a su lado y con ojos vigilantes se tumb\u00f3 delante de un mont\u00f3n de libros similares al que descansaba en la mesa.<\/p>\n<p style=\"text-align: justify;\"><em>Debes saber, Pich\u00edn, que nosotras las Nereidas somos deidades de los bosques, protectoras de los animales y de las plantas. Tenemos el encargo del sumo preceptor \u201cSe\u00f1or del tiempo\u201d de guardar los secretos de miles, millones de a\u00f1os, desde el inicio de la tierra. Nuestro maestro nos concede el don de regenerar nuestro aspecto cada 30 a\u00f1os y siempre permanecemos bellas y dotadas de una inteligencia superior.\u00a0<\/em>-Nerea continu\u00f3.<\/p>\n<p style=\"text-align: justify;\"><em>He sido elegida para revelarte de d\u00f3nde vienes y porqu\u00e9 puedes hablar como los humanos. Eres heredero, en tus simientes, de una gen\u00e9tica que recibiste de tus antepasados.<\/em><\/p>\n<p style=\"text-align: justify;\">Pich\u00edn permanec\u00eda callado y expectante en todo momento.<\/p>\n<p style=\"text-align: justify;\"><em>En la era que los humanos denominan como de los dinosaurios, los tomates ya exist\u00edais, solo que erais sistem\u00e1ticamente devorados por los animales que poblaban el globo terr\u00e1queo.<\/em><\/p>\n<p style=\"text-align: justify;\"><em>Un d\u00eda creci\u00f3 un tomate de grandes proporciones con un peso superior a los 120 kilos, que pod\u00eda hablar y al que los dinosaurios miraban curiosos, pero no agred\u00edan, en su interior guardaba infinidad de semillas que ten\u00edan el don del entendimiento y la palabra, de una de ellas provienes t\u00fa.<\/em><\/p>\n<p style=\"text-align: justify;\"><em>Conociendo esta historia, que en los libros \u201cescrita est\u00e1\u201d, debes seguir viajando para encontrar el talism\u00e1n que aumentar\u00e1 tus poderes, con el fin de hacer el bien a quien lo necesite.<\/em><\/p>\n<p style=\"text-align: justify;\">\n<p style=\"text-align: center;\">*******<\/p>\n","protected":false},"excerpt":{"rendered":"<p>Para\u00a0adquirir el libro: PINCHE AQU\u00cd &nbsp; Francisco Ponce Carrasco Valenciano de nacimiento y residencia. Formado como Gerente, M\u00e1ster en T\u00e9cnicas&hellip;<\/p>\n","protected":false},"author":3,"featured_media":31543,"comment_status":"open","ping_status":"open","sticky":false,"template":"","format":"standard","meta":{"om_disable_all_campaigns":false,"_mi_skip_tracking":false,"_monsterinsights_sitenote_active":false,"_monsterinsights_sitenote_note":"","_monsterinsights_sitenote_category":0,"footnotes":""},"categories":[21],"tags":[],"aioseo_notices":[],"_links":{"self":[{"href":"https:\/\/granadacostaglobal.es\/index.php?rest_route=\/wp\/v2\/posts\/31541"}],"collection":[{"href":"https:\/\/granadacostaglobal.es\/index.php?rest_route=\/wp\/v2\/posts"}],"about":[{"href":"https:\/\/granadacostaglobal.es\/index.php?rest_route=\/wp\/v2\/types\/post"}],"author":[{"embeddable":true,"href":"https:\/\/granadacostaglobal.es\/index.php?rest_route=\/wp\/v2\/users\/3"}],"replies":[{"embeddable":true,"href":"https:\/\/granadacostaglobal.es\/index.php?rest_route=%2Fwp%2Fv2%2Fcomments&post=31541"}],"version-history":[{"count":0,"href":"https:\/\/granadacostaglobal.es\/index.php?rest_route=\/wp\/v2\/posts\/31541\/revisions"}],"wp:featuredmedia":[{"embeddable":true,"href":"https:\/\/granadacostaglobal.es\/index.php?rest_route=\/"}],"wp:attachment":[{"href":"https:\/\/granadacostaglobal.es\/index.php?rest_route=%2Fwp%2Fv2%2Fmedia&parent=31541"}],"wp:term":[{"taxonomy":"category","embeddable":true,"href":"https:\/\/granadacostaglobal.es\/index.php?rest_route=%2Fwp%2Fv2%2Fcategories&post=31541"},{"taxonomy":"post_tag","embeddable":true,"href":"https:\/\/granadacostaglobal.es\/index.php?rest_route=%2Fwp%2Fv2%2Ftags&post=31541"}],"curies":[{"name":"wp","href":"https:\/\/api.w.org\/{rel}","templated":true}]}}