{"id":31433,"date":"2022-03-09T13:48:28","date_gmt":"2022-03-09T12:48:28","guid":{"rendered":"http:\/\/granadacostanacional.es\/?p=31433"},"modified":"2022-03-09T13:48:28","modified_gmt":"2022-03-09T12:48:28","slug":"eros-recio-doble-medalla-de-oro-de-ballet","status":"publish","type":"post","link":"https:\/\/granadacostaglobal.es\/?p=31433","title":{"rendered":"EROS RECIO DOBLE MEDALLA DE ORO DE BALLET"},"content":{"rendered":"<p style=\"text-align: justify;\">Eros Recio, el joven bailar\u00edn con S\u00edndrome de Down, ha conseguido doble medalla de Oro en el Concurso de Danza \u201cVaslav Nijinsky\u201d que se celebra cada a\u00f1o en la Ciudad de Huesca bajo la iniciativa de la Academia Danc\u00edstica de Susana Ara y el Joven Ballet de los Pirineos. Se trata de una competici\u00f3n internacional a donde acuden profesionales de la danza de todo el mundo y cuyo jurado est\u00e1 igualmente compuesto por profesionales de varios pa\u00edses. Este a\u00f1o los jurados fueron Williams Castro, Tamara L\u00f3pez, Sara Lor\u00e9s, Alessandro Riga, Virginia Valero, Jos\u00e9 Antonio Checa, Mario Glez, Vittorio Mascia, Fidel Buika, Ivana Salda\u00f1a y Mariana Palacios.<\/p>\n<p style=\"text-align: justify;\">Eros triunf\u00f3 con su versi\u00f3n de \u201cEl Espectro de la Rosa\u201d en un fragmento que \u00e9l retitul\u00f3 como \u201cLa Rosa de Jaca\u201d y le dedic\u00f3 a la \u201cinfluencer\u201d Gegorgina Rodr\u00edguez que ahora triunfa como protagonista de su propia serie de \u201cNetflix\u201d. Todo se le ocurri\u00f3 porque la joven empresaria esposa del futbolista Cristiano Ronaldo vivi\u00f3 toda su infancia en Jaca y, precisamente, fue alumna de la academia de la Maestra Susana Ara. En el episodio correspondiente de su programa televisivo, Georgina explicaba su vocaci\u00f3n de ser bailarina, que hab\u00eda desarrollado en este importante centro al pie de los Pirineos, antes de trasladarse a Madrid. Por ello, Eros sustituy\u00f3 la tradicional rosa que se utiliza en la coreograf\u00eda cl\u00e1sica de los ballets rusos de Diaguilev por una rosa con cara humana que representaba a la jacetana Georgina, imagen del triunfo y del glamour en estos momentos.<\/p>\n<p style=\"text-align: justify;\"><a href=\"http:\/\/granadacostanacional.es\/wp-content\/uploads\/2022\/03\/IMG_4022.jpg\"><img decoding=\"async\" loading=\"lazy\" class=\"aligncenter size-large wp-image-31434\" src=\"http:\/\/granadacostanacional.es\/wp-content\/uploads\/2022\/03\/IMG_4022-768x1024.jpg\" alt=\"IMG_4022\" width=\"768\" height=\"1024\" \/><\/a><\/p>\n<p style=\"text-align: center;\"><strong>Eros Recio y la directora Rosa Catalatud junto a un antiguo aparato de radio donde se emit\u00edan los programas de Elena Francis.<\/strong><\/p>\n<p>Tambi\u00e9n interpret\u00f3 Eros una versi\u00f3n propia del tradicional pasodoble El beso, donde rompi\u00f3 moldes al abandonar el escenario y ejecutar sus lances flamencos a pie de escalera, entre el p\u00fablico, lo que le garantiz\u00f3 unos aplausos atronadores.<\/p>\n<p style=\"text-align: justify;\">El d\u00eda anterior de viajar a Arag\u00f3n, Eros Recio tuvo un excepcional estreno en el Teatro Carolina de Valencia. Present\u00f3 una nueva obra perfectamente imbricada en la tem\u00e1tica femenina, por ser la primera semana de marzo la dedicada internacionalmente a la Mujer. El espect\u00e1culo \u201cBailando con Elena Francis&#8221;, de hora y media de duraci\u00f3n ininterrumpida, hac\u00eda un recorrido hist\u00f3rico por la situaci\u00f3n espa\u00f1ola en el siglo XX a trav\u00e9s del famoso programa radiof\u00f3nico del consultorio Francis, donde las\u00a0 mujeres explicaban descarnadamente sus problemas personales y sociales. La direcci\u00f3n corri\u00f3 a cargo de la prestigiosa actriz Rosa Calatayud y el importe \u00edntegro que se recaud\u00f3 ha sido donado a la Fundaci\u00f3n \u201cJuntos por la Vida\u201d que en estos momentos est\u00e1 trayendo desde Ucrania a las madres v\u00edctimas del conflicto b\u00e9lico con sus hijos.<\/p>\n<p style=\"text-align: justify;\"><a href=\"http:\/\/granadacostanacional.es\/wp-content\/uploads\/2022\/03\/IMG_4191.jpg\"><img decoding=\"async\" loading=\"lazy\" class=\"aligncenter size-large wp-image-31435\" src=\"http:\/\/granadacostanacional.es\/wp-content\/uploads\/2022\/03\/IMG_4191-1024x768.jpg\" alt=\"IMG_4191\" width=\"1024\" height=\"768\" \/><\/a><\/p>\n<p style=\"text-align: center;\"><strong>Eros Recio con su creaci\u00f3n \u201cLa Rosa de Jaca\u201d dedicada a la \u201cinfluencer\u201d Georgina Rodr\u00edguez.<\/strong><\/p>\n<p>El compromiso p\u00fablico con los temas de actualidad qued\u00f3 claro en estas primeras actividades art\u00edsticas de Eros Recio durante el a\u00f1o 2022, quien es \u201cPremio Carlomagno de la Juventud\u201d del Parlamento Europeo del a\u00f1o 2021. Las nuevas medallas de Oro que figuran en su lugar de trofeos son el aval de una pasi\u00f3n y una vocaci\u00f3n que simboliza el esfuerzo y la superaci\u00f3n de las personas con discapacidad en la sociedad moderna.<\/p>\n<p>&nbsp;<\/p>\n<p>&nbsp;<\/p>\n<p style=\"text-align: right;\"><strong><a href=\"http:\/\/granadacostanacional.es\/wp-content\/uploads\/2020\/09\/Carmen-carrasco-r.jpg\"><img decoding=\"async\" loading=\"lazy\" class=\"aligncenter size-thumbnail wp-image-25356\" src=\"http:\/\/granadacostanacional.es\/wp-content\/uploads\/2020\/09\/Carmen-carrasco-r-150x150.jpg\" alt=\"Carmen carrasco r\" width=\"150\" height=\"150\" \/><\/a>Carmen Carrasco<\/strong><\/p>\n","protected":false},"excerpt":{"rendered":"<p>Eros Recio, el joven bailar\u00edn con S\u00edndrome de Down, ha conseguido doble medalla de Oro en el Concurso de Danza&hellip;<\/p>\n","protected":false},"author":3,"featured_media":31435,"comment_status":"open","ping_status":"open","sticky":false,"template":"","format":"standard","meta":{"om_disable_all_campaigns":false,"_mi_skip_tracking":false,"_monsterinsights_sitenote_active":false,"_monsterinsights_sitenote_note":"","_monsterinsights_sitenote_category":0,"footnotes":""},"categories":[21],"tags":[],"aioseo_notices":[],"_links":{"self":[{"href":"https:\/\/granadacostaglobal.es\/index.php?rest_route=\/wp\/v2\/posts\/31433"}],"collection":[{"href":"https:\/\/granadacostaglobal.es\/index.php?rest_route=\/wp\/v2\/posts"}],"about":[{"href":"https:\/\/granadacostaglobal.es\/index.php?rest_route=\/wp\/v2\/types\/post"}],"author":[{"embeddable":true,"href":"https:\/\/granadacostaglobal.es\/index.php?rest_route=\/wp\/v2\/users\/3"}],"replies":[{"embeddable":true,"href":"https:\/\/granadacostaglobal.es\/index.php?rest_route=%2Fwp%2Fv2%2Fcomments&post=31433"}],"version-history":[{"count":0,"href":"https:\/\/granadacostaglobal.es\/index.php?rest_route=\/wp\/v2\/posts\/31433\/revisions"}],"wp:featuredmedia":[{"embeddable":true,"href":"https:\/\/granadacostaglobal.es\/index.php?rest_route=\/"}],"wp:attachment":[{"href":"https:\/\/granadacostaglobal.es\/index.php?rest_route=%2Fwp%2Fv2%2Fmedia&parent=31433"}],"wp:term":[{"taxonomy":"category","embeddable":true,"href":"https:\/\/granadacostaglobal.es\/index.php?rest_route=%2Fwp%2Fv2%2Fcategories&post=31433"},{"taxonomy":"post_tag","embeddable":true,"href":"https:\/\/granadacostaglobal.es\/index.php?rest_route=%2Fwp%2Fv2%2Ftags&post=31433"}],"curies":[{"name":"wp","href":"https:\/\/api.w.org\/{rel}","templated":true}]}}